{"id":369723,"date":"2020-04-27T18:14:07","date_gmt":"2020-04-27T16:14:07","guid":{"rendered":"https:\/\/hashtag.al\/?p=369723"},"modified":"2020-04-27T18:14:07","modified_gmt":"2020-04-27T16:14:07","slug":"gjenden-te-vrare-dy-persona-ne-lezhe-dolen-bashke-por-su-kthyen-me","status":"publish","type":"post","link":"https:\/\/www.hashtag.al\/index.php\/2020\/04\/27\/gjenden-te-vrare-dy-persona-ne-lezhe-dolen-bashke-por-su-kthyen-me\/","title":{"rendered":"Gjenden t\u00eb vrar\u00eb dy persona n\u00eb Lezh\u00eb, dol\u00ebn bashk\u00eb por s&#8217;u kthyen m\u00eb","gt_translate_keys":[{"key":"rendered","format":"text"}]},"content":{"rendered":"<p><img loading=\"lazy\" decoding=\"async\" class=\"aligncenter size-full wp-image-369724\" src=\"https:\/\/hashtag.al\/wp-content\/uploads\/2020\/04\/lezhevrasje.png\" alt=\"\" width=\"792\" height=\"436\" srcset=\"https:\/\/www.hashtag.al\/wp-content\/uploads\/2020\/04\/lezhevrasje.png 792w, https:\/\/www.hashtag.al\/wp-content\/uploads\/2020\/04\/lezhevrasje-300x165.png 300w, https:\/\/www.hashtag.al\/wp-content\/uploads\/2020\/04\/lezhevrasje-768x423.png 768w\" sizes=\"auto, (max-width: 792px) 100vw, 792px\" \/><\/p>\n<p><span style=\"color: #000000;\">Dy persona jan\u00eb vrar\u00eb me arm\u00eb zjarri n\u00eb Lezh\u00eb dit\u00ebn e sotme. Ngjarja e r\u00ebnd\u00eb ndodhi dit\u00ebn e sotme n\u00eb nj\u00eb fshat t\u00eb thell\u00eb, n\u00eb Lalm t\u00eb vjet\u00ebr.<\/span><\/p>\n<p><span style=\"color: #000000;\">Viktimat jan\u00eb identifikuar si 60-vje\u00e7ar\u00ebt Kol Murrani dhe Preng Simoni t\u00eb cil\u00ebt, sipas asaj q\u00eb njofton polica, dyshohet t\u00eb ken\u00eb humbur jet\u00ebn si pasoj\u00eb e p\u00ebrdorimit t\u00eb arm\u00ebs s\u00eb zjarrit. <\/span><\/p>\n<p><span style=\"color: #000000;\">Kol Murrani \u00ebsht\u00eb nj\u00eb rapsod i njohur n\u00eb zon\u00eb. Dy viktimat m\u00ebsohet se kishin dal\u00eb s\u00eb bashku sht\u00ebpit\u00eb e vjetra nd\u00ebrsa nuk jan\u00eb kthyer m\u00eb. <\/span><\/p>\n<p><span style=\"color: #000000;\">Ata jan\u00eb gjetur t\u00eb vdekur nga djali i nj\u00ebrit prej viktimave i cili kishte dal\u00eb ti k\u00ebrkoj\u00eb pasi ata nuk po p\u00ebrgjigjeshin n\u00eb telefon. <\/span><\/p>\n<p><span style=\"color: #000000;\">Dyshohet se ata jan\u00eb vrar\u00eb me arm\u00eb zjarri teksa po ktheheshin n\u00eb banes\u00eb nd\u00ebrsa nuk dihet ende asgj\u00eb rreth dinamik\u00ebs s\u00eb ngjarjes dhe autorit apo autor\u00ebve t\u00eb krimit t\u00eb r\u00ebnd\u00eb.<\/span><\/p>\n<p><span style=\"color: #000000;\"><strong>Njoftimi i policis\u00eb<\/strong><\/span><\/p>\n<p><span style=\"color: #000000;\"><em>N\u00eb af\u00ebrsi t\u00eb fshatit Lalm i Vjet\u00ebr, Lezh\u00eb, n\u00eb nj\u00eb kod\u00ebr, jan\u00eb gjetur t\u00eb pajet\u00eb, shtetasit P. S. dhe K. M., rreth 60 vje\u00e7, t\u00eb cil\u00ebt dyshohen se mund t\u00eb ken\u00eb humbur jet\u00ebn si pasoj\u00eb e p\u00ebrdorimit t\u00eb arm\u00ebs s\u00eb zjarrit.<\/em><\/span><\/p>\n<p><span style=\"color: #000000;\"><em>Sh\u00ebrbimet e Policis\u00eb kan\u00eb shoq\u00ebruar disa persona q\u00eb mund t\u00eb ken\u00eb dijeni lidhur me ngjarjen. Grupi hetimor ndodhet n\u00eb vendngjarje dhe n\u00ebn drejtimin e Prokuroris\u00eb po vijon pun\u00ebn p\u00ebr t\u00eb p\u00ebrcaktuar shkakun e rrethanat e ngjarjes<\/em>.<\/span><\/p>\n","protected":false,"gt_translate_keys":[{"key":"rendered","format":"html"}]},"excerpt":{"rendered":"<p>Dy persona jan\u00eb vrar\u00eb me arm\u00eb zjarri n\u00eb Lezh\u00eb dit\u00ebn e sotme. Ngjarja e r\u00ebnd\u00eb ndodhi dit\u00ebn e sotme n\u00eb nj\u00eb fshat t\u00eb thell\u00eb, n\u00eb Lalm t\u00eb vjet\u00ebr. Viktimat jan\u00eb identifikuar si 60-vje\u00e7ar\u00ebt Kol Murrani dhe Preng Simoni t\u00eb cil\u00ebt, sipas asaj q\u00eb njofton polica, dyshohet t\u00eb ken\u00eb humbur jet\u00ebn si pasoj\u00eb e p\u00ebrdorimit t\u00eb [&hellip;]<\/p>\n","protected":false,"gt_translate_keys":[{"key":"rendered","format":"html"}]},"author":51,"featured_media":369724,"comment_status":"open","ping_status":"open","sticky":false,"template":"","format":"standard","meta":{"footnotes":""},"categories":[65,13],"tags":[],"class_list":["post-369723","post","type-post","status-publish","format-standard","has-post-thumbnail","hentry","category-lajme","category-te-fundit"],"gt_translate_keys":[{"key":"link","format":"url"}],"_links":{"self":[{"href":"https:\/\/www.hashtag.al\/index.php\/wp-json\/wp\/v2\/posts\/369723","targetHints":{"allow":["GET"]}}],"collection":[{"href":"https:\/\/www.hashtag.al\/index.php\/wp-json\/wp\/v2\/posts"}],"about":[{"href":"https:\/\/www.hashtag.al\/index.php\/wp-json\/wp\/v2\/types\/post"}],"author":[{"embeddable":true,"href":"https:\/\/www.hashtag.al\/index.php\/wp-json\/wp\/v2\/users\/51"}],"replies":[{"embeddable":true,"href":"https:\/\/www.hashtag.al\/index.php\/wp-json\/wp\/v2\/comments?post=369723"}],"version-history":[{"count":0,"href":"https:\/\/www.hashtag.al\/index.php\/wp-json\/wp\/v2\/posts\/369723\/revisions"}],"wp:featuredmedia":[{"embeddable":true,"href":"https:\/\/www.hashtag.al\/index.php\/wp-json\/wp\/v2\/media\/369724"}],"wp:attachment":[{"href":"https:\/\/www.hashtag.al\/index.php\/wp-json\/wp\/v2\/media?parent=369723"}],"wp:term":[{"taxonomy":"category","embeddable":true,"href":"https:\/\/www.hashtag.al\/index.php\/wp-json\/wp\/v2\/categories?post=369723"},{"taxonomy":"post_tag","embeddable":true,"href":"https:\/\/www.hashtag.al\/index.php\/wp-json\/wp\/v2\/tags?post=369723"}],"curies":[{"name":"wp","href":"https:\/\/api.w.org\/{rel}","templated":true}]}}