{"id":369423,"date":"2020-04-26T12:17:13","date_gmt":"2020-04-26T10:17:13","guid":{"rendered":"https:\/\/hashtag.al\/?p=369423"},"modified":"2020-04-26T12:17:13","modified_gmt":"2020-04-26T10:17:13","slug":"dy-pogradecaret-thyen-masen-e-sigurise-per-tu-zene-njeri-arrestohet-dhe-tjetri-ne-kerkim","status":"publish","type":"post","link":"https:\/\/www.hashtag.al\/index.php\/2020\/04\/26\/dy-pogradecaret-thyen-masen-e-sigurise-per-tu-zene-njeri-arrestohet-dhe-tjetri-ne-kerkim\/","title":{"rendered":"Dy pogradecar\u00ebt thyen mas\u00ebn e siguris\u00eb p\u00ebr t&#8217;u z\u00ebn\u00eb, nj\u00ebri arrestohet dhe tjetri n\u00eb k\u00ebrkim","gt_translate_keys":[{"key":"rendered","format":"text"}]},"content":{"rendered":"<p><a href=\"https:\/\/hashtag.al\/wp-content\/uploads\/2020\/04\/Tushemishti.jpg\"><img loading=\"lazy\" decoding=\"async\" class=\"aligncenter size-full wp-image-369424\" src=\"https:\/\/hashtag.al\/wp-content\/uploads\/2020\/04\/Tushemishti.jpg\" alt=\"\" width=\"960\" height=\"960\" srcset=\"https:\/\/www.hashtag.al\/wp-content\/uploads\/2020\/04\/Tushemishti.jpg 960w, https:\/\/www.hashtag.al\/wp-content\/uploads\/2020\/04\/Tushemishti-150x150.jpg 150w, https:\/\/www.hashtag.al\/wp-content\/uploads\/2020\/04\/Tushemishti-300x300.jpg 300w, https:\/\/www.hashtag.al\/wp-content\/uploads\/2020\/04\/Tushemishti-768x768.jpg 768w, https:\/\/www.hashtag.al\/wp-content\/uploads\/2020\/04\/Tushemishti-120x120.jpg 120w\" sizes=\"auto, (max-width: 960px) 100vw, 960px\" \/><\/a><\/p>\n<p><span style=\"color: #000000;\">Nj\u00eb person \u00ebsht\u00eb arrestuar dhe nj\u00eb tjet\u00ebr \u00ebsht\u00eb shpallur n\u00eb k\u00ebrkim n\u00eb Pogradec, pasi thyen mas\u00ebn e siguris\u00eb dhe u konfliktuan me nj\u00ebri-tjetrin.<\/span><\/p>\n<p><span style=\"color: #000000;\">Si\u00e7 thot\u00eb policia, shtetasit me inicialet A. P., dhe J. P., kishin thyer t\u00eb dy mas\u00ebn e siguris\u00eb &#8220;Arrest n\u00eb sht\u00ebpi&#8221; pasi po konfliktoheshin me nj\u00ebri-tjetrin dhe se nj\u00ebri prej tyre dyshohej se posedonte arm\u00eb zjarri dhe drog\u00eb.<\/span><\/p>\n<p><span style=\"color: #000000;\">Gjat\u00eb kontrollit t\u00eb banes\u00ebs t\u00eb 38-vje\u00e7arit n\u00eb fshatin Tushemisht, policia ka arrestuar n\u00eb flagranc\u00eb kush\u00ebririn e tij t\u00eb mitur me inicialet A.P.. 15-vje\u00e7ari dyshohet se kishte marr\u00eb urdh\u00ebr nga kush\u00ebriri n\u00eb k\u00ebrkim p\u00ebr t\u2019i larguar nga banesa nj\u00eb arm\u00eb zjarri dhe nj\u00eb sasi kokaine q\u00eb mbante fshehur.\u00a0<\/span><\/p>\n<p><strong><span style=\"color: #000000;\">DETAJET E POLICIS\u00cb<\/span><\/strong><\/p>\n<p><span style=\"color: #000000;\">Finalizohet me sukses operacioni policor i koduar &#8220;Tushemishti&#8221;.<\/span><\/p>\n<p><span style=\"color: #000000;\">Thyen mas\u00ebn e siguris\u00eb dhe u konfliktuan me nj\u00ebri-tjetrin, nj\u00ebri arrestohet, tjetri shpallet n\u00eb k\u00ebrkim.<\/span><\/p>\n<p><span style=\"color: #000000;\">Vihet n\u00eb pranga edhe nj\u00eb 15-vje\u00e7ar, i cili tentoi t\u00eb largonte nga banesa e personit t\u00eb shpallur n\u00eb k\u00ebrkim nj\u00eb arm\u00eb zjarri pistolet\u00eb dhe l\u00ebnd\u00eb t\u00eb dyshuar narkotike kokain\u00eb.<\/span><\/p>\n<p><span style=\"color: #000000;\">Sh\u00ebrbimet e Komisariatit t\u00eb Policis\u00eb Pogradec, n\u00eb baz\u00eb t\u00eb informacioneve t\u00eb siguruara n\u00eb rrug\u00eb policore, n\u00eb bashk\u00ebpunim me Forcat e Posa\u00e7me Operacionale n\u00eb DVP Kor\u00e7\u00eb, se shtetasit A. P., dhe J. P., kishin thyer t\u00eb dy mas\u00ebn e siguris\u00eb &#8220;Arrest n\u00eb sht\u00ebpi&#8221; pasi po konfliktoheshin me nj\u00ebri-tjetrin dhe se nj\u00ebri prej tyre dyshohej se posedonte arm\u00eb zjarri dhe drog\u00eb, kan\u00eb organizuar dhe finalizuar operacionin policor t\u00eb koduar &#8220;Tushemishti&#8221;, n\u00eb kuad\u00ebr t\u00eb t\u00eb cilit u b\u00eb kapja dhe arrestimi n\u00eb flagranc\u00eb i shtetasve:<\/span><\/p>\n<ul>\n<li><span style=\"color: #000000;\">J. P., 26 vje\u00e7, banues n\u00eb fshatin Bu\u00e7imas, Pogradec.<\/span><\/li>\n<li><span style=\"color: #000000;\">A. P., 15 vje\u00e7, banues n\u00eb Pogradec.<\/span><\/li>\n<\/ul>\n<p><span style=\"color: #000000;\">Si edhe u shpall n\u00eb k\u00ebrkim:<\/span><\/p>\n<ul>\n<li><span style=\"color: #000000;\">A. P., 38 vje\u00e7, banues n\u00eb Tushemisht, i cili mundi t\u00eb largohej n\u00eb momentin e nd\u00ebrhyrjes s\u00eb Policis\u00eb.<\/span><\/li>\n<\/ul>\n<p><span style=\"color: #000000;\">Gjat\u00eb kontrollit t\u00eb banes\u00ebs t\u00eb 38-vje\u00e7arit n\u00eb fshatin Tushemisht, Policia ka kapur n\u00eb flagranc\u00eb kush\u00ebririn e tij t\u00eb mitur A.P., i cili ishte urdh\u00ebruar nga shtetasi i shpallur n\u00eb k\u00ebrkim, p\u00ebr t&#8217;i larguar nga banesa nj\u00eb arm\u00eb zjarri tip pistolet\u00eb me municion dhe nj\u00eb sasi prej 47 gr. l\u00ebnd\u00eb t\u00eb dyshuar narkotike kokain\u00eb, t\u00eb cilat iu sekuestruan n\u00eb cil\u00ebsin\u00eb e prov\u00ebs materiale.<\/span><\/p>\n<p><span style=\"color: #000000;\">Vijon puna p\u00ebr kapjen e 38-vje\u00e7arit, A. P.<\/span><\/p>\n<p><span style=\"color: #000000;\">Materialet n\u00eb ngarkim t\u00eb tyre i kaluan Prokuroris\u00eb s\u00eb Rrethit Gjyq\u00ebsor Pogradec p\u00ebr veprat penale &#8220;Prodhimi dhe shitja e narkotik\u00ebve&#8221;; &#8220;Mbajtja pa leje dhe prodhimi i arm\u00ebve dhe i municionit&#8221;; &#8220;Largimi i t\u00eb burgosurit nga vendi i q\u00ebndrimit&#8221; dhe &#8220;Kanosja&#8221;.<\/span><\/p>\n","protected":false,"gt_translate_keys":[{"key":"rendered","format":"html"}]},"excerpt":{"rendered":"<p>Nj\u00eb person \u00ebsht\u00eb arrestuar dhe nj\u00eb tjet\u00ebr \u00ebsht\u00eb shpallur n\u00eb k\u00ebrkim n\u00eb Pogradec, pasi thyen mas\u00ebn e siguris\u00eb dhe u konfliktuan me nj\u00ebri-tjetrin. Si\u00e7 thot\u00eb policia, shtetasit me inicialet A. P., dhe J. P., kishin thyer t\u00eb dy mas\u00ebn e siguris\u00eb &#8220;Arrest n\u00eb sht\u00ebpi&#8221; pasi po konfliktoheshin me nj\u00ebri-tjetrin dhe se nj\u00ebri prej tyre dyshohej [&hellip;]<\/p>\n","protected":false,"gt_translate_keys":[{"key":"rendered","format":"html"}]},"author":30,"featured_media":369424,"comment_status":"open","ping_status":"open","sticky":false,"template":"","format":"standard","meta":{"footnotes":""},"categories":[65,13],"tags":[],"class_list":["post-369423","post","type-post","status-publish","format-standard","has-post-thumbnail","hentry","category-lajme","category-te-fundit"],"gt_translate_keys":[{"key":"link","format":"url"}],"_links":{"self":[{"href":"https:\/\/www.hashtag.al\/index.php\/wp-json\/wp\/v2\/posts\/369423","targetHints":{"allow":["GET"]}}],"collection":[{"href":"https:\/\/www.hashtag.al\/index.php\/wp-json\/wp\/v2\/posts"}],"about":[{"href":"https:\/\/www.hashtag.al\/index.php\/wp-json\/wp\/v2\/types\/post"}],"author":[{"embeddable":true,"href":"https:\/\/www.hashtag.al\/index.php\/wp-json\/wp\/v2\/users\/30"}],"replies":[{"embeddable":true,"href":"https:\/\/www.hashtag.al\/index.php\/wp-json\/wp\/v2\/comments?post=369423"}],"version-history":[{"count":0,"href":"https:\/\/www.hashtag.al\/index.php\/wp-json\/wp\/v2\/posts\/369423\/revisions"}],"wp:featuredmedia":[{"embeddable":true,"href":"https:\/\/www.hashtag.al\/index.php\/wp-json\/wp\/v2\/media\/369424"}],"wp:attachment":[{"href":"https:\/\/www.hashtag.al\/index.php\/wp-json\/wp\/v2\/media?parent=369423"}],"wp:term":[{"taxonomy":"category","embeddable":true,"href":"https:\/\/www.hashtag.al\/index.php\/wp-json\/wp\/v2\/categories?post=369423"},{"taxonomy":"post_tag","embeddable":true,"href":"https:\/\/www.hashtag.al\/index.php\/wp-json\/wp\/v2\/tags?post=369423"}],"curies":[{"name":"wp","href":"https:\/\/api.w.org\/{rel}","templated":true}]}}