{"id":369358,"date":"2020-04-26T09:19:13","date_gmt":"2020-04-26T07:19:13","guid":{"rendered":"https:\/\/hashtag.al\/?p=369358"},"modified":"2020-04-26T09:26:31","modified_gmt":"2020-04-26T07:26:31","slug":"kronika-e-tv-kukesit-te-shkul-gazit-me-propagande-si-ne-korene-e-veriut","status":"publish","type":"post","link":"https:\/\/www.hashtag.al\/index.php\/2020\/04\/26\/kronika-e-tv-kukesit-te-shkul-gazit-me-propagande-si-ne-korene-e-veriut\/","title":{"rendered":"Kronika e TV Kuk\u00ebsit t\u00eb shkul gazit me propagand\u00eb si n\u00eb Koren\u00eb e Veriut","gt_translate_keys":[{"key":"rendered","format":"text"}]},"content":{"rendered":"<p><span style=\"color: #000000;\"><a style=\"color: #000000;\" href=\"https:\/\/hashtag.al\/wp-content\/uploads\/2020\/04\/Rama-1.jpg\"><img loading=\"lazy\" decoding=\"async\" class=\"aligncenter size-full wp-image-369359\" src=\"https:\/\/hashtag.al\/wp-content\/uploads\/2020\/04\/Rama-1.jpg\" alt=\"\" width=\"540\" height=\"398\" srcset=\"https:\/\/www.hashtag.al\/wp-content\/uploads\/2020\/04\/Rama-1.jpg 540w, https:\/\/www.hashtag.al\/wp-content\/uploads\/2020\/04\/Rama-1-300x221.jpg 300w\" sizes=\"auto, (max-width: 540px) 100vw, 540px\" \/><\/a><\/span><\/p>\n<p><span style=\"color: #000000;\"><em>\u201cPandemia e koronavirusit ka prekur dhe Shqip\u00ebrin\u00eb, por fal\u00eb masave t\u00eb shpejta t\u00eb marra nga qeveria dhe angazhimit personal (ky \u00ebsht\u00eb nj\u00eb fakt q\u00eb askush nuk e mohon dhe merret si shembull nga t\u00eb gjith\u00eb nd\u00ebrkomb\u00ebtar\u00ebt, efektet e d\u00ebmeve jan\u00eb m\u00eb t\u00eb ul\u00ebta se n\u00eb periudhat e zakonshme gripale, n\u00eb humbje t\u00eb jet\u00ebs njer\u00ebzore<\/em>\u201d- k\u00ebto jan\u00eb vet\u00ebm 18 sekondat e para t\u00eb nj\u00eb kronike q\u00eb zgjat m\u00eb shum\u00eb se 4 minuta t\u00eb TV Kuk\u00ebsit.<\/span><\/p>\n<p><span style=\"color: #000000;\">Kjo video ka disa dit\u00eb q\u00eb po qarkullon dhe n\u00eb rrjet kan\u00eb plasur gallatat, e madje e krahasojn\u00eb k\u00ebt\u00eb kronik\u00eb me ato t\u00eb Kores\u00eb s\u00eb Veriut, apo se p\u00ebr propagand\u00eb si kjo e k\u00ebtij televizioni lokal mund t\u00eb ken\u00eb nevoj\u00eb p\u00ebr disa leksione edhe gazetar\u00ebt n\u00eb Koren\u00eb e Veriut.<\/span><\/p>\n<p><span style=\"color: #000000;\">N\u00ebse vazhdoni ndiqni m\u00eb shum\u00eb kronik\u00ebn, nuk do gjeni dot se ku \u00ebsht\u00eb lajmi n\u00eb artikull. Gazetarja thot\u00eb se masa si k\u00ebto t\u00eb marra nga kryeministri Rama s\u2019i ka marr\u00eb asnj\u00eb vend tjet\u00ebr. Thot\u00eb se askush p\u00ebrve\u00e7 kryeministrit, nuk do m\u00eb shum\u00eb q\u00eb t\u00eb hapet Shqip\u00ebria.<\/span><\/p>\n<p><span style=\"color: #000000;\"><em>\u00a0\u201cKund\u00ebr k\u00ebtyre masave vajtojn\u00eb duke \u00e7jerr\u00eb syt\u00eb vet\u00ebm ziliqar\u00ebt, hajdut\u00ebt, dashakeq\u00ebsit, kriminel\u00ebt, frekuentuesit e pabeve, pijanec\u00ebt dhe qylxhinjt\u00eb e mejhaneve dhe disa politikan\u00eb t\u00eb r\u00ebn\u00eb nga fiku.\u201d<\/em>&#8211; thot\u00eb gazetarja e cila i shpreh mir\u00ebnjohje kryeministrit q\u00eb ka bashkuar shqiptar\u00ebt nga veriu n\u00eb jug dhe po fiton luft\u00ebn me koronavirusin. N\u00eb kronik\u00eb madje flitet me k\u00ebrsh\u00ebri dhe p\u00ebr rac\u00ebn e shqiptar\u00ebve, q\u00eb sot shihen me kultur\u00eb dinjitoze nga nd\u00ebrkomb\u00ebtar\u00ebt.<\/span><\/p>\n<p><span style=\"color: #000000;\">Kronika e TV Kuk\u00ebsit b\u00ebn parashikime t\u00eb tilla si: rritja ekonomike nuk do t\u00eb ndalet, mir\u00ebqenia nuk do t\u00eb ulet, se n\u00eb gjysm\u00ebn e dyt\u00eb t\u00eb vitit Shqip\u00ebrin\u00eb do ta p\u00ebrfshij\u00eb vrulli i pun\u00ebs, se turizmi do lul\u00ebzoj\u00eb e d\u00ebmet nga t\u00ebrmeti do rikuperohen.<\/span><\/p>\n<p><span style=\"color: #000000;\">E n\u00eb fund kronika mbyllet me parashikimin se <em>\u201cdita e fitores \u00ebsht\u00eb pran\u00eb, jo m\u00eb pak se 2-3 jav\u00eb\u201d.\/<\/em><strong>Hashtag.al<\/strong><\/span><\/p>\n<div style=\"width: 400px;\" class=\"wp-video\"><video class=\"wp-video-shortcode\" id=\"video-369358-1\" width=\"400\" height=\"300\" preload=\"metadata\" controls=\"controls\"><source type=\"video\/mp4\" src=\"https:\/\/hashtag.al\/wp-content\/uploads\/2020\/04\/94326775_1124258751262270_1056284293770248192_n.mp4?_=1\" \/><a href=\"https:\/\/hashtag.al\/wp-content\/uploads\/2020\/04\/94326775_1124258751262270_1056284293770248192_n.mp4\">https:\/\/hashtag.al\/wp-content\/uploads\/2020\/04\/94326775_1124258751262270_1056284293770248192_n.mp4<\/a><\/video><\/div>\n","protected":false,"gt_translate_keys":[{"key":"rendered","format":"html"}]},"excerpt":{"rendered":"<p>\u201cPandemia e koronavirusit ka prekur dhe Shqip\u00ebrin\u00eb, por fal\u00eb masave t\u00eb shpejta t\u00eb marra nga qeveria dhe angazhimit personal (ky \u00ebsht\u00eb nj\u00eb fakt q\u00eb askush nuk e mohon dhe merret si shembull nga t\u00eb gjith\u00eb nd\u00ebrkomb\u00ebtar\u00ebt, efektet e d\u00ebmeve jan\u00eb m\u00eb t\u00eb ul\u00ebta se n\u00eb periudhat e zakonshme gripale, n\u00eb humbje t\u00eb jet\u00ebs njer\u00ebzore\u201d- k\u00ebto [&hellip;]<\/p>\n","protected":false,"gt_translate_keys":[{"key":"rendered","format":"html"}]},"author":30,"featured_media":369359,"comment_status":"open","ping_status":"open","sticky":false,"template":"","format":"standard","meta":{"footnotes":""},"categories":[22,65,13],"tags":[],"class_list":["post-369358","post","type-post","status-publish","format-standard","has-post-thumbnail","hentry","category-ballina","category-lajme","category-te-fundit"],"gt_translate_keys":[{"key":"link","format":"url"}],"_links":{"self":[{"href":"https:\/\/www.hashtag.al\/index.php\/wp-json\/wp\/v2\/posts\/369358","targetHints":{"allow":["GET"]}}],"collection":[{"href":"https:\/\/www.hashtag.al\/index.php\/wp-json\/wp\/v2\/posts"}],"about":[{"href":"https:\/\/www.hashtag.al\/index.php\/wp-json\/wp\/v2\/types\/post"}],"author":[{"embeddable":true,"href":"https:\/\/www.hashtag.al\/index.php\/wp-json\/wp\/v2\/users\/30"}],"replies":[{"embeddable":true,"href":"https:\/\/www.hashtag.al\/index.php\/wp-json\/wp\/v2\/comments?post=369358"}],"version-history":[{"count":0,"href":"https:\/\/www.hashtag.al\/index.php\/wp-json\/wp\/v2\/posts\/369358\/revisions"}],"wp:featuredmedia":[{"embeddable":true,"href":"https:\/\/www.hashtag.al\/index.php\/wp-json\/wp\/v2\/media\/369359"}],"wp:attachment":[{"href":"https:\/\/www.hashtag.al\/index.php\/wp-json\/wp\/v2\/media?parent=369358"}],"wp:term":[{"taxonomy":"category","embeddable":true,"href":"https:\/\/www.hashtag.al\/index.php\/wp-json\/wp\/v2\/categories?post=369358"},{"taxonomy":"post_tag","embeddable":true,"href":"https:\/\/www.hashtag.al\/index.php\/wp-json\/wp\/v2\/tags?post=369358"}],"curies":[{"name":"wp","href":"https:\/\/api.w.org\/{rel}","templated":true}]}}