{"id":369335,"date":"2020-04-26T09:00:48","date_gmt":"2020-04-26T07:00:48","guid":{"rendered":"https:\/\/hashtag.al\/?p=369335"},"modified":"2020-04-25T22:31:14","modified_gmt":"2020-04-25T20:31:14","slug":"be-ja-ben-thirrje-per-nje-armepushim-humanitar-ne-libi-pas-shperthimit-te-konfliktit","status":"publish","type":"post","link":"https:\/\/www.hashtag.al\/index.php\/2020\/04\/26\/be-ja-ben-thirrje-per-nje-armepushim-humanitar-ne-libi-pas-shperthimit-te-konfliktit\/","title":{"rendered":"BE-ja b\u00ebn thirrje p\u00ebr nj\u00eb arm\u00ebpushim humanitar n\u00eb Libi pas shp\u00ebrthimit t\u00eb konfliktit","gt_translate_keys":[{"key":"rendered","format":"text"}]},"content":{"rendered":"<p><img loading=\"lazy\" decoding=\"async\" class=\"aligncenter size-full wp-image-369336\" src=\"https:\/\/hashtag.al\/wp-content\/uploads\/2020\/04\/be-borrel.png\" alt=\"\" width=\"938\" height=\"461\" srcset=\"https:\/\/www.hashtag.al\/wp-content\/uploads\/2020\/04\/be-borrel.png 938w, https:\/\/www.hashtag.al\/wp-content\/uploads\/2020\/04\/be-borrel-300x147.png 300w, https:\/\/www.hashtag.al\/wp-content\/uploads\/2020\/04\/be-borrel-768x377.png 768w\" sizes=\"auto, (max-width: 938px) 100vw, 938px\" \/><\/p>\n<p><span style=\"color: #000000;\">Ministrat e jasht\u00ebm t\u00eb Gjermanis\u00eb, Franc\u00ebs dhe Italis\u00eb dhe diplomati i lart\u00eb i BE-s\u00eb b\u00ebn\u00eb nj\u00eb thirrje t\u00eb p\u00ebrbashk\u00ebt t\u00eb shtun\u00ebn p\u00ebr nj\u00eb arm\u00ebpushim humanitar n\u00eb Libi, duke th\u00ebn\u00eb se t\u00eb gjitha pal\u00ebt duhet t\u00eb rifillojn\u00eb bisedimet e paqes.<\/span><\/p>\n<p><span style=\"color: #000000;\">&#8220;Ne duam t&#8217;i bashkojm\u00eb z\u00ebrat tan\u00eb me Sekretarin e P\u00ebrgjithsh\u00ebm t\u00eb OKB-s\u00eb (Antonio) Guterres dhe P\u00ebrfaq\u00ebsuesen Speciale t\u00eb tij t\u00eb Detyr\u00ebs p\u00ebr Libin\u00eb, Stephanie Turco Williams, n\u00eb thirrjen e tyre p\u00ebr nj\u00eb arm\u00ebpushim humanitar n\u00eb Libi&#8221;, thuhet n\u00eb deklarat\u00eb.<\/span><\/p>\n<p><span style=\"color: #000000;\">&#8220;Ne u b\u00ebjm\u00eb thirrje t\u00eb gjith\u00eb aktor\u00ebve libian\u00eb t\u00eb frym\u00ebzohen nga fryma e Ramazanit t\u00eb Shenjt\u00eb, t\u00eb angazhohen n\u00eb rifillimin e bisedimeve p\u00ebr nj\u00eb arm\u00ebpushim t\u00eb mir\u00ebfillt\u00eb&#8221;, thuhet n\u00eb deklarat\u00ebn, t\u00eb n\u00ebnshkruar nga Josep Borrell i BE-s\u00eb, Jean-Yves Le Drian t\u00eb Franc\u00ebs, italiani Luigi di Maio dhe Heiko Maas nga Gjermania.<\/span><\/p>\n<p><span style=\"color: #000000;\">Konflikti i Libis\u00eb u p\u00ebrshkall\u00ebzua ashp\u00ebr k\u00ebt\u00eb muaj, me luftime t\u00eb ashpra n\u00eb disa fronte t\u00eb ndryshme n\u00eb per\u00ebndim t\u00eb vendit, megjith\u00eb thirrjet urgjente nga OKB dhe agjencit\u00eb e ndihm\u00ebs p\u00ebr nj\u00eb arm\u00ebpushim p\u00ebr t\u00eb trajtuar kriz\u00ebn e koronavirusit.<\/span><\/p>\n<p><span style=\"color: #000000;\">Udh\u00ebheq\u00ebsit bot\u00ebror\u00eb u takuan n\u00eb Berlin n\u00eb Janar p\u00ebr t\u00eb vendosur baz\u00ebn e asaj q\u00eb shpresonin t\u00eb ishte nj\u00eb shans i ri p\u00ebr nj\u00eb proces paqeje. Por vala e re e luftimeve \u00ebsht\u00eb nxitur nga arm\u00ebt e importuara nga jasht\u00eb, tha Williams.<\/span><\/p>\n<p><span style=\"color: #000000;\">Bashkimi Evropian ka nisur nj\u00eb mision t\u00eb ri detar dhe ajror n\u00eb Mesdheun lindor p\u00ebr t\u00eb ndaluar m\u00eb shum\u00eb arm\u00eb t\u00eb arrijn\u00eb fraksione nd\u00ebrluftuese n\u00eb Libi, por nuk mund t\u00eb patrullojn\u00eb kufirin tok\u00ebsor Egjipt-Libi, p\u00ebrmes t\u00eb cilit artileria ende \u00ebsht\u00eb duke u dor\u00ebzuar.<\/span><\/p>\n<p>&nbsp;<\/p>\n","protected":false,"gt_translate_keys":[{"key":"rendered","format":"html"}]},"excerpt":{"rendered":"<p>Ministrat e jasht\u00ebm t\u00eb Gjermanis\u00eb, Franc\u00ebs dhe Italis\u00eb dhe diplomati i lart\u00eb i BE-s\u00eb b\u00ebn\u00eb nj\u00eb thirrje t\u00eb p\u00ebrbashk\u00ebt t\u00eb shtun\u00ebn p\u00ebr nj\u00eb arm\u00ebpushim humanitar n\u00eb Libi, duke th\u00ebn\u00eb se t\u00eb gjitha pal\u00ebt duhet t\u00eb rifillojn\u00eb bisedimet e paqes. &#8220;Ne duam t&#8217;i bashkojm\u00eb z\u00ebrat tan\u00eb me Sekretarin e P\u00ebrgjithsh\u00ebm t\u00eb OKB-s\u00eb (Antonio) Guterres dhe P\u00ebrfaq\u00ebsuesen [&hellip;]<\/p>\n","protected":false,"gt_translate_keys":[{"key":"rendered","format":"html"}]},"author":32,"featured_media":369336,"comment_status":"open","ping_status":"open","sticky":false,"template":"","format":"standard","meta":{"footnotes":""},"categories":[6,13],"tags":[],"class_list":["post-369335","post","type-post","status-publish","format-standard","has-post-thumbnail","hentry","category-nderkombetare","category-te-fundit"],"gt_translate_keys":[{"key":"link","format":"url"}],"_links":{"self":[{"href":"https:\/\/www.hashtag.al\/index.php\/wp-json\/wp\/v2\/posts\/369335","targetHints":{"allow":["GET"]}}],"collection":[{"href":"https:\/\/www.hashtag.al\/index.php\/wp-json\/wp\/v2\/posts"}],"about":[{"href":"https:\/\/www.hashtag.al\/index.php\/wp-json\/wp\/v2\/types\/post"}],"author":[{"embeddable":true,"href":"https:\/\/www.hashtag.al\/index.php\/wp-json\/wp\/v2\/users\/32"}],"replies":[{"embeddable":true,"href":"https:\/\/www.hashtag.al\/index.php\/wp-json\/wp\/v2\/comments?post=369335"}],"version-history":[{"count":0,"href":"https:\/\/www.hashtag.al\/index.php\/wp-json\/wp\/v2\/posts\/369335\/revisions"}],"wp:featuredmedia":[{"embeddable":true,"href":"https:\/\/www.hashtag.al\/index.php\/wp-json\/wp\/v2\/media\/369336"}],"wp:attachment":[{"href":"https:\/\/www.hashtag.al\/index.php\/wp-json\/wp\/v2\/media?parent=369335"}],"wp:term":[{"taxonomy":"category","embeddable":true,"href":"https:\/\/www.hashtag.al\/index.php\/wp-json\/wp\/v2\/categories?post=369335"},{"taxonomy":"post_tag","embeddable":true,"href":"https:\/\/www.hashtag.al\/index.php\/wp-json\/wp\/v2\/tags?post=369335"}],"curies":[{"name":"wp","href":"https:\/\/api.w.org\/{rel}","templated":true}]}}