{"id":369247,"date":"2020-04-23T13:07:28","date_gmt":"2020-04-23T11:07:28","guid":{"rendered":"https:\/\/hashtag.al\/?p=369247"},"modified":"2020-04-23T13:23:19","modified_gmt":"2020-04-23T11:23:19","slug":"kuvendi-vendos-gjendja-e-fatkeqesise-natyrore-shtyhet-deri-me-23-qershor","status":"publish","type":"post","link":"https:\/\/www.hashtag.al\/index.php\/2020\/04\/23\/kuvendi-vendos-gjendja-e-fatkeqesise-natyrore-shtyhet-deri-me-23-qershor\/","title":{"rendered":"Kuvendi vendos, gjendja e Fatkeq\u00ebsis\u00eb Natyrore shtyhet deri m\u00eb 23 qershor","gt_translate_keys":[{"key":"rendered","format":"text"}]},"content":{"rendered":"<p><span style=\"color: #000000;\"><a style=\"color: #000000;\" href=\"https:\/\/hashtag.al\/wp-content\/uploads\/2020\/04\/Kuvend-1.jpg\"><img loading=\"lazy\" decoding=\"async\" class=\"aligncenter size-full wp-image-369248\" src=\"https:\/\/hashtag.al\/wp-content\/uploads\/2020\/04\/Kuvend-1.jpg\" alt=\"\" width=\"780\" height=\"440\" srcset=\"https:\/\/www.hashtag.al\/wp-content\/uploads\/2020\/04\/Kuvend-1.jpg 780w, https:\/\/www.hashtag.al\/wp-content\/uploads\/2020\/04\/Kuvend-1-300x169.jpg 300w, https:\/\/www.hashtag.al\/wp-content\/uploads\/2020\/04\/Kuvend-1-768x433.jpg 768w\" sizes=\"auto, (max-width: 780px) 100vw, 780px\" \/><\/a><\/span><\/p>\n<p><span style=\"color: #000000;\">Kuvendi sapo ka miratuar vendimin e kryeministrit Edi Rama, p\u00ebr shtyjen e gjendjes s\u00eb Fatkeq\u00ebsis\u00eb Natyrore deri m\u00eb 23 qershor. <\/span><\/p>\n<p><span style=\"color: #000000;\">Ky votim tregoi edhe nj\u00ebher\u00eb se maxhoranca nuk ka vet\u00ebm votat e deputet\u00ebve t\u00eb saj, por edhe t\u00eb atyre t\u00eb opozit\u00ebs, pasi vet\u00ebm 5 deputet\u00eb votuan kund\u00ebr. 91 deputet\u00eb votuan pro k\u00ebtij vendimi, dhe 3 abstenuan.<\/span><\/p>\n<p><span style=\"color: #000000;\">N\u00eb seanc\u00ebn e sotme plenare, z\u00ebri m\u00eb kund\u00ebrshtar lidhur me k\u00ebt\u00eb vendim ishte ai i deputetit Ralf Gjoni.<\/span><\/p>\n<p><span style=\"color: #000000;\">Ai tha se nuk ishte dakord me zgjatjen e gjendjes s\u00eb fatkeq\u00ebsis\u00eb natyrorore, pasi sipas tij nuk sheh nj\u00eb fatkeq\u00ebsi natyrore n\u00eb vendin ton\u00eb. Gjoni madje shtoi se n\u00eb t\u00ebrmetin e 26 n\u00ebntorit ka patur m\u00eb shum\u00eb viktima se sa ka shkaktuar koronavirusi sot, po ashtu dhe gripi ka shkaktuar m\u00eb shum\u00eb vdekje vitin e kaluar.<\/span><\/p>\n<p><span style=\"color: #000000;\"><em>\u201cUn\u00eb jam kategorikisht kund\u00ebr shtyrjes s\u00eb gjendjes s\u00eb fatkeq\u00ebsis\u00eb natyrore, e cila patjet\u00ebr duhet b\u00ebr\u00eb vet\u00ebm me p\u00eblqimin e Kuvendit, por un\u00eb nuk shoh kushtet e p\u00ebrshtatshme p\u00ebr logjik\u00ebn e k\u00ebrkes\u00ebs, p\u00ebr zgjatjen e gjendjes s\u00eb fatkeq\u00ebsis\u00eb natyrore.<\/em><\/span><\/p>\n<p><span style=\"color: #000000;\"><em>Un\u00eb nuk shoh fatkeq\u00ebsi natyrore p\u00ebr momentin. Ndjes\u00eb koleg\u00eb, por 20 e kusur vdekje n\u00eb llogjik\u00ebn time t\u00eb vler\u00ebsimit, nuk jan\u00eb arsye e fort\u00eb p\u00ebr t\u00eb shtyr\u00eb gjendjen e fatkeq\u00ebsis\u00eb natyrore. M\u00eb shum\u00eb persona ka vrar\u00eb t\u00ebrmeti i n\u00ebntorit se \u00e7ka vrar\u00eb koronavirusi i famsh\u00ebm.\u00a0<\/em><em>M\u00eb shum\u00eb njer\u00ebz ka vrar\u00eb gripi vitin e kaluar, se \u00e7ka vrar\u00eb koronavirusi k\u00ebt\u00eb vit n\u00eb Shqip\u00ebri.<\/em><\/span><\/p>\n<p><span style=\"color: #000000;\"><em>Pse kjo po ndodh n\u00eb Shqip\u00ebri nuk e dim\u00eb, edhe pse \u00ebsht\u00eb lajm i mir\u00eb p\u00ebr ne. Por realiteti \u00ebsht\u00eb ky, n\u00eb Shqip\u00ebri koronavirusi nuk po b\u00ebn k\u00ebrdin\u00eb. Ndaj jeta duhet t\u00eb marr\u00eb ritmin e zakonsh\u00ebm dhe nuk ka nevoj\u00eb p\u00ebr zgjatjen e gjendjes s\u00eb zakonshme, sepse kjo i jep tagrin qeveris\u00eb q\u00eb t\u00eb b\u00ebhet edhe m\u00eb autoritare dhe t\u00eb vazhdoj\u00eb zullumet e saj.\u201d<\/em>\u2013 tha deputeti.<\/span><\/p>\n<p><a href=\"https:\/\/hashtag.al\/wp-content\/uploads\/2020\/04\/gjoni.jpg\"><img loading=\"lazy\" decoding=\"async\" class=\"aligncenter size-full wp-image-369192\" src=\"https:\/\/hashtag.al\/wp-content\/uploads\/2020\/04\/gjoni.jpg\" alt=\"\" width=\"621\" height=\"369\" srcset=\"https:\/\/www.hashtag.al\/wp-content\/uploads\/2020\/04\/gjoni.jpg 621w, https:\/\/www.hashtag.al\/wp-content\/uploads\/2020\/04\/gjoni-300x178.jpg 300w\" sizes=\"auto, (max-width: 621px) 100vw, 621px\" \/><\/a><\/p>\n<p><span style=\"color: #000000;\">Kreu i grupit parlamentar t\u00eb PS-s\u00eb, deputeti Taulant Balla, replikoi m Gjonin, duke i kujtuar se sot n\u00eb vend jan\u00eb regjistruar 29 raste t\u00eb reja.<\/span><\/p>\n<p><span style=\"color: #000000;\">M\u00eb pas ai shtoi: <em>\u201cJu zoti Gjoni that\u00eb, ndjes\u00eb n\u00ebse gaboj, that\u00eb se nuk \u00ebsht\u00eb ndonj\u00eb gj\u00eb e madhe, q\u00eb ne kemi 27 jet\u00eb t\u00eb humbura. Jo aq po 1 humbje e vetme \u00ebsht\u00eb fatkeq\u00ebsi do ju nxisja t\u00eb gjith\u00ebve t\u2019i b\u00ebni nj\u00eb telefon kolegut Alimadhi.<\/em><\/span><\/p>\n<p><span style=\"color: #000000;\"><em>Pyeteni Zotin Alimadhi se si \u00ebsht\u00eb t\u00eb kalosh Covid, e pastaj hajdeni na shisni d\u00ebngla k\u00ebtu se kjo nuk qenka situat\u00eb fatkeq\u00ebsie.\u201d<\/em><\/span><\/p>\n<p><a href=\"https:\/\/hashtag.al\/wp-content\/uploads\/2020\/04\/balla.jpg\"><img loading=\"lazy\" decoding=\"async\" class=\"aligncenter size-full wp-image-369236\" src=\"https:\/\/hashtag.al\/wp-content\/uploads\/2020\/04\/balla.jpg\" alt=\"\" width=\"780\" height=\"440\" \/><\/a><\/p>\n<p><span style=\"color: #000000;\">Gjat\u00eb gjendjes s\u00eb fatkeq\u00ebsis\u00eb natyrore kufizohen disa t\u00eb drejta e liri themelore q\u00eb garantohen nga Kushtetuta. B\u00ebhet fjal\u00eb p\u00ebr nenet 37, 38, 41 pika 4, 49 e 51 t\u00eb Kushtetut\u00ebs.Ato kufizohen deri n\u00eb mas\u00ebn q\u00eb konsiderohet e domosdoshme p\u00ebr t\u00eb arritur ruajtjen e sh\u00ebndetit t\u00eb shtetasve, sipas vendimit t\u00eb qeveris\u00eb.<\/span><\/p>\n<p><span style=\"color: #000000;\">N\u00eb gjendjen e fatkeq\u00ebsis\u00eb natyrore qytetar\u00ebve nuk u garantohet paprekshm\u00ebria e banes\u00ebs, e pron\u00ebs, e kontrollit t\u00eb banes\u00ebs apo vetjak, e l\u00ebvizjes s\u00eb lir\u00eb brenda vendit dhe e drejta e gjetjes s\u00eb pun\u00ebs, e daljes jasht\u00eb vendit si dhe e drejta e protestave, grevave dhe tubimeve.<strong>\/Hashtag.al<\/strong><\/span><\/p>\n","protected":false,"gt_translate_keys":[{"key":"rendered","format":"html"}]},"excerpt":{"rendered":"<p>Kuvendi sapo ka miratuar vendimin e kryeministrit Edi Rama, p\u00ebr shtyjen e gjendjes s\u00eb Fatkeq\u00ebsis\u00eb Natyrore deri m\u00eb 23 qershor. Ky votim tregoi edhe nj\u00ebher\u00eb se maxhoranca nuk ka vet\u00ebm votat e deputet\u00ebve t\u00eb saj, por edhe t\u00eb atyre t\u00eb opozit\u00ebs, pasi vet\u00ebm 5 deputet\u00eb votuan kund\u00ebr. 91 deputet\u00eb votuan pro k\u00ebtij vendimi, dhe 3 [&hellip;]<\/p>\n","protected":false,"gt_translate_keys":[{"key":"rendered","format":"html"}]},"author":30,"featured_media":369248,"comment_status":"open","ping_status":"open","sticky":false,"template":"","format":"standard","meta":{"footnotes":""},"categories":[22,65,13],"tags":[],"class_list":["post-369247","post","type-post","status-publish","format-standard","has-post-thumbnail","hentry","category-ballina","category-lajme","category-te-fundit"],"gt_translate_keys":[{"key":"link","format":"url"}],"_links":{"self":[{"href":"https:\/\/www.hashtag.al\/index.php\/wp-json\/wp\/v2\/posts\/369247","targetHints":{"allow":["GET"]}}],"collection":[{"href":"https:\/\/www.hashtag.al\/index.php\/wp-json\/wp\/v2\/posts"}],"about":[{"href":"https:\/\/www.hashtag.al\/index.php\/wp-json\/wp\/v2\/types\/post"}],"author":[{"embeddable":true,"href":"https:\/\/www.hashtag.al\/index.php\/wp-json\/wp\/v2\/users\/30"}],"replies":[{"embeddable":true,"href":"https:\/\/www.hashtag.al\/index.php\/wp-json\/wp\/v2\/comments?post=369247"}],"version-history":[{"count":0,"href":"https:\/\/www.hashtag.al\/index.php\/wp-json\/wp\/v2\/posts\/369247\/revisions"}],"wp:featuredmedia":[{"embeddable":true,"href":"https:\/\/www.hashtag.al\/index.php\/wp-json\/wp\/v2\/media\/369248"}],"wp:attachment":[{"href":"https:\/\/www.hashtag.al\/index.php\/wp-json\/wp\/v2\/media?parent=369247"}],"wp:term":[{"taxonomy":"category","embeddable":true,"href":"https:\/\/www.hashtag.al\/index.php\/wp-json\/wp\/v2\/categories?post=369247"},{"taxonomy":"post_tag","embeddable":true,"href":"https:\/\/www.hashtag.al\/index.php\/wp-json\/wp\/v2\/tags?post=369247"}],"curies":[{"name":"wp","href":"https:\/\/api.w.org\/{rel}","templated":true}]}}