{"id":369244,"date":"2020-04-23T12:58:56","date_gmt":"2020-04-23T10:58:56","guid":{"rendered":"https:\/\/hashtag.al\/?p=369244"},"modified":"2020-04-23T12:48:44","modified_gmt":"2020-04-23T10:48:44","slug":"thaci-ia-kalon-mustafes-te-drejten-e-formimit-te-qeverise-se-re","status":"publish","type":"post","link":"https:\/\/www.hashtag.al\/index.php\/2020\/04\/23\/thaci-ia-kalon-mustafes-te-drejten-e-formimit-te-qeverise-se-re\/","title":{"rendered":"Tha\u00e7i ia kalon Mustaf\u00ebs t\u00eb drejt\u00ebn e formimit t\u00eb qeveris\u00eb s\u00eb re","gt_translate_keys":[{"key":"rendered","format":"text"}]},"content":{"rendered":"<p><img loading=\"lazy\" decoding=\"async\" class=\"aligncenter size-full wp-image-369245\" src=\"https:\/\/hashtag.al\/wp-content\/uploads\/2020\/04\/thacimustafa.jpg\" alt=\"\" width=\"2144\" height=\"1424\" srcset=\"https:\/\/www.hashtag.al\/wp-content\/uploads\/2020\/04\/thacimustafa.jpg 2144w, https:\/\/www.hashtag.al\/wp-content\/uploads\/2020\/04\/thacimustafa-300x199.jpg 300w, https:\/\/www.hashtag.al\/wp-content\/uploads\/2020\/04\/thacimustafa-768x510.jpg 768w, https:\/\/www.hashtag.al\/wp-content\/uploads\/2020\/04\/thacimustafa-1024x680.jpg 1024w\" sizes=\"auto, (max-width: 2144px) 100vw, 2144px\" \/><\/p>\n<p><span style=\"color: #000000;\">Presidenti i Kosov\u00ebs, Tha\u00e7i, ia ka k\u00ebrkuar Lidhjes Demokratike t\u00eb Kosov\u00ebs emrin e mandatarit p\u00ebr qeverin\u00eb e re t\u00eb vendit. <\/span><\/p>\n<p><span style=\"color: #000000;\">Lajmi \u00ebsht\u00eb pohuar nga presidenca, sipas s\u00eb cil\u00ebs pasi l\u00ebvizja Vet\u00ebvendosje nuk u \u00ebsht\u00eb p\u00ebrgjigjur thirrjeve t\u00eb tij p\u00ebr emrin e mandatarit ka vendosur t\u2019ia kaloj\u00eb k\u00ebt\u00eb t\u00eb drejt\u00eb LDK-s\u00eb. <\/span><\/p>\n<p><span style=\"color: #000000;\">N\u00eb njoftimin e presidentit Tha\u00e7i theksohet gjithashtu se LDK-ja ka pohuar se e ka shumic\u00ebn e nevojshme n\u00eb Kuvend p\u00ebr formimin e qeveris\u00eb s\u00eb re.<\/span><\/p>\n<p><span style=\"color: #000000;\"><em>\u201cN\u00eb p\u00ebrputhje me mandatin kushtetues dhe n\u00eb respektim t\u00eb Aktgjykimit t\u00eb Gjykat\u00ebs Kushtetuese, n\u00eb rastin nr. K0103\/14, me q\u00ebllim t\u00eb shmangies s\u00eb zgjedhjeve t\u00eb parakohshme, ruajtjes s\u00eb stabilitetit t\u00eb vendit dhe n\u00eb p\u00ebrputhje me urgjenc\u00ebn p\u00ebr t\u2019i dh\u00ebn\u00eb vendit Qeveri t\u00eb re me legjitimitet nga Kuvendi i Republik\u00ebs s\u00eb Kosov\u00ebs, pas konsultimit me t\u00eb gjitha partit\u00eb politike parlamentare dhe pajtimit t\u00eb shumic\u00ebs s\u00eb tyre absolute p\u00ebr t\u00eb formuar Qeveri t\u00eb re, pas mosd\u00ebrgimit t\u00eb emrit t\u00eb kandidatit p\u00ebr t\u00eb formuar Qeverin\u00eb nga ana e L\u00ebvizjes Vet\u00ebvendosje p\u00ebrkund\u00ebr 5 k\u00ebrkesave nga ana e Presidentit t\u00eb vendit, si dhe n\u00eb p\u00ebrputhje me Kriteret Mbizot\u00ebruese p\u00ebr formimin e Qeveris\u00eb s\u00eb re, pas takimit t\u00eb pasdites s\u00eb djeshme ku kreu i LDK-s\u00eb, Mustafa ka konfirmuar se ka siguruar shumic\u00ebn e mjaftueshme n\u00eb Kuvend, presidenti Tha\u00e7i ka p\u00ebrmes nj\u00eb letre i ka k\u00ebrkuar emrin e mandatarit potencial p\u00ebr formimin e Qeveris\u00eb s\u00eb Kosov\u00ebs.\u201d<\/em> \u2013 thuhet n\u00eb njoftimin e Tha\u00e7it.<\/span><\/p>\n","protected":false,"gt_translate_keys":[{"key":"rendered","format":"html"}]},"excerpt":{"rendered":"<p>Presidenti i Kosov\u00ebs, Tha\u00e7i, ia ka k\u00ebrkuar Lidhjes Demokratike t\u00eb Kosov\u00ebs emrin e mandatarit p\u00ebr qeverin\u00eb e re t\u00eb vendit. Lajmi \u00ebsht\u00eb pohuar nga presidenca, sipas s\u00eb cil\u00ebs pasi l\u00ebvizja Vet\u00ebvendosje nuk u \u00ebsht\u00eb p\u00ebrgjigjur thirrjeve t\u00eb tij p\u00ebr emrin e mandatarit ka vendosur t\u2019ia kaloj\u00eb k\u00ebt\u00eb t\u00eb drejt\u00eb LDK-s\u00eb. N\u00eb njoftimin e presidentit Tha\u00e7i [&hellip;]<\/p>\n","protected":false,"gt_translate_keys":[{"key":"rendered","format":"html"}]},"author":51,"featured_media":369245,"comment_status":"open","ping_status":"open","sticky":false,"template":"","format":"standard","meta":{"footnotes":""},"categories":[149],"tags":[],"class_list":["post-369244","post","type-post","status-publish","format-standard","has-post-thumbnail","hentry","category-kosoverajon"],"gt_translate_keys":[{"key":"link","format":"url"}],"_links":{"self":[{"href":"https:\/\/www.hashtag.al\/index.php\/wp-json\/wp\/v2\/posts\/369244","targetHints":{"allow":["GET"]}}],"collection":[{"href":"https:\/\/www.hashtag.al\/index.php\/wp-json\/wp\/v2\/posts"}],"about":[{"href":"https:\/\/www.hashtag.al\/index.php\/wp-json\/wp\/v2\/types\/post"}],"author":[{"embeddable":true,"href":"https:\/\/www.hashtag.al\/index.php\/wp-json\/wp\/v2\/users\/51"}],"replies":[{"embeddable":true,"href":"https:\/\/www.hashtag.al\/index.php\/wp-json\/wp\/v2\/comments?post=369244"}],"version-history":[{"count":0,"href":"https:\/\/www.hashtag.al\/index.php\/wp-json\/wp\/v2\/posts\/369244\/revisions"}],"wp:featuredmedia":[{"embeddable":true,"href":"https:\/\/www.hashtag.al\/index.php\/wp-json\/wp\/v2\/media\/369245"}],"wp:attachment":[{"href":"https:\/\/www.hashtag.al\/index.php\/wp-json\/wp\/v2\/media?parent=369244"}],"wp:term":[{"taxonomy":"category","embeddable":true,"href":"https:\/\/www.hashtag.al\/index.php\/wp-json\/wp\/v2\/categories?post=369244"},{"taxonomy":"post_tag","embeddable":true,"href":"https:\/\/www.hashtag.al\/index.php\/wp-json\/wp\/v2\/tags?post=369244"}],"curies":[{"name":"wp","href":"https:\/\/api.w.org\/{rel}","templated":true}]}}