{"id":369235,"date":"2020-04-23T12:24:39","date_gmt":"2020-04-23T10:24:39","guid":{"rendered":"https:\/\/hashtag.al\/?p=369235"},"modified":"2020-04-23T12:24:39","modified_gmt":"2020-04-23T10:24:39","slug":"balla-kapet-me-gjonin-beji-nje-telefon-kolegut-alimadhi-dhe-pastaj-shit-dengla-ketu","status":"publish","type":"post","link":"https:\/\/www.hashtag.al\/index.php\/2020\/04\/23\/balla-kapet-me-gjonin-beji-nje-telefon-kolegut-alimadhi-dhe-pastaj-shit-dengla-ketu\/","title":{"rendered":"Balla kapet me Gjonin: B\u00ebji nj\u00eb telefon kolegut Alimadhi dhe pastaj shit d\u00ebngla k\u00ebtu","gt_translate_keys":[{"key":"rendered","format":"text"}]},"content":{"rendered":"<p><a href=\"https:\/\/hashtag.al\/wp-content\/uploads\/2020\/04\/balla.jpg\"><img loading=\"lazy\" decoding=\"async\" class=\"aligncenter size-full wp-image-369236\" src=\"https:\/\/hashtag.al\/wp-content\/uploads\/2020\/04\/balla.jpg\" alt=\"\" width=\"780\" height=\"440\" \/><\/a><\/p>\n<p><span style=\"color: #000000;\">Kreu i grupit parlamentar t\u00eb PS-s\u00eb, deputeti Taulant Balla, i ka kthyer p\u00ebrgjigje deputetit Ralf Gjoni, i cili u shpreh kund\u00ebr zgjatjes s\u00eb gjendjes s\u00eb fatkeq\u00ebsis\u00eb natyrore me 2 muaj.<\/span><\/p>\n<p><span style=\"color: #000000;\">Balla kujtoi se sot n\u00eb vend jan\u00eb regjistruar 29 raste t\u00eb reja dhe m\u00eb pas iu drejtuar Gjonit: <em>\u201cJu zoti Gjoni that\u00eb, ndjes\u00eb n\u00ebse gaboj, that\u00eb se nuk \u00ebsht\u00eb ndonj\u00eb gj\u00eb e madhe, q\u00eb ne kemi 27 jet\u00eb t\u00eb humbura. Jo aq po 1 humbje e vetme \u00ebsht\u00eb fatkeq\u00ebsi do ju nxisja t\u00eb gjith\u00ebve t\u2019i b\u00ebni nj\u00eb telefon kolegut Alimadhi.<\/em><\/span><\/p>\n<p><span style=\"color: #000000;\"><em>Pyeteni Zotin Alimadhi se si \u00ebsht\u00eb t\u00eb kalosh Covid, e pastaj hajdeni na shisni d\u00ebngla k\u00ebtu se kjo nuk qenka situat\u00eb fatkeq\u00ebsie.\u201d<\/em><\/span><\/p>\n<p><span style=\"color: #000000;\">Para Ball\u00ebs, deputeti Ralf Gjoni tha se nuk ishte dakord me zgjatjen e gjendjes s\u00eb fatkeq\u00ebsis\u00eb natyrorore, pasi sipas tij nuk sheh nj\u00eb fatkeq\u00ebsi natyrore n\u00eb vendin ton\u00eb. Ai madje shtoi se n\u00eb t\u00ebrmetin e 26 n\u00ebntorit ka patur m\u00eb shum\u00eb viktima se sa ka shkaktuar koronavirusi sot, po ashtu dhe gripi ka shkaktuar m\u00eb shum\u00eb vdekje vitin e kaluar.<\/span><\/p>\n","protected":false,"gt_translate_keys":[{"key":"rendered","format":"html"}]},"excerpt":{"rendered":"<p>Kreu i grupit parlamentar t\u00eb PS-s\u00eb, deputeti Taulant Balla, i ka kthyer p\u00ebrgjigje deputetit Ralf Gjoni, i cili u shpreh kund\u00ebr zgjatjes s\u00eb gjendjes s\u00eb fatkeq\u00ebsis\u00eb natyrore me 2 muaj. Balla kujtoi se sot n\u00eb vend jan\u00eb regjistruar 29 raste t\u00eb reja dhe m\u00eb pas iu drejtuar Gjonit: \u201cJu zoti Gjoni that\u00eb, ndjes\u00eb n\u00ebse gaboj, [&hellip;]<\/p>\n","protected":false,"gt_translate_keys":[{"key":"rendered","format":"html"}]},"author":30,"featured_media":369236,"comment_status":"open","ping_status":"open","sticky":false,"template":"","format":"standard","meta":{"footnotes":""},"categories":[65,13],"tags":[],"class_list":["post-369235","post","type-post","status-publish","format-standard","has-post-thumbnail","hentry","category-lajme","category-te-fundit"],"gt_translate_keys":[{"key":"link","format":"url"}],"_links":{"self":[{"href":"https:\/\/www.hashtag.al\/index.php\/wp-json\/wp\/v2\/posts\/369235","targetHints":{"allow":["GET"]}}],"collection":[{"href":"https:\/\/www.hashtag.al\/index.php\/wp-json\/wp\/v2\/posts"}],"about":[{"href":"https:\/\/www.hashtag.al\/index.php\/wp-json\/wp\/v2\/types\/post"}],"author":[{"embeddable":true,"href":"https:\/\/www.hashtag.al\/index.php\/wp-json\/wp\/v2\/users\/30"}],"replies":[{"embeddable":true,"href":"https:\/\/www.hashtag.al\/index.php\/wp-json\/wp\/v2\/comments?post=369235"}],"version-history":[{"count":0,"href":"https:\/\/www.hashtag.al\/index.php\/wp-json\/wp\/v2\/posts\/369235\/revisions"}],"wp:featuredmedia":[{"embeddable":true,"href":"https:\/\/www.hashtag.al\/index.php\/wp-json\/wp\/v2\/media\/369236"}],"wp:attachment":[{"href":"https:\/\/www.hashtag.al\/index.php\/wp-json\/wp\/v2\/media?parent=369235"}],"wp:term":[{"taxonomy":"category","embeddable":true,"href":"https:\/\/www.hashtag.al\/index.php\/wp-json\/wp\/v2\/categories?post=369235"},{"taxonomy":"post_tag","embeddable":true,"href":"https:\/\/www.hashtag.al\/index.php\/wp-json\/wp\/v2\/tags?post=369235"}],"curies":[{"name":"wp","href":"https:\/\/api.w.org\/{rel}","templated":true}]}}