{"id":369185,"date":"2020-04-23T10:42:17","date_gmt":"2020-04-23T08:42:17","guid":{"rendered":"https:\/\/hashtag.al\/?p=369185"},"modified":"2020-04-23T10:43:26","modified_gmt":"2020-04-23T08:43:26","slug":"ruci-i-terheq-vemendjen-deputeteve-shoh-disa-qe-spo-i-vene-masat-mbrojtese","status":"publish","type":"post","link":"https:\/\/www.hashtag.al\/index.php\/2020\/04\/23\/ruci-i-terheq-vemendjen-deputeteve-shoh-disa-qe-spo-i-vene-masat-mbrojtese\/","title":{"rendered":"Ru\u00e7i i t\u00ebrheq v\u00ebmendjen deputet\u00ebve: Shoh disa q\u00eb s&#8217;po i v\u00ebn\u00eb masat mbrojt\u00ebse","gt_translate_keys":[{"key":"rendered","format":"text"}]},"content":{"rendered":"<p><a href=\"https:\/\/hashtag.al\/wp-content\/uploads\/2020\/04\/Ruci-1.jpg\"><img loading=\"lazy\" decoding=\"async\" class=\"aligncenter size-full wp-image-369188\" src=\"https:\/\/hashtag.al\/wp-content\/uploads\/2020\/04\/Ruci-1.jpg\" alt=\"\" width=\"779\" height=\"317\" srcset=\"https:\/\/www.hashtag.al\/wp-content\/uploads\/2020\/04\/Ruci-1.jpg 779w, https:\/\/www.hashtag.al\/wp-content\/uploads\/2020\/04\/Ruci-1-300x122.jpg 300w, https:\/\/www.hashtag.al\/wp-content\/uploads\/2020\/04\/Ruci-1-768x313.jpg 768w\" sizes=\"auto, (max-width: 779px) 100vw, 779px\" \/><\/a><\/p>\n<p><span style=\"color: #000000;\">Kreu i Kuvendit, Gramoz Ru\u00e7i u ka t\u00ebrhequr v\u00ebmendjen deputet\u00ebve q\u00eb po marrin pjes\u00eb n\u00eb seanc\u00ebn e sotme plenare, q\u00eb t\u00eb vendosin maskat e dorezat, p\u00ebr t\u00eb zbatuar rregullat e vendosura p\u00ebr shkak t\u00eb koronavirusit.<\/span><\/p>\n<p><span style=\"color: #000000;\"><em>\u201cShoh disa deputet\u00eb q\u00eb nuk vendosin masat mbrojt\u00ebse, kjo \u00ebsht\u00eb p\u00ebr t\u00eb mbrojtur veten por edhe koleg\u00ebt q\u00eb ndodhen n\u00eb sall\u00eb. Prandaj ju lutem t\u00eb respektohet ky rregull\u201d-<\/em> tha Ru\u00e7i.<\/span><\/p>\n<p><span style=\"color: #000000;\">Pas kritik\u00ebs s\u00eb Ru\u00e7it, disa prej deputet\u00ebve nis\u00ebn t\u00eb vinin maskat, nd\u00ebrkoh\u00eb t\u00eb tjer\u00eb si Rudina Hajdari vet\u00ebm ngrit\u00ebn kok\u00ebn por nuk vendos\u00ebn asnj\u00eb mas\u00eb.<\/span><\/p>\n<p><a href=\"https:\/\/hashtag.al\/wp-content\/uploads\/2020\/04\/Deputete.jpg\"><img loading=\"lazy\" decoding=\"async\" class=\"aligncenter size-full wp-image-369187\" src=\"https:\/\/hashtag.al\/wp-content\/uploads\/2020\/04\/Deputete.jpg\" alt=\"\" width=\"665\" height=\"425\" srcset=\"https:\/\/www.hashtag.al\/wp-content\/uploads\/2020\/04\/Deputete.jpg 665w, https:\/\/www.hashtag.al\/wp-content\/uploads\/2020\/04\/Deputete-300x192.jpg 300w\" sizes=\"auto, (max-width: 665px) 100vw, 665px\" \/><\/a> <a href=\"https:\/\/hashtag.al\/wp-content\/uploads\/2020\/04\/dep.jpg\"><img loading=\"lazy\" decoding=\"async\" class=\"aligncenter size-full wp-image-369186\" src=\"https:\/\/hashtag.al\/wp-content\/uploads\/2020\/04\/dep.jpg\" alt=\"\" width=\"703\" height=\"424\" srcset=\"https:\/\/www.hashtag.al\/wp-content\/uploads\/2020\/04\/dep.jpg 703w, https:\/\/www.hashtag.al\/wp-content\/uploads\/2020\/04\/dep-300x181.jpg 300w\" sizes=\"auto, (max-width: 703px) 100vw, 703px\" \/><\/a><\/p>\n","protected":false,"gt_translate_keys":[{"key":"rendered","format":"html"}]},"excerpt":{"rendered":"<p>Kreu i Kuvendit, Gramoz Ru\u00e7i u ka t\u00ebrhequr v\u00ebmendjen deputet\u00ebve q\u00eb po marrin pjes\u00eb n\u00eb seanc\u00ebn e sotme plenare, q\u00eb t\u00eb vendosin maskat e dorezat, p\u00ebr t\u00eb zbatuar rregullat e vendosura p\u00ebr shkak t\u00eb koronavirusit. \u201cShoh disa deputet\u00eb q\u00eb nuk vendosin masat mbrojt\u00ebse, kjo \u00ebsht\u00eb p\u00ebr t\u00eb mbrojtur veten por edhe koleg\u00ebt q\u00eb ndodhen n\u00eb [&hellip;]<\/p>\n","protected":false,"gt_translate_keys":[{"key":"rendered","format":"html"}]},"author":30,"featured_media":369188,"comment_status":"open","ping_status":"open","sticky":false,"template":"","format":"standard","meta":{"footnotes":""},"categories":[65,13],"tags":[],"class_list":["post-369185","post","type-post","status-publish","format-standard","has-post-thumbnail","hentry","category-lajme","category-te-fundit"],"gt_translate_keys":[{"key":"link","format":"url"}],"_links":{"self":[{"href":"https:\/\/www.hashtag.al\/index.php\/wp-json\/wp\/v2\/posts\/369185","targetHints":{"allow":["GET"]}}],"collection":[{"href":"https:\/\/www.hashtag.al\/index.php\/wp-json\/wp\/v2\/posts"}],"about":[{"href":"https:\/\/www.hashtag.al\/index.php\/wp-json\/wp\/v2\/types\/post"}],"author":[{"embeddable":true,"href":"https:\/\/www.hashtag.al\/index.php\/wp-json\/wp\/v2\/users\/30"}],"replies":[{"embeddable":true,"href":"https:\/\/www.hashtag.al\/index.php\/wp-json\/wp\/v2\/comments?post=369185"}],"version-history":[{"count":0,"href":"https:\/\/www.hashtag.al\/index.php\/wp-json\/wp\/v2\/posts\/369185\/revisions"}],"wp:featuredmedia":[{"embeddable":true,"href":"https:\/\/www.hashtag.al\/index.php\/wp-json\/wp\/v2\/media\/369188"}],"wp:attachment":[{"href":"https:\/\/www.hashtag.al\/index.php\/wp-json\/wp\/v2\/media?parent=369185"}],"wp:term":[{"taxonomy":"category","embeddable":true,"href":"https:\/\/www.hashtag.al\/index.php\/wp-json\/wp\/v2\/categories?post=369185"},{"taxonomy":"post_tag","embeddable":true,"href":"https:\/\/www.hashtag.al\/index.php\/wp-json\/wp\/v2\/tags?post=369185"}],"curies":[{"name":"wp","href":"https:\/\/api.w.org\/{rel}","templated":true}]}}