{"id":369114,"date":"2020-04-22T23:55:05","date_gmt":"2020-04-22T21:55:05","guid":{"rendered":"https:\/\/hashtag.al\/?p=369114"},"modified":"2020-04-22T23:35:18","modified_gmt":"2020-04-22T21:35:18","slug":"shkon-ne-630-numri-i-te-infektuarve-me-koronavirus-ne-kosove-26-raste-te-reja","status":"publish","type":"post","link":"https:\/\/www.hashtag.al\/index.php\/2020\/04\/22\/shkon-ne-630-numri-i-te-infektuarve-me-koronavirus-ne-kosove-26-raste-te-reja\/","title":{"rendered":"Shkon n\u00eb 630 numri i t\u00eb infektuarve me koronavirus n\u00eb Kosov\u00eb, 26 raste t\u00eb reja","gt_translate_keys":[{"key":"rendered","format":"text"}]},"content":{"rendered":"<p><img loading=\"lazy\" decoding=\"async\" class=\"aligncenter size-full wp-image-365946\" src=\"https:\/\/hashtag.al\/wp-content\/uploads\/2020\/04\/kosove-korona.jpg\" alt=\"\" width=\"600\" height=\"360\" srcset=\"https:\/\/www.hashtag.al\/wp-content\/uploads\/2020\/04\/kosove-korona.jpg 600w, https:\/\/www.hashtag.al\/wp-content\/uploads\/2020\/04\/kosove-korona-300x180.jpg 300w\" sizes=\"auto, (max-width: 600px) 100vw, 600px\" \/><\/p>\n<p><span style=\"color: #000000;\">Instituti Komb\u00ebtar i Sh\u00ebndet\u00ebsis\u00eb Publike t\u00eb Kosov\u00ebs (IKSHPK) ka njoftuar se jan\u00eb konfirmuar edhe 26 raste t\u00eb reja me koronavirus n\u00eb vend.<\/span><\/p>\n<p><span style=\"color: #000000;\">Numri i t\u00eb infektuarve me koronavirus ka shkuar n\u00eb 630.<\/span><\/p>\n<p><span style=\"color: #000000;\">Laboratori i Mikrobiologjis\u00eb Molekulare n\u00eb IKSHPK sot ka testuar 172 mostra, prej t\u00eb cilave 26 kan\u00eb rezultuar pozitive.<\/span><\/p>\n<p><span style=\"color: #000000;\">\u201c<em>Rastet pozitive jan\u00eb raste kontakti, tet\u00eb (8) raste nga komuna e Kamenic\u00ebs (sipas vendbanimit: gjasht\u00eb (6) raste Poli\u00e7k\u00eb dhe dy (2) raste Hodonoc), kat\u00ebr (4) raste nga komuna e Istogut (sipas vendbanimit: dy (2) raste K\u00ebrnin\u00eb, nj\u00eb (1) rast Istog dhe nj\u00eb (1) rast Prekall\u00eb), kat\u00ebr (4) raste nga komuna e Pej\u00ebs (sipas vendbanimit: nj\u00eb (1) rast Vitomiric\u00eb, nj\u00eb (1) rast Lutogllav\u00eb, nj\u00eb (1) rast Nab\u00ebrgjan, dhe nj\u00eb (1) rast Pej\u00eb), kat\u00ebr (4) raste me vendbanim Stub\u00ebll-Viti, tre (3) raste me vendbanim n\u00eb Ferizaj dhe me nga nj\u00eb (1) rast vendbanimet: Prizren, Godanc i ep\u00ebrm-Shtime dhe Zve\u00e7an<\/em>\u201d- ka njoftuar IKSHPK.<\/span><\/p>\n<p><span style=\"color: #000000;\">\u00a0Instituti po ashtu ka b\u00ebr\u00eb t\u00eb ditur se jan\u00eb sh\u00ebruar edhe 10 persona t\u00eb prekur nga koronavirusi.<\/span><\/p>\n<p><span style=\"color: #000000;\">Njoftimi i plot\u00eb i IKSHPK\u2019s\u00eb:<\/span><\/p>\n<p><span style=\"color: #000000;\">DHJET\u00cb T\u00cb SH\u00cbRUAR DHE NJ\u00cbZET E GJASHT\u00cb RASTE ME COVID-19!<\/span><\/p>\n<p><span style=\"color: #000000;\">Sot m\u00eb 22 prill 2020, n\u00eb Laboratorin e Mikrobiologjis\u00eb Molekulare n\u00eb IKSHPK me metod\u00ebn RT-PCR, jan\u00eb testuar gjithsej 172 mostra t\u00eb marra nga Klinika Infektive, gjurmimi i kontakteve t\u00eb rasteve n\u00eb terren si dhe nga karantina n\u00eb Qendr\u00ebn studentore.<\/span><\/p>\n<p><span style=\"color: #000000;\">Me SARS-CoV-2, jan\u00eb diagnostikuar gjithsej nj\u00ebzet e gjasht\u00eb (26) raste.<\/span><\/p>\n<p><span style=\"color: #000000;\">Rastet pozitive jan\u00eb raste kontakti, tet\u00eb (8) raste nga komuna e Kamenic\u00ebs (sipas vendbanimit: gjasht\u00eb (6) raste Poli\u00e7k\u00eb dhe dy (2) raste Hodonoc), kat\u00ebr (4) raste nga komuna e Istogut (sipas vendbanimit: dy (2) raste K\u00ebrnin\u00eb, nj\u00eb (1) rast Istog dhe nj\u00eb (1) rast Prekall\u00eb), kat\u00ebr (4) raste nga komuna e Pej\u00ebs (sipas vendbanimit: nj\u00eb (1) rast Vitomiric\u00eb, nj\u00eb (1) rast Lutogllav\u00eb, nj\u00eb (1) rast Nab\u00ebrgjan, dhe nj\u00eb (1) rast Pej\u00eb), kat\u00ebr (4) raste me vendbanim Stub\u00ebll-Viti, tre (3) raste me vendbanim n\u00eb Ferizaj dhe me nga nj\u00eb (1) rast vendbanimet: Prizren, Godanc i ep\u00ebrm-Shtime dhe Zve\u00e7an.<\/span><\/p>\n<p><span style=\"color: #000000;\">Sot m\u00eb 22 prill 2020, jan\u00eb sh\u00ebruar edhe dhjet\u00eb (10) pacient\u00eb, bazuar n\u00eb rekomandimet e OBSH-s\u00eb ku dy mostra rezultojn\u00eb negative me s\u00eb paku nj\u00eb dit\u00eb distanc\u00eb kohore. Numri i p\u00ebrgjithsh\u00ebm i t\u00eb sh\u00ebruarve deri m\u00eb sot \u00ebsht\u00eb gjithsej nj\u00ebqind e tridhjet\u00eb e tet\u00eb (138) raste.<\/span><\/p>\n<p><span style=\"color: #000000;\">Nga data 08 shkurt deri m\u00eb 22 prill 2020, n\u00eb Laboratorin e Mikrobiologjis\u00eb Molekulare n\u00eb IKSHPK me metod\u00ebn RT-PCR, jan\u00eb testuar gjithsej 5.372 mostra t\u00eb dyshimta n\u00eb virusin SARS-CoV-2 dhe prej tyre pozitive rezultojn\u00eb gjithsej gjasht\u00ebqind e tridhjet\u00eb (630) raste, nd\u00ebrsa gjithsej tet\u00ebmb\u00ebdhjet\u00eb (18) raste kan\u00eb nd\u00ebrruar jet\u00eb dhe t\u00eb cil\u00ebt kan\u00eb pasur s\u00ebmundje t\u00eb tjera shoq\u00ebruese.<\/span><\/p>\n<p><span style=\"color: #000000;\">N\u00eb IKSHPK n\u00eb vazhdim\u00ebsi p\u00ebrgjat\u00eb 24 or\u00ebve jan\u00eb duke u kontaktuar dhe mbik\u00ebqyr\u00eb t\u00eb gjitha kontaktet e rasteve, si dhe kontaktet e kontakteve duke i obliguar p\u00ebr vet\u00ebizolim dhe t\u00eb k\u00ebrkojn\u00eb ndihm\u00eb mjek\u00ebsore n\u00ebse kan\u00eb simptome. Deri m\u00eb sot jan\u00eb kontaktuar dhe jan\u00eb n\u00ebn mbik\u00ebqyrje 6.949 kontakte t\u00eb rasteve.<\/span><\/p>\n<p><span style=\"color: #000000;\">N\u00eb nivel global, nga data 31 dhjetor 2019 deri m\u00eb 22 prill 2020 sipas Worldometers, jan\u00eb raportuar gjithsej 2.610.693 raste t\u00eb COVID-19 dhe 182.270 raste t\u00eb vdekjes.<\/span><\/p>\n<p><span style=\"color: #000000;\">Q\u00cbNDRONI N\u00cb SHT\u00cbPI, KJO UA SHP\u00cbTON JET\u00cbN!<\/span><\/p>\n<p><span style=\"color: #000000;\">MBANI DISTANC\u00cb FIZIKE P\u00cbR S\u00cb PAKU 2 METRA!<\/span><\/p>\n<p><span style=\"color: #000000;\">NA NDIHMONI PAK Q\u00cb T\u00cb JU NDIHMOJM\u00cb SHUM\u00cb!<\/span><\/p>\n<p><span style=\"color: #000000;\">Ju faleminderit p\u00ebr mir\u00ebkuptim!<\/span><\/p>\n","protected":false,"gt_translate_keys":[{"key":"rendered","format":"html"}]},"excerpt":{"rendered":"<p>Instituti Komb\u00ebtar i Sh\u00ebndet\u00ebsis\u00eb Publike t\u00eb Kosov\u00ebs (IKSHPK) ka njoftuar se jan\u00eb konfirmuar edhe 26 raste t\u00eb reja me koronavirus n\u00eb vend. Numri i t\u00eb infektuarve me koronavirus ka shkuar n\u00eb 630. Laboratori i Mikrobiologjis\u00eb Molekulare n\u00eb IKSHPK sot ka testuar 172 mostra, prej t\u00eb cilave 26 kan\u00eb rezultuar pozitive. \u201cRastet pozitive jan\u00eb raste kontakti, [&hellip;]<\/p>\n","protected":false,"gt_translate_keys":[{"key":"rendered","format":"html"}]},"author":32,"featured_media":359541,"comment_status":"open","ping_status":"open","sticky":false,"template":"","format":"standard","meta":{"footnotes":""},"categories":[149,13],"tags":[],"class_list":["post-369114","post","type-post","status-publish","format-standard","has-post-thumbnail","hentry","category-kosoverajon","category-te-fundit"],"gt_translate_keys":[{"key":"link","format":"url"}],"_links":{"self":[{"href":"https:\/\/www.hashtag.al\/index.php\/wp-json\/wp\/v2\/posts\/369114","targetHints":{"allow":["GET"]}}],"collection":[{"href":"https:\/\/www.hashtag.al\/index.php\/wp-json\/wp\/v2\/posts"}],"about":[{"href":"https:\/\/www.hashtag.al\/index.php\/wp-json\/wp\/v2\/types\/post"}],"author":[{"embeddable":true,"href":"https:\/\/www.hashtag.al\/index.php\/wp-json\/wp\/v2\/users\/32"}],"replies":[{"embeddable":true,"href":"https:\/\/www.hashtag.al\/index.php\/wp-json\/wp\/v2\/comments?post=369114"}],"version-history":[{"count":0,"href":"https:\/\/www.hashtag.al\/index.php\/wp-json\/wp\/v2\/posts\/369114\/revisions"}],"wp:featuredmedia":[{"embeddable":true,"href":"https:\/\/www.hashtag.al\/index.php\/wp-json\/wp\/v2\/media\/359541"}],"wp:attachment":[{"href":"https:\/\/www.hashtag.al\/index.php\/wp-json\/wp\/v2\/media?parent=369114"}],"wp:term":[{"taxonomy":"category","embeddable":true,"href":"https:\/\/www.hashtag.al\/index.php\/wp-json\/wp\/v2\/categories?post=369114"},{"taxonomy":"post_tag","embeddable":true,"href":"https:\/\/www.hashtag.al\/index.php\/wp-json\/wp\/v2\/tags?post=369114"}],"curies":[{"name":"wp","href":"https:\/\/api.w.org\/{rel}","templated":true}]}}