{"id":369067,"date":"2020-04-22T18:49:49","date_gmt":"2020-04-22T16:49:49","guid":{"rendered":"https:\/\/hashtag.al\/?p=369067"},"modified":"2020-04-22T18:49:49","modified_gmt":"2020-04-22T16:49:49","slug":"rama-jep-kohen-kur-do-hapet-kufiri-me-greqine-per-punonjesit-sezonale","status":"publish","type":"post","link":"https:\/\/www.hashtag.al\/index.php\/2020\/04\/22\/rama-jep-kohen-kur-do-hapet-kufiri-me-greqine-per-punonjesit-sezonale\/","title":{"rendered":"Rama jep koh\u00ebn kur do hapet kufiri me Greqin\u00eb p\u00ebr punonj\u00ebsit sezonal\u00eb","gt_translate_keys":[{"key":"rendered","format":"text"}]},"content":{"rendered":"<p><img loading=\"lazy\" decoding=\"async\" class=\"aligncenter size-full wp-image-368831\" src=\"https:\/\/hashtag.al\/wp-content\/uploads\/2020\/04\/edi-rama-11-770x450.gif\" alt=\"\" width=\"770\" height=\"450\" \/><\/p>\n<p><span style=\"color: #000000;\">N\u00eb daljet e tij publike n\u00eb rrjetet sociale kryeministri Edi Rama lajm\u00ebroi se nga mesi i muajit maj pritet q\u00eb punonj\u00ebsit sezonal\u00eb t\u00eb lejohen t\u00eb kalojn\u00eb n\u00eb Greqi.<\/span><\/p>\n<p><span style=\"color: #000000;\">Sipas Ram\u00ebs, dakord\u00ebsimi erdhi s\u00eb bashku me Kryeministrin grek Mitsotakis pas nj\u00eb bisede me t\u00eb.<\/span><\/p>\n<p><span style=\"color: #000000;\">&#8220;<em>Sot pat\u00ebm nj\u00eb diskutim mbi strategjin\u00eb e faz\u00ebs s\u00eb dyt\u00eb. M\u00eb par\u00eb u informoj se pas konsultimeve me miq dhe koleg\u00eb kam pasur nj\u00eb bashk\u00ebbisedim me kryeministrin grek p\u00ebr faz\u00ebn e dyt\u00eb. Diskutuam mbi rezultatet e deritanishme, strategjin\u00eb e testimit, leht\u00ebsimin e masave, planin e hapjes s\u00eb sezonit dhe interesin reciprok p\u00ebr pun\u00ebsimin sezonal\u00eb.<\/em><\/span><\/p>\n<p><span style=\"color: #000000;\"><em>E falenderova me gjith\u00eb zem\u00ebr mikun grek p\u00ebr ata punonj\u00ebs sezonal q\u00eb mbet\u00ebn matan\u00eb kufirit, por nuk u trajtuan si shkel\u00ebs t\u00eb afateve. Dakord\u00ebsuam q\u00eb t\u00eb shohim problemin e l\u00ebvizjes s\u00eb punonj\u00ebsve sezonal\u00eb sipas kalendarit t\u00eb faz\u00ebs s\u00eb dyt\u00eb dhe p\u00ebr nevoj\u00ebn reciproke q\u00eb ti \u00e7elet rrug\u00eb rreth mesit t\u00eb muajit maj<\/em>&#8220;-tha Rama.<\/span><\/p>\n<p>&nbsp;<\/p>\n","protected":false,"gt_translate_keys":[{"key":"rendered","format":"html"}]},"excerpt":{"rendered":"<p>N\u00eb daljet e tij publike n\u00eb rrjetet sociale kryeministri Edi Rama lajm\u00ebroi se nga mesi i muajit maj pritet q\u00eb punonj\u00ebsit sezonal\u00eb t\u00eb lejohen t\u00eb kalojn\u00eb n\u00eb Greqi. Sipas Ram\u00ebs, dakord\u00ebsimi erdhi s\u00eb bashku me Kryeministrin grek Mitsotakis pas nj\u00eb bisede me t\u00eb. &#8220;Sot pat\u00ebm nj\u00eb diskutim mbi strategjin\u00eb e faz\u00ebs s\u00eb dyt\u00eb. M\u00eb par\u00eb [&hellip;]<\/p>\n","protected":false,"gt_translate_keys":[{"key":"rendered","format":"html"}]},"author":32,"featured_media":368831,"comment_status":"open","ping_status":"open","sticky":false,"template":"","format":"standard","meta":{"footnotes":""},"categories":[65,13],"tags":[],"class_list":["post-369067","post","type-post","status-publish","format-standard","has-post-thumbnail","hentry","category-lajme","category-te-fundit"],"gt_translate_keys":[{"key":"link","format":"url"}],"_links":{"self":[{"href":"https:\/\/www.hashtag.al\/index.php\/wp-json\/wp\/v2\/posts\/369067","targetHints":{"allow":["GET"]}}],"collection":[{"href":"https:\/\/www.hashtag.al\/index.php\/wp-json\/wp\/v2\/posts"}],"about":[{"href":"https:\/\/www.hashtag.al\/index.php\/wp-json\/wp\/v2\/types\/post"}],"author":[{"embeddable":true,"href":"https:\/\/www.hashtag.al\/index.php\/wp-json\/wp\/v2\/users\/32"}],"replies":[{"embeddable":true,"href":"https:\/\/www.hashtag.al\/index.php\/wp-json\/wp\/v2\/comments?post=369067"}],"version-history":[{"count":0,"href":"https:\/\/www.hashtag.al\/index.php\/wp-json\/wp\/v2\/posts\/369067\/revisions"}],"wp:featuredmedia":[{"embeddable":true,"href":"https:\/\/www.hashtag.al\/index.php\/wp-json\/wp\/v2\/media\/368831"}],"wp:attachment":[{"href":"https:\/\/www.hashtag.al\/index.php\/wp-json\/wp\/v2\/media?parent=369067"}],"wp:term":[{"taxonomy":"category","embeddable":true,"href":"https:\/\/www.hashtag.al\/index.php\/wp-json\/wp\/v2\/categories?post=369067"},{"taxonomy":"post_tag","embeddable":true,"href":"https:\/\/www.hashtag.al\/index.php\/wp-json\/wp\/v2\/tags?post=369067"}],"curies":[{"name":"wp","href":"https:\/\/api.w.org\/{rel}","templated":true}]}}