{"id":368807,"date":"2020-04-21T15:48:49","date_gmt":"2020-04-21T13:48:49","guid":{"rendered":"https:\/\/hashtag.al\/?p=368807"},"modified":"2020-04-21T15:48:49","modified_gmt":"2020-04-21T13:48:49","slug":"zgjatet-deri-ne-23-qershor-gjendja-e-fatkeqesise-natyrore-miratohet-pas-dy-ditesh-ne-kuvend","status":"publish","type":"post","link":"https:\/\/www.hashtag.al\/index.php\/2020\/04\/21\/zgjatet-deri-ne-23-qershor-gjendja-e-fatkeqesise-natyrore-miratohet-pas-dy-ditesh-ne-kuvend\/","title":{"rendered":"Zgjatet deri n\u00eb 23 qershor gjendja e fatkeq\u00ebsis\u00eb natyrore, miratohet pas dy dit\u00ebsh n\u00eb Kuvend","gt_translate_keys":[{"key":"rendered","format":"text"}]},"content":{"rendered":"<p><img loading=\"lazy\" decoding=\"async\" class=\"aligncenter size-full wp-image-368808\" src=\"https:\/\/hashtag.al\/wp-content\/uploads\/2020\/04\/ramakuvend.jpg\" alt=\"\" width=\"840\" height=\"440\" srcset=\"https:\/\/www.hashtag.al\/wp-content\/uploads\/2020\/04\/ramakuvend.jpg 840w, https:\/\/www.hashtag.al\/wp-content\/uploads\/2020\/04\/ramakuvend-300x157.jpg 300w, https:\/\/www.hashtag.al\/wp-content\/uploads\/2020\/04\/ramakuvend-768x402.jpg 768w\" sizes=\"auto, (max-width: 840px) 100vw, 840px\" \/><\/p>\n<p><span style=\"color: #000000;\">Kryeministri Rama ka vendosur zgjatjen e gjendjes s\u00eb fatkeq\u00ebsis\u00eb natyrore deri n\u00eb dat\u00ebn 23 qershor 2020. <\/span><\/p>\n<p><span style=\"color: #000000;\">Formalisht pritet q\u00eb propozimi i qeveris\u00eb t\u00eb miratohet nga parlamenti n\u00eb seanc\u00ebn e radh\u00ebs q\u00eb do mbahet m\u00eb 23 prill.<\/span><\/p>\n<p><span style=\"color: #000000;\"><em>\u201cN\u00eb mb\u00ebshtetje t\u00eb neneve 100 dhe 174, pika 2, t\u00eb Kushtetut\u00ebs dhe t\u00eb shkronj\u00ebs \u2018d\u2019 t\u00eb nenit 18 t\u00eb ligjit nr. 45\/2019 t\u00eb Sh\u00ebndet\u00ebsis\u00eb dhe Mbrojtjes Civile dhe t\u00eb ministrit t\u00eb Shtetit p\u00ebr Rind\u00ebrtimin, K\u00ebshilli i Ministrave vendosi:<\/em><\/span><\/p>\n<p><span style=\"color: #000000;\"><em>Propozimin Kuvendit t\u00eb Republik\u00ebs s\u00eb Shqip\u00ebris\u00eb p\u00ebr dh\u00ebnien e p\u00eblqimit p\u00ebr zgjatjen e gjendjes fatkeq\u00ebsis\u00eb natyrore, t\u00eb shpallur me vendim nr. 243, dat\u00eb 24.03.2020, t\u00eb K\u00ebshillit t\u00eb Ministrave, \u2018P\u00ebr shpalljen e Gjendjes s\u00eb fatkeq\u00ebsis\u00eb natyrore\u2019, deri n\u00eb dat\u00ebn 23.06.2020. Ky vendim hyn n\u00eb fuqi menj\u00ebher\u00eb.\u201d &#8211; <\/em>thuhet n\u00eb vendimin e qeveris\u00eb.<\/span><\/p>\n<p><span style=\"color: #000000;\">Gjat\u00eb gjendjes s\u00eb fatkeq\u00ebsis\u00eb natyrore kufizohen disa t\u00eb drejta e liri themelore q\u00eb garantohen nga Kushtetuta. B\u00ebhet fjal\u00eb p\u00ebr nenet 37, 38, 41 pika 4, 49 e 51 t\u00eb Kushtetut\u00ebs. <\/span><\/p>\n<p><span style=\"color: #000000;\">Ato kufizohen deri n\u00eb mas\u00ebn q\u00eb konsiderohet e domosdoshme p\u00ebr t\u00eb arritur ruajtjen e sh\u00ebndetit t\u00eb shtetasve, sipas vendimit t\u00eb qeveris\u00eb. <\/span><\/p>\n<p><span style=\"color: #000000;\">N\u00eb gjendjen e fatkeq\u00ebsis\u00eb natyrore qytetar\u00ebve nuk u garantohet paprekshm\u00ebria e banes\u00ebs, e pron\u00ebs, e kontrollit t\u00eb banes\u00ebs apo vetjak, e l\u00ebvizjes s\u00eb lir\u00eb brenda vendit dhe e drejta e gjetjes s\u00eb pun\u00ebs, e daljes jasht\u00eb vendit si dhe e drejta e protestave, grevave dhe tubimeve.<\/span><\/p>\n","protected":false,"gt_translate_keys":[{"key":"rendered","format":"html"}]},"excerpt":{"rendered":"<p>Kryeministri Rama ka vendosur zgjatjen e gjendjes s\u00eb fatkeq\u00ebsis\u00eb natyrore deri n\u00eb dat\u00ebn 23 qershor 2020. Formalisht pritet q\u00eb propozimi i qeveris\u00eb t\u00eb miratohet nga parlamenti n\u00eb seanc\u00ebn e radh\u00ebs q\u00eb do mbahet m\u00eb 23 prill. \u201cN\u00eb mb\u00ebshtetje t\u00eb neneve 100 dhe 174, pika 2, t\u00eb Kushtetut\u00ebs dhe t\u00eb shkronj\u00ebs \u2018d\u2019 t\u00eb nenit 18 t\u00eb [&hellip;]<\/p>\n","protected":false,"gt_translate_keys":[{"key":"rendered","format":"html"}]},"author":51,"featured_media":368808,"comment_status":"open","ping_status":"open","sticky":false,"template":"","format":"standard","meta":{"footnotes":""},"categories":[65,13],"tags":[],"class_list":["post-368807","post","type-post","status-publish","format-standard","has-post-thumbnail","hentry","category-lajme","category-te-fundit"],"gt_translate_keys":[{"key":"link","format":"url"}],"_links":{"self":[{"href":"https:\/\/www.hashtag.al\/index.php\/wp-json\/wp\/v2\/posts\/368807","targetHints":{"allow":["GET"]}}],"collection":[{"href":"https:\/\/www.hashtag.al\/index.php\/wp-json\/wp\/v2\/posts"}],"about":[{"href":"https:\/\/www.hashtag.al\/index.php\/wp-json\/wp\/v2\/types\/post"}],"author":[{"embeddable":true,"href":"https:\/\/www.hashtag.al\/index.php\/wp-json\/wp\/v2\/users\/51"}],"replies":[{"embeddable":true,"href":"https:\/\/www.hashtag.al\/index.php\/wp-json\/wp\/v2\/comments?post=368807"}],"version-history":[{"count":0,"href":"https:\/\/www.hashtag.al\/index.php\/wp-json\/wp\/v2\/posts\/368807\/revisions"}],"wp:featuredmedia":[{"embeddable":true,"href":"https:\/\/www.hashtag.al\/index.php\/wp-json\/wp\/v2\/media\/368808"}],"wp:attachment":[{"href":"https:\/\/www.hashtag.al\/index.php\/wp-json\/wp\/v2\/media?parent=368807"}],"wp:term":[{"taxonomy":"category","embeddable":true,"href":"https:\/\/www.hashtag.al\/index.php\/wp-json\/wp\/v2\/categories?post=368807"},{"taxonomy":"post_tag","embeddable":true,"href":"https:\/\/www.hashtag.al\/index.php\/wp-json\/wp\/v2\/tags?post=368807"}],"curies":[{"name":"wp","href":"https:\/\/api.w.org\/{rel}","templated":true}]}}