{"id":368630,"date":"2020-04-20T19:30:59","date_gmt":"2020-04-20T17:30:59","guid":{"rendered":"https:\/\/hashtag.al\/?p=368630"},"modified":"2020-04-20T19:24:54","modified_gmt":"2020-04-20T17:24:54","slug":"di-maio-pret-60-infermieret-shqiptare-certifikata-e-dyte-e-miqesise-mes-dy-vendeve","status":"publish","type":"post","link":"https:\/\/www.hashtag.al\/index.php\/2020\/04\/20\/di-maio-pret-60-infermieret-shqiptare-certifikata-e-dyte-e-miqesise-mes-dy-vendeve\/","title":{"rendered":"Di Maio pret 60 infermier\u00ebt shqiptar\u00eb: Certifikata e dyt\u00eb e miq\u00ebsis\u00eb mes dy vendeve","gt_translate_keys":[{"key":"rendered","format":"text"}]},"content":{"rendered":"<p><img loading=\"lazy\" decoding=\"async\" class=\"aligncenter size-full wp-image-368631\" src=\"https:\/\/hashtag.al\/wp-content\/uploads\/2020\/04\/Di-Maio-1.jpg\" alt=\"\" width=\"960\" height=\"721\" srcset=\"https:\/\/www.hashtag.al\/wp-content\/uploads\/2020\/04\/Di-Maio-1.jpg 960w, https:\/\/www.hashtag.al\/wp-content\/uploads\/2020\/04\/Di-Maio-1-300x225.jpg 300w, https:\/\/www.hashtag.al\/wp-content\/uploads\/2020\/04\/Di-Maio-1-768x577.jpg 768w\" sizes=\"auto, (max-width: 960px) 100vw, 960px\" \/><\/p>\n<p><span style=\"color: #000000;\">Ministri i Jasht\u00ebm i Italis\u00eb Luigi Di Maio pasi priti t\u00eb 60 infermier\u00ebt e nisur nga Shqip\u00ebria p\u00ebr t\u00eb ndihmuar koleg\u00ebt e tyre n\u00eb luft\u00ebn ndaj koronavirusit, fal\u00ebnderoi p\u00ebrs\u00ebri vendin ton\u00eb.<\/span><\/p>\n<p><span style=\"color: #000000;\">Sipas Di Maios, kjo \u00ebsht\u00eb certifikata e dyt\u00eb q\u00eb tregon miq\u00ebsin\u00eb mes dy vendeve duke e konsideruar Shqip\u00ebrin\u00eb si nj\u00eb nga kontribuuesit kryesor\u00eb p\u00ebr Italin\u00eb n\u00eb p\u00ebrballjen ndaj koronavirusit.<\/span><\/p>\n<p><span style=\"color: #000000;\">\u201c<em>Kjo \u00ebsht\u00eb nj\u00eb pjes\u00eb tjet\u00ebr e kontingjentit t\u00eb forcave t\u00eb bardha shqiptare q\u00eb kan\u00eb ardhur p\u00ebr t\u00eb na dh\u00ebn\u00eb nj\u00eb dor\u00eb<\/em>\u201d, tha kreu i diplomacis\u00eb italiane pasi p\u00ebrsh\u00ebndeti punonj\u00ebsit e sh\u00ebndetit \u2013 teksa mbante nj\u00eb mask\u00eb me tre ngjyra si flamuri i Italis\u00eb- t\u00eb shoq\u00ebruar nga zv\/ministri i jasht\u00ebm shqiptar. \u201c<em>Jan\u00eb 60 infermier\u00eb q\u00eb do t\u00eb shkojn\u00eb direkt n\u00eb rajonin e Marche, autobus\u00ebt e ushtris\u00eb do t\u2019i \u00e7ojn\u00eb ata direkt n\u00eb rajonin e Marche n\u00eb or\u00ebt e ardhshme: \u00ebsht\u00eb nj\u00eb rajon i prekur shum\u00eb q\u00eb do t\u00eb ndihmohet<\/em>\u201d- tha ai.<\/span><\/p>\n<p><span style=\"color: #000000;\">\u201c<em>Fal\u00ebnderoj kryeministrin Edi Rama, t\u00eb gjith\u00eb qeverin\u00eb dhe gjith\u00eb popullin shqiptar<\/em>\u201d- p\u00ebrs\u00ebriti Di Maio, \u201c<em>p\u00ebr certifikat\u00ebn e dyt\u00eb t\u00eb shk\u00eblqyer t\u00eb miq\u00ebsis\u00eb, me nj\u00eb shenj\u00eb konkrete t\u00eb njer\u00ebzve q\u00eb do t\u00eb shkojn\u00eb p\u00ebr t\u00eb shp\u00ebtuar jet\u00ebn e bashk\u00ebqytetar\u00ebve tan\u00eb dhe n\u00eb t\u00eb nj\u00ebjt\u00ebn koh\u00eb do t\u00eb ndihmojn\u00eb mjek\u00ebt dhe infermier\u00ebt tan\u00eb t\u00eb marrin frym\u00eb pas m\u00eb shum\u00eb se nj\u00eb muaji- rreth 40 dit\u00eb \u2013 t\u00eb Italis\u00eb t\u00eb mbyllur dhe n\u00eb luft\u00eb kund\u00ebr virusit q\u00eb po sjell shenjat e para pozitive<\/em>\u201d.<\/span><br \/>\n<iframe loading=\"lazy\" style=\"border: none; overflow: hidden;\" src=\"https:\/\/www.facebook.com\/plugins\/video.php?href=https%3A%2F%2Fwww.facebook.com%2FLuigiDiMaio%2Fvideos%2F883841512118024%2F&amp;show_text=0&amp;width=560\" width=\"560\" height=\"315\" frameborder=\"0\" scrolling=\"no\" allowfullscreen=\"allowfullscreen\"><\/iframe><\/p>\n","protected":false,"gt_translate_keys":[{"key":"rendered","format":"html"}]},"excerpt":{"rendered":"<p>Ministri i Jasht\u00ebm i Italis\u00eb Luigi Di Maio pasi priti t\u00eb 60 infermier\u00ebt e nisur nga Shqip\u00ebria p\u00ebr t\u00eb ndihmuar koleg\u00ebt e tyre n\u00eb luft\u00ebn ndaj koronavirusit, fal\u00ebnderoi p\u00ebrs\u00ebri vendin ton\u00eb. Sipas Di Maios, kjo \u00ebsht\u00eb certifikata e dyt\u00eb q\u00eb tregon miq\u00ebsin\u00eb mes dy vendeve duke e konsideruar Shqip\u00ebrin\u00eb si nj\u00eb nga kontribuuesit kryesor\u00eb p\u00ebr [&hellip;]<\/p>\n","protected":false,"gt_translate_keys":[{"key":"rendered","format":"html"}]},"author":32,"featured_media":368631,"comment_status":"open","ping_status":"open","sticky":false,"template":"","format":"standard","meta":{"footnotes":""},"categories":[65,13],"tags":[],"class_list":["post-368630","post","type-post","status-publish","format-standard","has-post-thumbnail","hentry","category-lajme","category-te-fundit"],"gt_translate_keys":[{"key":"link","format":"url"}],"_links":{"self":[{"href":"https:\/\/www.hashtag.al\/index.php\/wp-json\/wp\/v2\/posts\/368630","targetHints":{"allow":["GET"]}}],"collection":[{"href":"https:\/\/www.hashtag.al\/index.php\/wp-json\/wp\/v2\/posts"}],"about":[{"href":"https:\/\/www.hashtag.al\/index.php\/wp-json\/wp\/v2\/types\/post"}],"author":[{"embeddable":true,"href":"https:\/\/www.hashtag.al\/index.php\/wp-json\/wp\/v2\/users\/32"}],"replies":[{"embeddable":true,"href":"https:\/\/www.hashtag.al\/index.php\/wp-json\/wp\/v2\/comments?post=368630"}],"version-history":[{"count":0,"href":"https:\/\/www.hashtag.al\/index.php\/wp-json\/wp\/v2\/posts\/368630\/revisions"}],"wp:featuredmedia":[{"embeddable":true,"href":"https:\/\/www.hashtag.al\/index.php\/wp-json\/wp\/v2\/media\/368631"}],"wp:attachment":[{"href":"https:\/\/www.hashtag.al\/index.php\/wp-json\/wp\/v2\/media?parent=368630"}],"wp:term":[{"taxonomy":"category","embeddable":true,"href":"https:\/\/www.hashtag.al\/index.php\/wp-json\/wp\/v2\/categories?post=368630"},{"taxonomy":"post_tag","embeddable":true,"href":"https:\/\/www.hashtag.al\/index.php\/wp-json\/wp\/v2\/tags?post=368630"}],"curies":[{"name":"wp","href":"https:\/\/api.w.org\/{rel}","templated":true}]}}