{"id":368253,"date":"2020-04-18T23:19:36","date_gmt":"2020-04-18T21:19:36","guid":{"rendered":"https:\/\/hashtag.al\/?p=368253"},"modified":"2020-04-19T08:02:21","modified_gmt":"2020-04-19T06:02:21","slug":"mbledhja-urgjente-e-parlamentit-na-ka-kushtuar-6-milione-leke-per-maska-e-xhel","status":"publish","type":"post","link":"https:\/\/www.hashtag.al\/index.php\/2020\/04\/18\/mbledhja-urgjente-e-parlamentit-na-ka-kushtuar-6-milione-leke-per-maska-e-xhel\/","title":{"rendered":"Mbledhja urgjente e Parlamentit na ka kushtuar 6 milion\u00eb lek\u00eb, p\u00ebr maska e xhel","gt_translate_keys":[{"key":"rendered","format":"text"}]},"content":{"rendered":"<p><img loading=\"lazy\" decoding=\"async\" class=\"aligncenter size-full wp-image-368264\" src=\"https:\/\/hashtag.al\/wp-content\/uploads\/2020\/04\/fotooki.jpg\" alt=\"\" width=\"1278\" height=\"738\" srcset=\"https:\/\/www.hashtag.al\/wp-content\/uploads\/2020\/04\/fotooki.jpg 1278w, https:\/\/www.hashtag.al\/wp-content\/uploads\/2020\/04\/fotooki-300x173.jpg 300w, https:\/\/www.hashtag.al\/wp-content\/uploads\/2020\/04\/fotooki-768x443.jpg 768w, https:\/\/www.hashtag.al\/wp-content\/uploads\/2020\/04\/fotooki-1024x591.jpg 1024w\" sizes=\"auto, (max-width: 1278px) 100vw, 1278px\" \/><\/p>\n<p>T\u00eb enjten e 16 prillit, rreth or\u00ebs 09:30 dhjet\u00eb qytetar\u00eb t\u00eb Tiran\u00ebs po mbanin radh\u00ebn para hyrjes s\u00eb nj\u00eb dege bankare te \u201cKomuna e Parisit\u201d.<\/p>\n<p>Me distanc\u00ebn 1.5 met\u00ebr nuk abuzonte njeri.<\/p>\n<p>Radha sa vinte e shtohej, nd\u00ebrsa disa prej t\u00eb rinjve mb\u00ebrrit\u00ebn pa doreza dhe maska. Urdhri ishte i prer\u00eb: askush nuk mund t\u00eb merrte sh\u00ebrbim n\u00eb bank\u00eb pa u pajisur me t\u00eb dyja!<\/p>\n<p>Zgjidhja e vetme ishte t\u00eb hynin n\u00eb farmacin\u00eb af\u00ebr, teksa b\u00ebn\u00eb gati 10 mij\u00eb lek\u00ebshat e vjet\u00ebr p\u00ebr t\u00eb bler\u00eb maska e doreza.<\/p>\n<p>Bezdisja e sikleti ju dukej hapur sepse ju duhej t\u00eb shpenzonin por tik-taku i or\u00ebs s\u00eb lej\u00ebs po trokiste e duhet t\u00eb vendosnin shpejt.<\/p>\n<p>&nbsp;<\/p>\n<p><img loading=\"lazy\" decoding=\"async\" class=\"aligncenter size-full wp-image-368265\" src=\"https:\/\/hashtag.al\/wp-content\/uploads\/2020\/04\/fotook.jpg\" alt=\"\" width=\"745\" height=\"511\" srcset=\"https:\/\/www.hashtag.al\/wp-content\/uploads\/2020\/04\/fotook.jpg 745w, https:\/\/www.hashtag.al\/wp-content\/uploads\/2020\/04\/fotook-300x206.jpg 300w\" sizes=\"auto, (max-width: 745px) 100vw, 745px\" \/><\/p>\n<p>Pak minuta m\u00eb pas, disa kilometra larg, n\u00eb sall\u00ebn e seancave plenare t\u00eb Kuvendit t\u00eb Shqip\u00ebris\u00eb u mblodh\u00ebn p\u00ebr ashp\u00ebrsimin e masave ndaj shqiptar\u00ebve nj\u00eb grup deputet\u00ebsh shqiptar\u00eb.<\/p>\n<p>Deputet\u00ebt, me paga m\u00eb t\u00eb m\u00ebdha se qytetar\u00ebt q\u00eb mbanin radh\u00ebn n\u00eb bank\u00eb, nuk e pat\u00ebn detyrimin q\u00eb t\u00eb shpenzonin. P\u00ebr ta kishte menduar kuvendi.<\/p>\n<p>Me parat\u00eb e taksapaguesve shqiptar\u00eb.<\/p>\n<p>Nga 10-15 mij\u00eb lek\u00eb t\u00eb vjetra p\u00ebr deputet na ka kushtuar maska dhe larja e duarve t\u00eb tyre po t\u00eb llogaris\u00ebsh me p\u00ebraf\u00ebrsi, n\u00eb munges\u00eb t\u00eb specifikimit t\u00eb \u00e7mimit, koston e 500 higjenizuesve dhe 360 maskave. Operacioni \u00ebsht\u00eb kryer n\u00eb dy tendera paralel\u00eb, t\u00eb cilat shihen po t\u00eb klikohet <a href=\"https:\/\/hashtag.al\/wp-content\/uploads\/2020\/04\/Linku-1.pdf\"><em><span style=\"color: #0000ff;\">Linku<\/span><\/em><\/a>.<\/p>\n<p>Blerja e shpejt\u00eb ka kushtuar rreth 6 milion\u00eb lek\u00eb t\u00eb vjetra, nj\u00eb nga blerjet m\u00eb t\u00eb vogla t\u00eb kryera ndonj\u00ebher\u00eb por \u00e7\u00ebshtja kthehet n\u00eb nj\u00eb dilem\u00eb<strong>\u00a0<\/strong>etike:<\/p>\n<p><strong>A duhet t\u00eb pranoj\u00eb nj\u00eb deputet shqiptar t\u00eb blej\u00eb mask\u00ebn dhe xhelin me &#8220;aloe vera&#8221; me parat\u00eb e taksapaguesve kur taksapaguesit mjetet e tyre mbrojt\u00ebse i blejn\u00eb vet\u00eb?<\/strong><\/p>\n<p><img loading=\"lazy\" decoding=\"async\" class=\"aligncenter size-full wp-image-368266\" src=\"https:\/\/hashtag.al\/wp-content\/uploads\/2020\/04\/fotookik.jpg\" alt=\"\" width=\"780\" height=\"440\" srcset=\"https:\/\/www.hashtag.al\/wp-content\/uploads\/2020\/04\/fotookik.jpg 780w, https:\/\/www.hashtag.al\/wp-content\/uploads\/2020\/04\/fotookik-300x169.jpg 300w, https:\/\/www.hashtag.al\/wp-content\/uploads\/2020\/04\/fotookik-768x433.jpg 768w\" sizes=\"auto, (max-width: 780px) 100vw, 780px\" \/><\/p>\n<p>Pamjet e mbledhjes s\u00eb jasht\u00ebzakonshme t\u00eb tyre m\u00eb 16 prill treguan se maskat dhe dorezat e nj\u00eb pjese q\u00eb i p\u00ebrdor\u00ebn ishin t\u00eb ndryshme, nd\u00ebrsa nuk dihet n\u00ebse i kan\u00eb p\u00ebrdorur apo jo higjenizuesit e duarve, edhe pse institucioni ligjv\u00ebn\u00ebs mendoi q\u00eb ta.<\/p>\n<p>Mbetet e paqart\u00eb sa \u00ebsht\u00eb numri i mjeteve mbrojt\u00ebse q\u00eb do p\u00ebrdoren nga punonj\u00ebsit e parlamentit por fakti q\u00ebndron: dy tenderat u zhvilluan nj\u00eb dit\u00eb para mbledhjes urgjente t\u00eb deputet\u00ebve, n\u00eb asnj\u00ebr\u00ebn prej dit\u00ebve t\u00eb m\u00ebparshme t\u00eb izolimit. Kuvendi ka zhvilluar m\u00eb par\u00eb edhe 7 <a href=\"https:\/\/hashtag.al\/wp-content\/uploads\/2020\/04\/TENDERA.pdf\"><em><span style=\"color: #0000ff;\">TENDERA<\/span><\/em><\/a> t\u00eb tjer\u00eb t\u00eb ngjash\u00ebm, rreth 20 milion\u00eb lek\u00eb t\u00eb vjetra.<\/p>\n<p>Tenderat e mbyllura nj\u00eb dit\u00eb para nisjes s\u00eb mbledhjes s\u00eb deputet\u00ebve bien ndesh me jehon\u00ebn e vendimeve t\u00eb kryeministrit Edi Rama, i cili u p\u00ebrgjysmoi pag\u00ebn deputet\u00ebve p\u00ebr shkak t\u00eb pandemis\u00eb. Puna e Kuvendit u pezullua m\u00eb 11 mars. \/<strong>V.Gogo<\/strong><\/p>\n","protected":false,"gt_translate_keys":[{"key":"rendered","format":"html"}]},"excerpt":{"rendered":"<p>T\u00eb enjten e 16 prillit, rreth or\u00ebs 09:30 dhjet\u00eb qytetar\u00eb t\u00eb Tiran\u00ebs po mbanin radh\u00ebn para hyrjes s\u00eb nj\u00eb dege bankare te \u201cKomuna e Parisit\u201d. Me distanc\u00ebn 1.5 met\u00ebr nuk abuzonte njeri. Radha sa vinte e shtohej, nd\u00ebrsa disa prej t\u00eb rinjve mb\u00ebrrit\u00ebn pa doreza dhe maska. Urdhri ishte i prer\u00eb: askush nuk mund t\u00eb [&hellip;]<\/p>\n","protected":false,"gt_translate_keys":[{"key":"rendered","format":"html"}]},"author":6,"featured_media":368264,"comment_status":"open","ping_status":"open","sticky":false,"template":"","format":"standard","meta":{"footnotes":""},"categories":[22,65,13],"tags":[],"class_list":["post-368253","post","type-post","status-publish","format-standard","has-post-thumbnail","hentry","category-ballina","category-lajme","category-te-fundit"],"gt_translate_keys":[{"key":"link","format":"url"}],"_links":{"self":[{"href":"https:\/\/www.hashtag.al\/index.php\/wp-json\/wp\/v2\/posts\/368253","targetHints":{"allow":["GET"]}}],"collection":[{"href":"https:\/\/www.hashtag.al\/index.php\/wp-json\/wp\/v2\/posts"}],"about":[{"href":"https:\/\/www.hashtag.al\/index.php\/wp-json\/wp\/v2\/types\/post"}],"author":[{"embeddable":true,"href":"https:\/\/www.hashtag.al\/index.php\/wp-json\/wp\/v2\/users\/6"}],"replies":[{"embeddable":true,"href":"https:\/\/www.hashtag.al\/index.php\/wp-json\/wp\/v2\/comments?post=368253"}],"version-history":[{"count":0,"href":"https:\/\/www.hashtag.al\/index.php\/wp-json\/wp\/v2\/posts\/368253\/revisions"}],"wp:featuredmedia":[{"embeddable":true,"href":"https:\/\/www.hashtag.al\/index.php\/wp-json\/wp\/v2\/media\/368264"}],"wp:attachment":[{"href":"https:\/\/www.hashtag.al\/index.php\/wp-json\/wp\/v2\/media?parent=368253"}],"wp:term":[{"taxonomy":"category","embeddable":true,"href":"https:\/\/www.hashtag.al\/index.php\/wp-json\/wp\/v2\/categories?post=368253"},{"taxonomy":"post_tag","embeddable":true,"href":"https:\/\/www.hashtag.al\/index.php\/wp-json\/wp\/v2\/tags?post=368253"}],"curies":[{"name":"wp","href":"https:\/\/api.w.org\/{rel}","templated":true}]}}