{"id":367790,"date":"2020-04-16T16:50:13","date_gmt":"2020-04-16T14:50:13","guid":{"rendered":"https:\/\/hashtag.al\/?p=367790"},"modified":"2020-04-16T17:52:18","modified_gmt":"2020-04-16T15:52:18","slug":"ne-kerkim-per-ekzekutimin-e-ish-policit-prangoset-ne-tirane-anetari-i-klanit-duka","status":"publish","type":"post","link":"https:\/\/www.hashtag.al\/index.php\/2020\/04\/16\/ne-kerkim-per-ekzekutimin-e-ish-policit-prangoset-ne-tirane-anetari-i-klanit-duka\/","title":{"rendered":"N\u00eb k\u00ebrkim p\u00ebr ekzekutimin e ish-policit, prangoset n\u00eb Tiran\u00eb an\u00ebtari i klanit Duka","gt_translate_keys":[{"key":"rendered","format":"text"}]},"content":{"rendered":"<p><span style=\"color: #000000;\"><img loading=\"lazy\" decoding=\"async\" class=\"aligncenter size-full wp-image-367791\" src=\"https:\/\/hashtag.al\/wp-content\/uploads\/2020\/04\/ilirselmani.png\" alt=\"\" width=\"750\" height=\"375\" srcset=\"https:\/\/www.hashtag.al\/wp-content\/uploads\/2020\/04\/ilirselmani.png 750w, https:\/\/www.hashtag.al\/wp-content\/uploads\/2020\/04\/ilirselmani-300x150.png 300w\" sizes=\"auto, (max-width: 750px) 100vw, 750px\" \/><\/span><\/p>\n<p><span style=\"color: #000000;\">\u00cbsht\u00eb ndaluar dit\u00ebn e sotme Ilir Selmani, nj\u00eb nga personat e shpallur n\u00eb k\u00ebrkim p\u00ebr ekzekutimin e ish-efektivit t\u00eb policis\u00eb, Santiago Malko, n\u00eb gusht t\u00eb vitit 2019. <\/span><\/p>\n<p><span style=\"color: #000000;\">Ai \u00ebsht\u00eb ndaluar nga forcat Shqiponja nd\u00ebrsa ishte n\u00eb k\u00ebrkim prej m\u00eb shum\u00eb se 7 muajsh. <\/span><\/p>\n<p><span style=\"color: #000000;\">Selmani akuzohet si pjes\u00eb e klanit Duka dhe si nj\u00eb nga personat e p\u00ebrfshir\u00eb n\u00eb vrasjen e ish-policit n\u00eb rrug\u00ebn Xhanfize Keko n\u00eb Tiran\u00eb. <\/span><\/p>\n<p><span style=\"color: #000000;\">Ai \u00ebsht\u00eb ndaluar sot n\u00eb nj\u00eb apartament n\u00eb zon\u00ebn e Xhamllikut ku q\u00ebndronte bashk\u00eb me disa persona t\u00eb tjer\u00eb.<\/span><\/p>\n<p><span style=\"color: #000000;\"><strong>NJOFTIMI<\/strong><\/span><\/p>\n<p><span style=\"color: #000000;\">Operacioni, nga Komisariati i Policis\u00eb Nr. 2 dhe Sektori p\u00ebr Krimet e R\u00ebnda n\u00eb Drejtoris\u00eb Vendore t\u00eb Policis\u00eb Tiran\u00eb.<\/span><\/p>\n<p><span style=\"color: #000000;\">Finalizimi i operacionit, pas nj\u00eb pune disajavore, me metoda speciale t\u00eb hetimit.<\/span><\/p>\n<p><span style=\"color: #000000;\">Kapet dhe vihet n\u00eb pranga autori i dyshuar i vrasjes s\u00eb shtetasit S. M., ndodhur n\u00eb gusht t\u00eb vitit 2019.<\/span><\/p>\n<p><span style=\"color: #000000;\">Strukturat e Drejtoris\u00eb Vendore t\u00eb Policis\u00eb Tiran\u00eb, n\u00eb vijim t\u00eb pun\u00ebs p\u00ebr kapjen e personave me rrezikshm\u00ebri t\u00eb lart\u00eb shoq\u00ebrore n\u00eb fush\u00ebn e krimeve ndaj personit, gjat\u00eb mesdit\u00ebs s\u00eb sotme kan\u00eb finalizuar operacionin t\u00eb koduar \u201cGjurmimi\u201d, n\u00eb kuad\u00ebr t\u00eb t\u00eb cilit, nga sh\u00ebrbimet e Komisariatit t\u00eb Policis\u00eb Nr. 2 dhe Sektori p\u00ebr Krimet e R\u00ebnda n\u00eb Drejtorin\u00eb Vendore t\u00eb Policis\u00eb Tiran\u00eb, n\u00eb rrug\u00ebn \u201cEndri Keko\u201d, u b\u00eb e mundur kapja dhe prangosja e shtetasit Ilir Selmani, 35 vje\u00e7, banues n\u00eb Tiran\u00eb.<\/span><\/p>\n<p><span style=\"color: #000000;\">P\u00ebr k\u00ebt\u00eb shtetas, Gjykata e Shkall\u00ebs s\u00eb Par\u00eb p\u00ebr Krime t\u00eb R\u00ebnda Tiran\u00eb ka vendosur mas\u00ebn e sigurimit personal \u201cArrest n\u00eb burg\u201d, si i dyshuar p\u00ebr kryerjen e veprave penale \u201cVrasja me paramendim\u201d dhe \u201cMbajtja pa leje e arm\u00ebve, arm\u00ebve shp\u00ebrthyese dhe municionit\u201d, t\u00eb kryera n\u00eb bashk\u00ebpunim n\u00eb form\u00ebn e grupit t\u00eb strukturuar kriminal.<\/span><\/p>\n<p><span style=\"color: #000000;\">Shtetasit Ilir Selmani, n\u00eb momentin e kapjes nga Policia, i \u00ebsht\u00eb gjetur dhe sekuestruar nj\u00eb arm\u00eb zjarri tip pistolet\u00eb dhe municion luftarak.<\/span><\/p>\n<p><span style=\"color: #000000;\">Ky shtetas \u00ebsht\u00eb nj\u00eb nga personat e dyshuar t\u00eb ngjarjes s\u00eb ndodhur me dat\u00eb 27.08.2019, n\u00eb rrug\u00ebn \u201cXhanfize Keko\u201d, ku ka mbetur i vrar\u00eb me arm\u00eb zjarri shtetasi S. M.<\/span><\/p>\n<p><span style=\"color: #000000;\">Vijon puna p\u00ebr dokumentimin e plot\u00eb t\u00eb k\u00ebsaj ngjarjeje dhe aktivitetit kriminal t\u00eb shtetasit Ilir Selmani.<\/span><\/p>\n<p><span style=\"color: #000000;\">Materialet procedurale do t\u2019i kalojn\u00eb Prokuroris\u00eb s\u00eb Posa\u00e7me Kund\u00ebr Korrupsionit dhe Krimit t\u00eb Organizuar.<\/span><\/p>\n<p><span style=\"color: #000000;\"><img loading=\"lazy\" decoding=\"async\" class=\"aligncenter size-full wp-image-367792\" src=\"https:\/\/hashtag.al\/wp-content\/uploads\/2020\/04\/ilirselmani.png2_.jpg\" alt=\"\" width=\"713\" height=\"742\" srcset=\"https:\/\/www.hashtag.al\/wp-content\/uploads\/2020\/04\/ilirselmani.png2_.jpg 713w, https:\/\/www.hashtag.al\/wp-content\/uploads\/2020\/04\/ilirselmani.png2_-288x300.jpg 288w\" sizes=\"auto, (max-width: 713px) 100vw, 713px\" \/><\/span><\/p>\n","protected":false,"gt_translate_keys":[{"key":"rendered","format":"html"}]},"excerpt":{"rendered":"<p>\u00cbsht\u00eb ndaluar dit\u00ebn e sotme Ilir Selmani, nj\u00eb nga personat e shpallur n\u00eb k\u00ebrkim p\u00ebr ekzekutimin e ish-efektivit t\u00eb policis\u00eb, Santiago Malko, n\u00eb gusht t\u00eb vitit 2019. Ai \u00ebsht\u00eb ndaluar nga forcat Shqiponja nd\u00ebrsa ishte n\u00eb k\u00ebrkim prej m\u00eb shum\u00eb se 7 muajsh. Selmani akuzohet si pjes\u00eb e klanit Duka dhe si nj\u00eb nga personat [&hellip;]<\/p>\n","protected":false,"gt_translate_keys":[{"key":"rendered","format":"html"}]},"author":51,"featured_media":367791,"comment_status":"open","ping_status":"open","sticky":false,"template":"","format":"standard","meta":{"footnotes":""},"categories":[65,13],"tags":[],"class_list":["post-367790","post","type-post","status-publish","format-standard","has-post-thumbnail","hentry","category-lajme","category-te-fundit"],"gt_translate_keys":[{"key":"link","format":"url"}],"_links":{"self":[{"href":"https:\/\/www.hashtag.al\/index.php\/wp-json\/wp\/v2\/posts\/367790","targetHints":{"allow":["GET"]}}],"collection":[{"href":"https:\/\/www.hashtag.al\/index.php\/wp-json\/wp\/v2\/posts"}],"about":[{"href":"https:\/\/www.hashtag.al\/index.php\/wp-json\/wp\/v2\/types\/post"}],"author":[{"embeddable":true,"href":"https:\/\/www.hashtag.al\/index.php\/wp-json\/wp\/v2\/users\/51"}],"replies":[{"embeddable":true,"href":"https:\/\/www.hashtag.al\/index.php\/wp-json\/wp\/v2\/comments?post=367790"}],"version-history":[{"count":0,"href":"https:\/\/www.hashtag.al\/index.php\/wp-json\/wp\/v2\/posts\/367790\/revisions"}],"wp:featuredmedia":[{"embeddable":true,"href":"https:\/\/www.hashtag.al\/index.php\/wp-json\/wp\/v2\/media\/367791"}],"wp:attachment":[{"href":"https:\/\/www.hashtag.al\/index.php\/wp-json\/wp\/v2\/media?parent=367790"}],"wp:term":[{"taxonomy":"category","embeddable":true,"href":"https:\/\/www.hashtag.al\/index.php\/wp-json\/wp\/v2\/categories?post=367790"},{"taxonomy":"post_tag","embeddable":true,"href":"https:\/\/www.hashtag.al\/index.php\/wp-json\/wp\/v2\/tags?post=367790"}],"curies":[{"name":"wp","href":"https:\/\/api.w.org\/{rel}","templated":true}]}}