{"id":367788,"date":"2020-04-16T16:35:09","date_gmt":"2020-04-16T14:35:09","guid":{"rendered":"https:\/\/hashtag.al\/?p=367788"},"modified":"2020-04-16T16:35:09","modified_gmt":"2020-04-16T14:35:09","slug":"pasqyra-e-covid-19-per-ballkanin-te-prekurit-e-viktimat","status":"publish","type":"post","link":"https:\/\/www.hashtag.al\/index.php\/2020\/04\/16\/pasqyra-e-covid-19-per-ballkanin-te-prekurit-e-viktimat\/","title":{"rendered":"Pasqyra e Covid-19 p\u00ebr Ballkanin, t\u00eb prekurit e viktimat","gt_translate_keys":[{"key":"rendered","format":"text"}]},"content":{"rendered":"<p><img loading=\"lazy\" decoding=\"async\" class=\"aligncenter size-full wp-image-367517\" src=\"https:\/\/hashtag.al\/wp-content\/uploads\/2020\/04\/UScovidreport.jpg2_.jpg\" alt=\"\" width=\"980\" height=\"551\" srcset=\"https:\/\/www.hashtag.al\/wp-content\/uploads\/2020\/04\/UScovidreport.jpg2_.jpg 980w, https:\/\/www.hashtag.al\/wp-content\/uploads\/2020\/04\/UScovidreport.jpg2_-300x169.jpg 300w, https:\/\/www.hashtag.al\/wp-content\/uploads\/2020\/04\/UScovidreport.jpg2_-768x432.jpg 768w\" sizes=\"auto, (max-width: 980px) 100vw, 980px\" \/><\/p>\n<p><span style=\"color: #000000;\">M\u00eb shum\u00eb se 2 milion\u00eb njer\u00ebz n\u00eb mbar\u00eb bot\u00ebn rezultojn\u00eb zyrtarisht t\u00eb prekur nga Covid-19, nd\u00ebrsa numri i viktimave zyrtarisht ka shkuar n\u00eb 136.030.<\/span><\/p>\n<p><span style=\"color: #000000;\"> N\u00eb Ballkan vendet m\u00eb t\u00eb prekura jan\u00eb Rumania, Serbia e Greqia, q\u00eb kan\u00eb m\u00eb shum\u00eb t\u00eb prekur e viktima, sado q\u00eb duhet th\u00ebn\u00eb se vendet n\u00eb fjal\u00eb kan\u00eb edhe popullsi m\u00eb t\u00eb madhe se pjesa tjet\u00ebr, me p\u00ebrjashtim t\u00eb Bullgaris\u00eb. <\/span><\/p>\n<p><span style=\"color: #000000;\">Mali i Zi mban rekordin pozitiv me 4 viktima nd\u00ebrsa Kosova vjen n\u00eb vendin e dyt\u00eb me 10 t\u00eb tilla.<\/span><\/p>\n<p><span style=\"color: #000000;\"><strong>Lista<\/strong><\/span><\/p>\n<p><span style=\"color: #000000;\">Shqip\u00ebria 518 &#8211; 26<\/span><\/p>\n<p><span style=\"color: #000000;\">Kosova 387 &#8211; 10<\/span><\/p>\n<p><span style=\"color: #000000;\">Maqedonia e Veriut 974 &#8211; 45<\/span><\/p>\n<p><span style=\"color: #000000;\">Serbia 4873 &#8211; 99<\/span><\/p>\n<p><span style=\"color: #000000;\">Greqia 2192 &#8211; 102<\/span><\/p>\n<p><span style=\"color: #000000;\">Mali i Zi 290 &#8211; 4<\/span><\/p>\n<p><span style=\"color: #000000;\">Rumania 7707 &#8211; 392<\/span><\/p>\n<p><span style=\"color: #000000;\">Bullgaria 783 &#8211; 37<\/span><\/p>\n<p><span style=\"color: #000000;\">Kroacia 1741 &#8211; 33<\/span><\/p>\n<p><span style=\"color: #000000;\">Sllovenia 1268 &#8211; 61<\/span><\/p>\n<p><span style=\"color: #000000;\">Turqia 69.392 &#8211; 1518<\/span><\/p>\n","protected":false,"gt_translate_keys":[{"key":"rendered","format":"html"}]},"excerpt":{"rendered":"<p>M\u00eb shum\u00eb se 2 milion\u00eb njer\u00ebz n\u00eb mbar\u00eb bot\u00ebn rezultojn\u00eb zyrtarisht t\u00eb prekur nga Covid-19, nd\u00ebrsa numri i viktimave zyrtarisht ka shkuar n\u00eb 136.030. N\u00eb Ballkan vendet m\u00eb t\u00eb prekura jan\u00eb Rumania, Serbia e Greqia, q\u00eb kan\u00eb m\u00eb shum\u00eb t\u00eb prekur e viktima, sado q\u00eb duhet th\u00ebn\u00eb se vendet n\u00eb fjal\u00eb kan\u00eb edhe popullsi m\u00eb [&hellip;]<\/p>\n","protected":false,"gt_translate_keys":[{"key":"rendered","format":"html"}]},"author":51,"featured_media":367517,"comment_status":"open","ping_status":"open","sticky":false,"template":"","format":"standard","meta":{"footnotes":""},"categories":[65,13],"tags":[],"class_list":["post-367788","post","type-post","status-publish","format-standard","has-post-thumbnail","hentry","category-lajme","category-te-fundit"],"gt_translate_keys":[{"key":"link","format":"url"}],"_links":{"self":[{"href":"https:\/\/www.hashtag.al\/index.php\/wp-json\/wp\/v2\/posts\/367788","targetHints":{"allow":["GET"]}}],"collection":[{"href":"https:\/\/www.hashtag.al\/index.php\/wp-json\/wp\/v2\/posts"}],"about":[{"href":"https:\/\/www.hashtag.al\/index.php\/wp-json\/wp\/v2\/types\/post"}],"author":[{"embeddable":true,"href":"https:\/\/www.hashtag.al\/index.php\/wp-json\/wp\/v2\/users\/51"}],"replies":[{"embeddable":true,"href":"https:\/\/www.hashtag.al\/index.php\/wp-json\/wp\/v2\/comments?post=367788"}],"version-history":[{"count":0,"href":"https:\/\/www.hashtag.al\/index.php\/wp-json\/wp\/v2\/posts\/367788\/revisions"}],"wp:featuredmedia":[{"embeddable":true,"href":"https:\/\/www.hashtag.al\/index.php\/wp-json\/wp\/v2\/media\/367517"}],"wp:attachment":[{"href":"https:\/\/www.hashtag.al\/index.php\/wp-json\/wp\/v2\/media?parent=367788"}],"wp:term":[{"taxonomy":"category","embeddable":true,"href":"https:\/\/www.hashtag.al\/index.php\/wp-json\/wp\/v2\/categories?post=367788"},{"taxonomy":"post_tag","embeddable":true,"href":"https:\/\/www.hashtag.al\/index.php\/wp-json\/wp\/v2\/tags?post=367788"}],"curies":[{"name":"wp","href":"https:\/\/api.w.org\/{rel}","templated":true}]}}