{"id":367708,"date":"2020-04-16T12:19:14","date_gmt":"2020-04-16T10:19:14","guid":{"rendered":"https:\/\/hashtag.al\/?p=367708"},"modified":"2020-04-16T12:19:14","modified_gmt":"2020-04-16T10:19:14","slug":"shihni-masat-qe-moren-franca-e-italia-rama-replikon-me-opoziten-e-re","status":"publish","type":"post","link":"https:\/\/www.hashtag.al\/index.php\/2020\/04\/16\/shihni-masat-qe-moren-franca-e-italia-rama-replikon-me-opoziten-e-re\/","title":{"rendered":"&#8220;Shihni masat q\u00eb mor\u00ebn Franca e Italia&#8221; &#8211; Rama &#8220;replikon&#8221; me opozit\u00ebn e re","gt_translate_keys":[{"key":"rendered","format":"text"}]},"content":{"rendered":"<p><img loading=\"lazy\" decoding=\"async\" class=\"aligncenter size-full wp-image-367709\" src=\"https:\/\/hashtag.al\/wp-content\/uploads\/2020\/04\/edirama-e1587032299597.png\" alt=\"\" width=\"602\" height=\"395\" srcset=\"https:\/\/www.hashtag.al\/wp-content\/uploads\/2020\/04\/edirama-e1587032299597.png 602w, https:\/\/www.hashtag.al\/wp-content\/uploads\/2020\/04\/edirama-e1587032299597-300x197.png 300w\" sizes=\"auto, (max-width: 602px) 100vw, 602px\" \/><\/p>\n<p><span style=\"color: #000000;\">Kryeministri Rama ka \u2018replikuar\u2019 me deputet\u00ebt e s\u00eb ashtuquajtur\u00ebs opozita e re. <\/span><\/p>\n<p><span style=\"color: #000000;\">Teksa mbante fjal\u00ebn e tij n\u00eb foltoren e Kuvendit duke sqaruar masat e qeveris\u00eb s\u00eb tij lidhur me Covid-19, Murrizi e Gjoni, fol\u00ebn nga vendi, duke e detyruar kreun e qeveris\u00eb q\u00eb t\u00eb replikonte me ta.<\/span><\/p>\n<p><span style=\"color: #000000;\"> Ai u tha se qeveria ka ndihmuar familjet n\u00eb nevoj\u00eb, ndryshe nga ata q\u00eb han\u00eb e pin\u00eb e flasin n\u00eb em\u00ebr t\u00eb familjeve n\u00eb nevoj\u00eb.<\/span><\/p>\n<p><span style=\"color: #000000;\">Kreu i qeveris\u00eb p\u00ebrmendi masat e marra nga Franca e Italia duke p\u00ebrmendur m\u00eb pas se masat e qeveris\u00eb s\u00eb tij jan\u00eb t\u00eb pranueshme p\u00ebr situat\u00ebn e vendit.<\/span><\/p>\n<p><span style=\"color: #000000;\"><em>\u201cAta q\u00eb i marrin qeset jan\u00eb falenderues e nuk shesin d\u00ebngla. Presidenti i Franc\u00ebs ka deklaruar dje 150 euro plus p\u00ebr \u00e7do familje franceze n\u00eb asistenc\u00eb sociale, pasi dje doli plani i qeveris\u00eb franceze. Un\u00eb flas me fakte e me shifra. Betej\u00ebn n\u00eb sh\u00ebndet\u00ebsi po e fitojm\u00eb, do e fitojm\u00eb edhe at\u00eb n\u00eb ekonomi.<\/em><\/span><\/p>\n<p><span style=\"color: #000000;\"><em>Ju b\u00ebni d\u00ebngla. Hani e pini e flisni gjoja n\u00eb em\u00ebr t\u00eb atyre q\u00eb jan\u00eb n\u00eb v\u00ebshtir\u00ebsi. Franca ka dh\u00ebn\u00eb 1500 euro p\u00ebr mjek\u00ebt n\u00eb vij\u00ebn e par\u00eb t\u00eb luft\u00ebs m\u00eb Covid-19. Ne kemi dh\u00ebn\u00eb 1000 euro plus dhe 500 euro p\u00ebr sanitar\u00eb e shofer\u00eb. Qeveria italiane jep tallona ushqimi. Kur flasim mos harrojm\u00eb ku jemi, \u00e7far\u00eb mund\u00ebsish kemi e \u00e7far\u00eb kemi arritur t\u00eb b\u00ebjm\u00eb deri tani. S\u2019e kam vet\u00ebm me ju, po me ata q\u00eb ishin k\u00ebtu para jush. Individ\u00eb q\u00eb flasin e nuk din\u00eb \u00e7far\u00eb flasin.\u201d<\/em> \u2013 tha Rama.<\/span><\/p>\n","protected":false,"gt_translate_keys":[{"key":"rendered","format":"html"}]},"excerpt":{"rendered":"<p>Kryeministri Rama ka \u2018replikuar\u2019 me deputet\u00ebt e s\u00eb ashtuquajtur\u00ebs opozita e re. Teksa mbante fjal\u00ebn e tij n\u00eb foltoren e Kuvendit duke sqaruar masat e qeveris\u00eb s\u00eb tij lidhur me Covid-19, Murrizi e Gjoni, fol\u00ebn nga vendi, duke e detyruar kreun e qeveris\u00eb q\u00eb t\u00eb replikonte me ta. Ai u tha se qeveria ka ndihmuar [&hellip;]<\/p>\n","protected":false,"gt_translate_keys":[{"key":"rendered","format":"html"}]},"author":51,"featured_media":367709,"comment_status":"open","ping_status":"open","sticky":false,"template":"","format":"standard","meta":{"footnotes":""},"categories":[65,13],"tags":[],"class_list":["post-367708","post","type-post","status-publish","format-standard","has-post-thumbnail","hentry","category-lajme","category-te-fundit"],"gt_translate_keys":[{"key":"link","format":"url"}],"_links":{"self":[{"href":"https:\/\/www.hashtag.al\/index.php\/wp-json\/wp\/v2\/posts\/367708","targetHints":{"allow":["GET"]}}],"collection":[{"href":"https:\/\/www.hashtag.al\/index.php\/wp-json\/wp\/v2\/posts"}],"about":[{"href":"https:\/\/www.hashtag.al\/index.php\/wp-json\/wp\/v2\/types\/post"}],"author":[{"embeddable":true,"href":"https:\/\/www.hashtag.al\/index.php\/wp-json\/wp\/v2\/users\/51"}],"replies":[{"embeddable":true,"href":"https:\/\/www.hashtag.al\/index.php\/wp-json\/wp\/v2\/comments?post=367708"}],"version-history":[{"count":0,"href":"https:\/\/www.hashtag.al\/index.php\/wp-json\/wp\/v2\/posts\/367708\/revisions"}],"wp:featuredmedia":[{"embeddable":true,"href":"https:\/\/www.hashtag.al\/index.php\/wp-json\/wp\/v2\/media\/367709"}],"wp:attachment":[{"href":"https:\/\/www.hashtag.al\/index.php\/wp-json\/wp\/v2\/media?parent=367708"}],"wp:term":[{"taxonomy":"category","embeddable":true,"href":"https:\/\/www.hashtag.al\/index.php\/wp-json\/wp\/v2\/categories?post=367708"},{"taxonomy":"post_tag","embeddable":true,"href":"https:\/\/www.hashtag.al\/index.php\/wp-json\/wp\/v2\/tags?post=367708"}],"curies":[{"name":"wp","href":"https:\/\/api.w.org\/{rel}","templated":true}]}}