{"id":367703,"date":"2020-04-16T12:11:20","date_gmt":"2020-04-16T10:11:20","guid":{"rendered":"https:\/\/hashtag.al\/?p=367703"},"modified":"2020-04-16T12:13:04","modified_gmt":"2020-04-16T10:13:04","slug":"rama-asnje-vend-ne-glob-nuk-ka-bere-ate-qe-kemi-bere-ne-per-te-luftuar-koronavirusin","status":"publish","type":"post","link":"https:\/\/www.hashtag.al\/index.php\/2020\/04\/16\/rama-asnje-vend-ne-glob-nuk-ka-bere-ate-qe-kemi-bere-ne-per-te-luftuar-koronavirusin\/","title":{"rendered":"Rama: Asnj\u00eb vend n\u00eb glob nuk ka b\u00ebr\u00eb at\u00eb q\u00eb kemi b\u00ebr\u00eb ne p\u00ebr t\u00eb luftuar koronavirusin","gt_translate_keys":[{"key":"rendered","format":"text"}]},"content":{"rendered":"<p><a href=\"https:\/\/hashtag.al\/wp-content\/uploads\/2020\/04\/rama-5.jpg\"><img loading=\"lazy\" decoding=\"async\" class=\"aligncenter size-full wp-image-367704\" src=\"https:\/\/hashtag.al\/wp-content\/uploads\/2020\/04\/rama-5.jpg\" alt=\"\" width=\"924\" height=\"467\" srcset=\"https:\/\/www.hashtag.al\/wp-content\/uploads\/2020\/04\/rama-5.jpg 924w, https:\/\/www.hashtag.al\/wp-content\/uploads\/2020\/04\/rama-5-300x152.jpg 300w, https:\/\/www.hashtag.al\/wp-content\/uploads\/2020\/04\/rama-5-768x388.jpg 768w\" sizes=\"auto, (max-width: 924px) 100vw, 924px\" \/><\/a><\/p>\n<p><span style=\"color: #000000;\">Kryeministri Edi Rama ka marr\u00eb fjal\u00ebn n\u00eb seanc\u00ebn e sotme plenare n\u00eb Parlament, dhe nj\u00eblloj si deputetja Rudina Hajdari apo Lefter Maliqi, ka folur nga foltorja.<\/span><\/p>\n<p><span style=\"color: #000000;\">Rama tha se gjat\u00eb k\u00ebsaj kohe ka d\u00ebgjuar lloj lloj d\u00ebnglash, por sipas tij asnj\u00eb vend tjet\u00ebr n\u00eb bot\u00eb nuk ka b\u00ebr\u00eb m\u00eb shum\u00eb se sa Shqip\u00ebria p\u00ebr t\u00eb luftuar pandemin\u00eb e koronavirusit.<\/span><\/p>\n<p><em><span style=\"color: #000000;\">\u201cT\u00eb d\u00ebgjosh lloj lloj d\u00ebnglash, e kuptoj nga ata t\u00eb cil\u00ebt duke e p\u00ebrjetuar tragjedin\u00eb p\u00ebrmes ekraneve t\u00eb televizioneve, p\u00ebrjetojn\u00eb stresin mbi ekonomin\u00eb e tyre familjare. Por t\u00eb d\u00ebgjosh d\u00ebnglat nga ata q\u00eb kan\u00eb mikrofon e kamera p\u00ebrpara, kan\u00eb nj\u00eb z\u00eb q\u00eb shkon p\u00ebrtej z\u00ebrit t\u00eb nj\u00eb njeriu t\u00eb zakonsh\u00ebm dhe flasin n\u00eb em\u00ebr t\u00eb disave&#8230;<\/span><\/em><\/p>\n<p><em><span style=\"color: #000000;\">Jo projeksionet tona por t\u00eb b\u00ebra nga ekspert\u00eb t\u00eb pavarur flisnin p\u00ebr mund\u00ebsin\u00eb potenciale q\u00eb n\u00ebse s\u2019do ishte marr\u00eb asnj\u00eb mas\u00eb ne\u00eb mund t\u00eb kishin 18 mij\u00eb t\u00eb vdekur. Nd\u00ebrsa projeksionet tona, tregojn\u00eb se n\u00ebse masat nuk do ishin respektuar, flisnin p\u00ebr 2 mij\u00eb e 800 t\u00eb vdekur. Ky \u00ebsht\u00eb fakt. Qeverit\u00eb vler\u00ebsohen p\u00ebr at\u00eb q\u00eb b\u00ebjn\u00eb, p\u00ebr at\u00eb q\u00eb ndalojn\u00eb t\u00eb ndodh\u00eb. Nuk ka asnj\u00eb argument mbi baza logjike q\u00eb t\u00eb hedhin posht\u00eb faktin q\u00eb sot Shqip\u00ebria ia kal\u00eb n\u00eb k\u00ebt\u00eb faz\u00eb t\u00eb par\u00eb t\u00eb luft\u00ebs me k\u00ebt\u00eb armik t\u00eb paduksh\u00ebm.<\/span><\/em><\/p>\n<p><em><span style=\"color: #000000;\">Natyrisht n\u00eb kushtet e stresit dhe munges\u00ebs s\u00eb vullnetit p\u00ebr t\u2019u informuar n\u00eb burime zyrtare, ka hap\u00ebsir\u00eb edhe p\u00ebr teorit\u00eb e konspiracionit, edhe p\u00ebr nj\u00eb komplot t\u00eb madh bot\u00ebror p\u00ebr arsye nga m\u00eb t\u00eb ndryshme q\u00eb fantazia e shfrenuar n\u00eb kushtet e karantin\u00ebs i gjen. Ne jemi k\u00ebtu me t\u00eb gjith\u00eb bot\u00ebn, dhe p\u00ebr shkak se \u00ebsht\u00eb dhe bota e p\u00ebrfshir\u00eb se t\u00eb ishte vet\u00ebm k\u00ebtu kushedi se \u00e7do kishim d\u00ebgjuar. Edhe vendet m\u00eb t\u00eb ditura jan\u00eb n\u00eb konfuzion, edhe OBSH \u00ebsht\u00eb shfaqur m\u00eb shum\u00eb se nj\u00eb her\u00eb n\u00eb kontradit\u00eb me vetveten.<\/span><\/em><\/p>\n<p><em><span style=\"color: #000000;\">Un\u00eb di t\u00eb them k\u00ebt\u00eb, di ta faktoj k\u00ebt\u00eb q\u00eb po them, q\u00eb asnj\u00eb vend n\u00eb glob nuk ka b\u00ebr\u00eb asnj\u00eb gj\u00eb m\u00eb shum\u00eb se kjo q\u00eb kemi b\u00ebr\u00eb ne.<\/span><\/em><\/p>\n<p><span style=\"color: #000000;\"><em>Dhe jo rast\u00ebsisht Shqip\u00ebria renditet mes vendeve me plag\u00ebt m\u00eb t\u00eb lehta krahasuar me shum\u00eb vende t\u00eb tjera t\u00eb madh\u00ebsive t\u00eb ndryshme, q\u00eb nga SHBA deri te Luksemburgu. Fatmir\u00ebsisht jemi gjetur n\u00eb nj\u00eb situat\u00eb ku kemi patur mund\u00ebsi ti referohemi organit m\u00eb t\u00eb lart\u00eb, komunitetit teknik t\u00eb ekspert\u00ebve q\u00eb kan\u00eb provuar se Shqip\u00ebria nuk ka se kujt ti ket\u00eb zili. Fare, askujt. Nuk kam mundur t\u00eb d\u00ebgjoj asnj\u00eb ekspert bot\u00ebror t\u00eb thot\u00eb di\u00e7ka t\u00eb re apo t\u00eb paditur p\u00ebr ekspert\u00ebt tan\u00eb. \u00cbsht\u00eb shum\u00eb e qart\u00eb se kjo luft\u00eb ka dy fronte. Frontin e p\u00ebrballjes n\u00eb vij\u00ebn e zjarrit dhe n\u00eb frontin p\u00ebr betej\u00ebn ekonomike sot dhe nes\u00ebr. Ne po e fitojm\u00eb betej\u00ebn n\u00eb frontin e sh\u00ebndet\u00ebsis\u00eb dhe ne do ta fitojm\u00eb dhe betej\u00ebn n\u00eb frontin e ekonomis\u00eb. Natyrisht me sakrifica, stres e durim, por padiskutim do t\u2019i fitojm\u00eb t\u00eb dyja betejat.&#8221;-<\/em> tha Rama.<\/span><\/p>\n<p>&nbsp;<\/p>\n","protected":false,"gt_translate_keys":[{"key":"rendered","format":"html"}]},"excerpt":{"rendered":"<p>Kryeministri Edi Rama ka marr\u00eb fjal\u00ebn n\u00eb seanc\u00ebn e sotme plenare n\u00eb Parlament, dhe nj\u00eblloj si deputetja Rudina Hajdari apo Lefter Maliqi, ka folur nga foltorja. Rama tha se gjat\u00eb k\u00ebsaj kohe ka d\u00ebgjuar lloj lloj d\u00ebnglash, por sipas tij asnj\u00eb vend tjet\u00ebr n\u00eb bot\u00eb nuk ka b\u00ebr\u00eb m\u00eb shum\u00eb se sa Shqip\u00ebria p\u00ebr t\u00eb [&hellip;]<\/p>\n","protected":false,"gt_translate_keys":[{"key":"rendered","format":"html"}]},"author":30,"featured_media":367704,"comment_status":"open","ping_status":"open","sticky":false,"template":"","format":"standard","meta":{"footnotes":""},"categories":[65,13],"tags":[],"class_list":["post-367703","post","type-post","status-publish","format-standard","has-post-thumbnail","hentry","category-lajme","category-te-fundit"],"gt_translate_keys":[{"key":"link","format":"url"}],"_links":{"self":[{"href":"https:\/\/www.hashtag.al\/index.php\/wp-json\/wp\/v2\/posts\/367703","targetHints":{"allow":["GET"]}}],"collection":[{"href":"https:\/\/www.hashtag.al\/index.php\/wp-json\/wp\/v2\/posts"}],"about":[{"href":"https:\/\/www.hashtag.al\/index.php\/wp-json\/wp\/v2\/types\/post"}],"author":[{"embeddable":true,"href":"https:\/\/www.hashtag.al\/index.php\/wp-json\/wp\/v2\/users\/30"}],"replies":[{"embeddable":true,"href":"https:\/\/www.hashtag.al\/index.php\/wp-json\/wp\/v2\/comments?post=367703"}],"version-history":[{"count":0,"href":"https:\/\/www.hashtag.al\/index.php\/wp-json\/wp\/v2\/posts\/367703\/revisions"}],"wp:featuredmedia":[{"embeddable":true,"href":"https:\/\/www.hashtag.al\/index.php\/wp-json\/wp\/v2\/media\/367704"}],"wp:attachment":[{"href":"https:\/\/www.hashtag.al\/index.php\/wp-json\/wp\/v2\/media?parent=367703"}],"wp:term":[{"taxonomy":"category","embeddable":true,"href":"https:\/\/www.hashtag.al\/index.php\/wp-json\/wp\/v2\/categories?post=367703"},{"taxonomy":"post_tag","embeddable":true,"href":"https:\/\/www.hashtag.al\/index.php\/wp-json\/wp\/v2\/tags?post=367703"}],"curies":[{"name":"wp","href":"https:\/\/api.w.org\/{rel}","templated":true}]}}