{"id":367700,"date":"2020-04-16T11:57:44","date_gmt":"2020-04-16T09:57:44","guid":{"rendered":"https:\/\/hashtag.al\/?p=367700"},"modified":"2020-04-16T11:57:44","modified_gmt":"2020-04-16T09:57:44","slug":"lefter-maliqi-clufte-more-hiqini-maskat-po-beni-show","status":"publish","type":"post","link":"https:\/\/www.hashtag.al\/index.php\/2020\/04\/16\/lefter-maliqi-clufte-more-hiqini-maskat-po-beni-show\/","title":{"rendered":"Lefter Maliqi: \u00c7\u2019luft\u00eb more hiqini maskat, po b\u00ebni show","gt_translate_keys":[{"key":"rendered","format":"text"}]},"content":{"rendered":"<p><a href=\"https:\/\/hashtag.al\/wp-content\/uploads\/2020\/04\/Maliqi.jpg\"><img loading=\"lazy\" decoding=\"async\" class=\"aligncenter size-full wp-image-367701\" src=\"https:\/\/hashtag.al\/wp-content\/uploads\/2020\/04\/Maliqi.jpg\" alt=\"\" width=\"801\" height=\"443\" srcset=\"https:\/\/www.hashtag.al\/wp-content\/uploads\/2020\/04\/Maliqi.jpg 801w, https:\/\/www.hashtag.al\/wp-content\/uploads\/2020\/04\/Maliqi-300x166.jpg 300w, https:\/\/www.hashtag.al\/wp-content\/uploads\/2020\/04\/Maliqi-768x425.jpg 768w\" sizes=\"auto, (max-width: 801px) 100vw, 801px\" \/><\/a><\/p>\n<p><span style=\"color: #000000;\">Deputeti Lefter Maliqi, ka kritikuar qeverin\u00eb n\u00eb Kuvend p\u00ebr veprimet n\u00eb k\u00ebt\u00eb situat\u00eb pandemie, duke th\u00ebn\u00eb se po b\u00ebn show dhe po &#8220;mbjell panik&#8221;.<\/span><\/p>\n<p><span style=\"color: #000000;\">Maliqi i b\u00ebri thirrje deputet\u00ebve t\u00eb heqin maskat jo kirurgjikale, por ato q\u00eb sipas tij kan\u00eb mbajtur p\u00ebr 7 vite duke luajtur rolin e aktorit.<\/span><\/p>\n<p><span style=\"color: #000000;\">Deputeti akuzon qeverin\u00eb se po p\u00ebrhap panik dhe madje po mashtron me ndihmat p\u00ebr familjet n\u00eb nevoj\u00eb.<\/span><\/p>\n<p><span style=\"color: #000000;\"><em>\u201dEdhe n\u00eb k\u00ebt\u00eb situat\u00eb t\u00eb dyt\u00eb fatkeq\u00ebsie edhe pse \u00ebsht\u00eb pandemi globale, po shihni n\u00eb parlament, edhe k\u00ebtu mbrapa qeveritar\u00eb, q\u00eb po b\u00ebjn\u00eb sho\u00eb mediatik, nd\u00ebrsa t\u00eb gjith\u00eb sot m\u00eb shum\u00eb se kurr\u00eb e kemi provuar dhe m\u00ebsuar \u00a0se jemi t\u00eb barabart\u00eb, jemi t\u00eb gjith\u00eb t\u00eb vegj\u00ebl para Zotit. Nuk \u00ebsht\u00eb asgj\u00eb as pasuria, as pushteti e as posti.<\/em><\/span><\/p>\n<p><span style=\"color: #000000;\"><em>Pavar\u00ebsisht se k\u00ebtu t\u00eb gjith\u00eb jan\u00eb me maska, kan\u00eb nja 7 vite q\u00eb jan\u00eb me maska para qytetar\u00ebve, por un\u00eb dua t\u2019ju them q\u00eb n\u00eb t\u00eb dyja fatkeq\u00ebsit\u00eb, ne si deputet\u00eb, edhe n\u00eb t\u00ebrmet edhe n\u00eb pandemi kemi par\u00eb k\u00ebtu vet\u00ebm aktrim dhe madje k\u00ebta jan\u00eb aktor\u00eb t\u00eb p\u00ebshtir\u00eb. Kemi par\u00eb ministra me garuzhde dhe p\u00ebrpar\u00ebse, madje dhe me lot\u00eb krokodili. Madje koh\u00ebt e fundit i shohim dhe me qeset. Thon\u00eb 200 mij\u00eb familje, shifra mashtruese nd\u00ebrkoh\u00eb q\u00eb kan\u00eb gjith\u00eb pushtetet. Edhe n \u00eb fjalimin sot 2 minuta, as n\u00eb Koren\u00eb e Veriut nuk pengohet deputeti.<\/em><\/span><\/p>\n<p><span style=\"color: #000000;\"><em>Mos kini frik\u00eb hiqini maskat. Keni marr\u00eb 2 autoambulanca, ky mbrapa e di veten prefekt, ka nxjerr\u00eb ushtrit\u00eb, \u00a0luft\u00eb me mullijt\u00eb e err\u00ebt. Nd\u00ebrkoh\u00eb q\u00eb mund t\u00eb ndihmoj\u00eb familjet n\u00eb nevoj\u00eb. \u00c7\u2019luft\u00eb more, kjo \u00ebsht\u00eb sfid\u00eb q\u00eb do e kalojm\u00eb me k\u00ebshillat e mjek\u00ebve, e k\u00ebshillat e ekspert\u00ebve. \u00a0Po mbillni panik, terror&#8230;\u201d<\/em>&#8211; tha Lefter Maliqi, t\u00eb cilit iu fik mifrofoni pasi i mbaroi koha q\u00eb kishte n\u00eb dispozicion.<\/span><\/p>\n<p>&nbsp;<\/p>\n","protected":false,"gt_translate_keys":[{"key":"rendered","format":"html"}]},"excerpt":{"rendered":"<p>Deputeti Lefter Maliqi, ka kritikuar qeverin\u00eb n\u00eb Kuvend p\u00ebr veprimet n\u00eb k\u00ebt\u00eb situat\u00eb pandemie, duke th\u00ebn\u00eb se po b\u00ebn show dhe po &#8220;mbjell panik&#8221;. Maliqi i b\u00ebri thirrje deputet\u00ebve t\u00eb heqin maskat jo kirurgjikale, por ato q\u00eb sipas tij kan\u00eb mbajtur p\u00ebr 7 vite duke luajtur rolin e aktorit. Deputeti akuzon qeverin\u00eb se po p\u00ebrhap [&hellip;]<\/p>\n","protected":false,"gt_translate_keys":[{"key":"rendered","format":"html"}]},"author":30,"featured_media":367701,"comment_status":"open","ping_status":"open","sticky":false,"template":"","format":"standard","meta":{"footnotes":""},"categories":[65,13],"tags":[],"class_list":["post-367700","post","type-post","status-publish","format-standard","has-post-thumbnail","hentry","category-lajme","category-te-fundit"],"gt_translate_keys":[{"key":"link","format":"url"}],"_links":{"self":[{"href":"https:\/\/www.hashtag.al\/index.php\/wp-json\/wp\/v2\/posts\/367700","targetHints":{"allow":["GET"]}}],"collection":[{"href":"https:\/\/www.hashtag.al\/index.php\/wp-json\/wp\/v2\/posts"}],"about":[{"href":"https:\/\/www.hashtag.al\/index.php\/wp-json\/wp\/v2\/types\/post"}],"author":[{"embeddable":true,"href":"https:\/\/www.hashtag.al\/index.php\/wp-json\/wp\/v2\/users\/30"}],"replies":[{"embeddable":true,"href":"https:\/\/www.hashtag.al\/index.php\/wp-json\/wp\/v2\/comments?post=367700"}],"version-history":[{"count":0,"href":"https:\/\/www.hashtag.al\/index.php\/wp-json\/wp\/v2\/posts\/367700\/revisions"}],"wp:featuredmedia":[{"embeddable":true,"href":"https:\/\/www.hashtag.al\/index.php\/wp-json\/wp\/v2\/media\/367701"}],"wp:attachment":[{"href":"https:\/\/www.hashtag.al\/index.php\/wp-json\/wp\/v2\/media?parent=367700"}],"wp:term":[{"taxonomy":"category","embeddable":true,"href":"https:\/\/www.hashtag.al\/index.php\/wp-json\/wp\/v2\/categories?post=367700"},{"taxonomy":"post_tag","embeddable":true,"href":"https:\/\/www.hashtag.al\/index.php\/wp-json\/wp\/v2\/tags?post=367700"}],"curies":[{"name":"wp","href":"https:\/\/api.w.org\/{rel}","templated":true}]}}