{"id":367698,"date":"2020-04-16T11:47:58","date_gmt":"2020-04-16T09:47:58","guid":{"rendered":"https:\/\/hashtag.al\/?p=367698"},"modified":"2020-04-16T11:47:58","modified_gmt":"2020-04-16T09:47:58","slug":"lleshaj-kemi-pamjaftueshmeri-ligjesh-kush-vret-me-virus-te-ndeshkohet-si-ai-qe-vret-me-arme","status":"publish","type":"post","link":"https:\/\/www.hashtag.al\/index.php\/2020\/04\/16\/lleshaj-kemi-pamjaftueshmeri-ligjesh-kush-vret-me-virus-te-ndeshkohet-si-ai-qe-vret-me-arme\/","title":{"rendered":"Lleshaj: Kemi pamjaftueshm\u00ebri ligjesh, kush vret me virus t\u00eb nd\u00ebshkohet si ai q\u00eb vret me arm\u00eb","gt_translate_keys":[{"key":"rendered","format":"text"}]},"content":{"rendered":"<p><a href=\"https:\/\/hashtag.al\/wp-content\/uploads\/2020\/02\/LLeshaj.jpg\"><img loading=\"lazy\" decoding=\"async\" class=\"aligncenter size-full wp-image-350975\" src=\"https:\/\/hashtag.al\/wp-content\/uploads\/2020\/02\/LLeshaj.jpg\" alt=\"\" width=\"636\" height=\"327\" srcset=\"https:\/\/www.hashtag.al\/wp-content\/uploads\/2020\/02\/LLeshaj.jpg 636w, https:\/\/www.hashtag.al\/wp-content\/uploads\/2020\/02\/LLeshaj-300x154.jpg 300w\" sizes=\"auto, (max-width: 636px) 100vw, 636px\" \/><\/a><\/p>\n<p><span style=\"color: #000000;\">Ministri i Brendsh\u00ebm, Sand\u00ebr Lleshaj, n\u00eb seanc\u00ebn e sotme plenare p\u00ebr Kuvend, ka dh\u00ebn\u00eb shpjegimin pse sipas tij duhen ndryshimet n\u00eb Kodin Penal p\u00ebr t\u00eb nd\u00ebshkuar shkel\u00ebsit e masave kund\u00ebr koronavirusit.<\/span><\/p>\n<p><span style=\"color: #000000;\">Lleshaj tha se k\u00ebto ndryshime jan\u00eb t\u00eb nevojshme p\u00ebr ata shkel\u00ebs, q\u00eb sjellin pasoja me humbje jet\u00ebsh. Pasi sipas tij n\u00eb legjislacionin shqiptar ka pamjaftueshm\u00ebri ligjore p\u00ebr pandemit\u00eb.<\/span><\/p>\n<p><em><span style=\"color: #000000;\">\u201cJemi n\u00eb nj\u00eb situat\u00eb ku p\u00ebr t\u00eb menaxhuar k\u00ebt\u00eb gjendje jemi n\u00eb pamjafuteshm\u00ebri aktesh normative. Kjo \u00ebsht\u00eb arsyeja pse \u00ebsht\u00eb paraqitur dhe mb\u00ebshtetet fuqimisht nga ne ndyrshimi n\u00eb Kodin Penal, pasi n\u00eb kodin ton\u00eb mungojn\u00eb dispozitat q\u00eb rregullojn\u00eb k\u00ebt\u00eb situat\u00eb pandemie. Sot k\u00ebrkohet t\u00eb kalojm\u00eb n\u00eb nj\u00eb faz\u00eb tjet\u00ebr ku t\u00eb leht\u00ebsohen pak masat e l\u00ebvizjes, por kjo lidhet me nj\u00eb risk t\u00eb madh. N\u00eb harkun e 40 dit\u00ebve shqiptar\u00ebt kan\u00eb paguar nj\u00eb cmim t\u00eb madh, nuk kan\u00eb shkuar n\u00eb pun\u00eb, kan\u00eb sakrifikuar biznesin, shkoll\u00ebn, jet\u00ebn sociale, dhe kjo ka gjeneruar nj\u00eb fatur\u00eb t\u00eb jasht\u00ebzakonshme, e cila rrezikon t\u00eb kthehet zero, n\u00ebse ne nuk vazhdojm\u00eb me masat, q\u00eb ndalojn\u00eb t\u00eb pap\u00ebrgjegjshmit.<\/span><\/em><\/p>\n<p><span style=\"color: #000000;\"><em>Ndryshimet synojn\u00eb pik\u00ebrisht k\u00ebta persona, q\u00eb kund\u00ebrshtojn\u00eb vendimet e marra kund\u00ebr koronavirusit. Ata duhet t\u00eb ken\u00eb nd\u00ebshkuar me sanksione, q\u00eb t\u00eb binden. N\u00ebse shkelja e rregullave t\u00eb pandemis\u00eb sjell pasoja t\u00eb r\u00ebnda, si humbja e jet\u00ebve t\u00eb njer\u00ebzve. E dim\u00eb q\u00eb gjith\u00eb kjo dram\u00eb globale ka filluar nga nj\u00eb rast i vet\u00ebm q\u00eb solli mij\u00ebra t\u00eb vdekur n\u00eb bot\u00eb, dhe nuk e lejojm\u00eb t\u00eb luajm\u00eb me zjarrin n\u00eb nj\u00eb koh\u00eb q\u00eb jemi n\u00eb n\u00eb faz\u00eb inkurajuese p\u00ebr t\u00eb shkuar p\u00ebrpara dhe p\u00ebr ta mbyllur.\u00a0T\u00eb parandalojm\u00eb humbjen e jet\u00ebs p\u00ebr shkak t\u00eb pap\u00ebrgjegjshm\u00ebris\u00eb. Ata q\u00eb jan\u00eb t\u00eb pap\u00ebrgjegjshem duhet t\u00eb paguajn\u00eb nd\u00ebshkim penal, nd\u00ebshimet jan\u00eb nga gjoba, d\u00ebnimi me 1 vit burg e pastaj p\u00ebrshkall\u00ebzohet, se ai q\u00eb vret me arm\u00eb nd\u00ebshkohet r\u00ebnd\u00eb, edhe ai q\u00eb vret me virus duhet t\u00eb paguaj\u00eb\u201d-<\/em> tha Lleshaj.<\/span><\/p>\n<p>&nbsp;<\/p>\n","protected":false,"gt_translate_keys":[{"key":"rendered","format":"html"}]},"excerpt":{"rendered":"<p>Ministri i Brendsh\u00ebm, Sand\u00ebr Lleshaj, n\u00eb seanc\u00ebn e sotme plenare p\u00ebr Kuvend, ka dh\u00ebn\u00eb shpjegimin pse sipas tij duhen ndryshimet n\u00eb Kodin Penal p\u00ebr t\u00eb nd\u00ebshkuar shkel\u00ebsit e masave kund\u00ebr koronavirusit. Lleshaj tha se k\u00ebto ndryshime jan\u00eb t\u00eb nevojshme p\u00ebr ata shkel\u00ebs, q\u00eb sjellin pasoja me humbje jet\u00ebsh. Pasi sipas tij n\u00eb legjislacionin shqiptar ka [&hellip;]<\/p>\n","protected":false,"gt_translate_keys":[{"key":"rendered","format":"html"}]},"author":30,"featured_media":350975,"comment_status":"open","ping_status":"open","sticky":false,"template":"","format":"standard","meta":{"footnotes":""},"categories":[65,13],"tags":[],"class_list":["post-367698","post","type-post","status-publish","format-standard","has-post-thumbnail","hentry","category-lajme","category-te-fundit"],"gt_translate_keys":[{"key":"link","format":"url"}],"_links":{"self":[{"href":"https:\/\/www.hashtag.al\/index.php\/wp-json\/wp\/v2\/posts\/367698","targetHints":{"allow":["GET"]}}],"collection":[{"href":"https:\/\/www.hashtag.al\/index.php\/wp-json\/wp\/v2\/posts"}],"about":[{"href":"https:\/\/www.hashtag.al\/index.php\/wp-json\/wp\/v2\/types\/post"}],"author":[{"embeddable":true,"href":"https:\/\/www.hashtag.al\/index.php\/wp-json\/wp\/v2\/users\/30"}],"replies":[{"embeddable":true,"href":"https:\/\/www.hashtag.al\/index.php\/wp-json\/wp\/v2\/comments?post=367698"}],"version-history":[{"count":0,"href":"https:\/\/www.hashtag.al\/index.php\/wp-json\/wp\/v2\/posts\/367698\/revisions"}],"wp:featuredmedia":[{"embeddable":true,"href":"https:\/\/www.hashtag.al\/index.php\/wp-json\/wp\/v2\/media\/350975"}],"wp:attachment":[{"href":"https:\/\/www.hashtag.al\/index.php\/wp-json\/wp\/v2\/media?parent=367698"}],"wp:term":[{"taxonomy":"category","embeddable":true,"href":"https:\/\/www.hashtag.al\/index.php\/wp-json\/wp\/v2\/categories?post=367698"},{"taxonomy":"post_tag","embeddable":true,"href":"https:\/\/www.hashtag.al\/index.php\/wp-json\/wp\/v2\/tags?post=367698"}],"curies":[{"name":"wp","href":"https:\/\/api.w.org\/{rel}","templated":true}]}}