{"id":367638,"date":"2020-04-16T08:24:53","date_gmt":"2020-04-16T06:24:53","guid":{"rendered":"https:\/\/hashtag.al\/?p=367638"},"modified":"2020-04-16T08:33:18","modified_gmt":"2020-04-16T06:33:18","slug":"joe-biden-mohon-akuzat-per-sulm-seksual","status":"publish","type":"post","link":"https:\/\/www.hashtag.al\/index.php\/2020\/04\/16\/joe-biden-mohon-akuzat-per-sulm-seksual\/","title":{"rendered":"Joe Biden mohon akuzat p\u00ebr sulm seksual","gt_translate_keys":[{"key":"rendered","format":"text"}]},"content":{"rendered":"<p><a href=\"https:\/\/hashtag.al\/wp-content\/uploads\/2020\/04\/Biden.jpg\"><img loading=\"lazy\" decoding=\"async\" class=\"aligncenter size-full wp-image-367639\" src=\"https:\/\/hashtag.al\/wp-content\/uploads\/2020\/04\/Biden.jpg\" alt=\"\" width=\"660\" height=\"371\" srcset=\"https:\/\/www.hashtag.al\/wp-content\/uploads\/2020\/04\/Biden.jpg 660w, https:\/\/www.hashtag.al\/wp-content\/uploads\/2020\/04\/Biden-300x169.jpg 300w\" sizes=\"auto, (max-width: 660px) 100vw, 660px\" \/><\/a><\/p>\n<p><span style=\"color: #000000;\">Ish-z\u00ebvend\u00ebs presidenti amerikan, Joe Biden, ka mohuar p\u00ebrmes z\u00ebdh\u00ebn\u00ebsit t\u00eb tij akuzat se ka sulmuar seksualisht nj\u00eb ish-ndihm\u00ebse gati 30 vjet m\u00eb par\u00eb, kur ai ishte senator.<\/span><\/p>\n<p><span style=\"color: #000000;\">Tara Reade, e cila ka punuar pak koh\u00eb si asistente e stafit n\u00eb zyr\u00ebn e Biden, thot\u00eb q\u00eb ish-shefi i saj e mb\u00ebshteti at\u00eb pas nj\u00eb muri, duke i futur duart n\u00ebn k\u00ebmish\u00eb dhe n\u00ebn fund.<\/span><\/p>\n<p><span style=\"color: #000000;\"><em>&#8220;Kjo absolutisht nuk ndodhi&#8221;<\/em>&#8211; tha z\u00ebdh\u00ebn\u00ebsi i fushat\u00ebs s\u00eb Biden k\u00ebt\u00eb jav\u00eb, citon <span style=\"color: #0000ff;\"><a style=\"color: #0000ff;\" href=\"https:\/\/www.bbc.com\/news\/world-us-canada-52299468\">BBC<\/a><\/span>. <\/span><em><span style=\"color: #000000;\">&#8220;Ai beson me vendosm\u00ebri se grat\u00eb kan\u00eb t\u00eb drejt\u00eb t\u00eb d\u00ebgjohen -dhe t\u00eb d\u00ebgjohen me respekt. <\/span><\/em><em><span style=\"color: #000000;\">K\u00ebrkesa t\u00eb tilla gjithashtu duhet t\u00eb shqyrtohen me zell nga nj\u00eb shtyp i pavarur. Ajo \u00e7far\u00eb \u00ebsht\u00eb e qart\u00eb p\u00ebr k\u00ebt\u00eb pretendim \u00ebsht\u00eb se kjo \u00ebsht\u00eb e pav\u00ebrtet\u00eb&#8221;.<\/span><\/em><\/p>\n<p><span style=\"color: #000000;\">Zonja Reade, e cila sot \u00ebsht\u00eb 56-vje\u00e7, foli p\u00ebr akuzat gjat\u00eb nj\u00eb interviste n\u00eb muajin mars.<\/span><\/p>\n<p><span style=\"color: #000000;\">Ajo thot\u00eb se iu k\u00ebrkua t\u00eb dor\u00ebzonte nj\u00eb \u00e7ant\u00eb palestre te senatori n\u00eb pranver\u00ebn e vitit 1993, dhe u gjend e vetme me Biden.<\/span><\/p>\n<p><span style=\"color: #000000;\"><em>&#8220;Nuk kishte asnj\u00eb shk\u00ebmbim, me t\u00eb v\u00ebrtet\u00eb, ai thjesht m\u00eb kishte mb\u00ebshtetur pas murit&#8221;<\/em>&#8211; thoshte Reade.<\/span><\/p>\n<p><em><span style=\"color: #000000;\">&#8220;Mbaj mend q\u00eb ndodh\u00ebn t\u00eb gjitha nj\u00ebkoh\u00ebsisht &#8230; duart e tij ishin mbi mua dhe n\u00ebn rrobat e mia&#8221;. Ai pastaj m\u00eb penetroi me gishta. <\/span><\/em><span style=\"color: #000000;\"><em>E mbaj mend q\u00eb nd\u00ebrkoh\u00eb ai po thoshte: A d\u00ebshiron t\u00eb shkojm\u00eb diku tjet\u00ebr? Dhe pastaj kur un\u00eb u t\u00ebrhoqa ai m\u00eb tha&#8230; H\u00eb moj, un\u00eb kam d\u00ebgjuar se t\u00eb p\u00eblqej. Kjo fraz\u00eb m\u00eb ka mbetur n\u00eb mendje.\u201d<\/em>, do t\u00eb tregonte ajo.<\/span><\/p>\n<p>&nbsp;<\/p>\n<div id=\"attachment_367642\" style=\"width: 634px\" class=\"wp-caption aligncenter\"><a href=\"https:\/\/hashtag.al\/wp-content\/uploads\/2020\/04\/Biden-1.jpg\"><img loading=\"lazy\" decoding=\"async\" aria-describedby=\"caption-attachment-367642\" class=\"wp-image-367642 size-full\" src=\"https:\/\/hashtag.al\/wp-content\/uploads\/2020\/04\/Biden-1.jpg\" alt=\"\" width=\"624\" height=\"351\" srcset=\"https:\/\/www.hashtag.al\/wp-content\/uploads\/2020\/04\/Biden-1.jpg 624w, https:\/\/www.hashtag.al\/wp-content\/uploads\/2020\/04\/Biden-1-300x169.jpg 300w\" sizes=\"auto, (max-width: 624px) 100vw, 624px\" \/><\/a><p id=\"caption-attachment-367642\" class=\"wp-caption-text\"><span style=\"color: #000000;\"><em>Joe Biden kur ishte senator n\u00eb vitin 1991 <\/em><\/span><\/p><\/div>\n<p><span style=\"color: #000000;\">Zonja Reade paraqiti nj\u00eb ankes\u00eb penale n\u00eb 9 Prill n\u00eb polici, duke th\u00ebn\u00eb se ajo ishte nj\u00eb viktim\u00eb e sulmit seksual, por nuk e zbuloi emrin e Biden. Ajo tha n\u00eb nj\u00eb postim se ajo e paraqiti ankimin <em>&#8220;vet\u00ebm p\u00ebr arsye sigurie&#8221;<\/em>, pasi statuti i kufizimeve p\u00ebr k\u00ebrkes\u00ebn e saj ka skaduar.<\/span><\/p>\n<p><span style=\"color: #000000;\">Zonja Reade ishte nj\u00eb nga tet\u00eb grat\u00eb q\u00eb vitin e kaluar e akuzuan kandidatin demokrat p\u00ebr prekje, p\u00ebrqafime ose puthje t\u00eb pap\u00ebrshtatshme, megjithat\u00eb at\u00eb koh\u00eb asnj\u00ebra prej tyre nuk i p\u00ebrshkroi veprimet e tij si sulm seksual.<\/span><\/p>\n","protected":false,"gt_translate_keys":[{"key":"rendered","format":"html"}]},"excerpt":{"rendered":"<p>Ish-z\u00ebvend\u00ebs presidenti amerikan, Joe Biden, ka mohuar p\u00ebrmes z\u00ebdh\u00ebn\u00ebsit t\u00eb tij akuzat se ka sulmuar seksualisht nj\u00eb ish-ndihm\u00ebse gati 30 vjet m\u00eb par\u00eb, kur ai ishte senator. Tara Reade, e cila ka punuar pak koh\u00eb si asistente e stafit n\u00eb zyr\u00ebn e Biden, thot\u00eb q\u00eb ish-shefi i saj e mb\u00ebshteti at\u00eb pas nj\u00eb muri, duke [&hellip;]<\/p>\n","protected":false,"gt_translate_keys":[{"key":"rendered","format":"html"}]},"author":30,"featured_media":367639,"comment_status":"open","ping_status":"open","sticky":false,"template":"","format":"standard","meta":{"footnotes":""},"categories":[6,13],"tags":[],"class_list":["post-367638","post","type-post","status-publish","format-standard","has-post-thumbnail","hentry","category-nderkombetare","category-te-fundit"],"gt_translate_keys":[{"key":"link","format":"url"}],"_links":{"self":[{"href":"https:\/\/www.hashtag.al\/index.php\/wp-json\/wp\/v2\/posts\/367638","targetHints":{"allow":["GET"]}}],"collection":[{"href":"https:\/\/www.hashtag.al\/index.php\/wp-json\/wp\/v2\/posts"}],"about":[{"href":"https:\/\/www.hashtag.al\/index.php\/wp-json\/wp\/v2\/types\/post"}],"author":[{"embeddable":true,"href":"https:\/\/www.hashtag.al\/index.php\/wp-json\/wp\/v2\/users\/30"}],"replies":[{"embeddable":true,"href":"https:\/\/www.hashtag.al\/index.php\/wp-json\/wp\/v2\/comments?post=367638"}],"version-history":[{"count":0,"href":"https:\/\/www.hashtag.al\/index.php\/wp-json\/wp\/v2\/posts\/367638\/revisions"}],"wp:featuredmedia":[{"embeddable":true,"href":"https:\/\/www.hashtag.al\/index.php\/wp-json\/wp\/v2\/media\/367639"}],"wp:attachment":[{"href":"https:\/\/www.hashtag.al\/index.php\/wp-json\/wp\/v2\/media?parent=367638"}],"wp:term":[{"taxonomy":"category","embeddable":true,"href":"https:\/\/www.hashtag.al\/index.php\/wp-json\/wp\/v2\/categories?post=367638"},{"taxonomy":"post_tag","embeddable":true,"href":"https:\/\/www.hashtag.al\/index.php\/wp-json\/wp\/v2\/tags?post=367638"}],"curies":[{"name":"wp","href":"https:\/\/api.w.org\/{rel}","templated":true}]}}