{"id":367616,"date":"2020-04-15T23:49:52","date_gmt":"2020-04-15T21:49:52","guid":{"rendered":"https:\/\/hashtag.al\/?p=367616"},"modified":"2020-04-15T23:49:52","modified_gmt":"2020-04-15T21:49:52","slug":"manastirliu-javen-e-ardhshme-nisin-testimet-me-antitrupa","status":"publish","type":"post","link":"https:\/\/www.hashtag.al\/index.php\/2020\/04\/15\/manastirliu-javen-e-ardhshme-nisin-testimet-me-antitrupa\/","title":{"rendered":"Manastirliu: Jav\u00ebn e ardhshme nisin testimet me antitrupa","gt_translate_keys":[{"key":"rendered","format":"text"}]},"content":{"rendered":"<div>\n<p><span style=\"color: #000000;\"><img loading=\"lazy\" decoding=\"async\" class=\"aligncenter size-full wp-image-359872\" src=\"https:\/\/hashtag.al\/wp-content\/uploads\/2020\/03\/manastirliu.png\" alt=\"\" width=\"871\" height=\"489\" srcset=\"https:\/\/www.hashtag.al\/wp-content\/uploads\/2020\/03\/manastirliu.png 871w, https:\/\/www.hashtag.al\/wp-content\/uploads\/2020\/03\/manastirliu-300x168.png 300w, https:\/\/www.hashtag.al\/wp-content\/uploads\/2020\/03\/manastirliu-768x431.png 768w\" sizes=\"auto, (max-width: 871px) 100vw, 871px\" \/><\/span><\/p>\n<p><span style=\"color: #000000;\">Ministrja e Sh\u00ebndet\u00ebsis\u00eb dhe Mbrojtjes Sociale, Ogerta Manastirliu n\u00eb nj\u00eb intervist\u00eb p\u00eb emisionin &#8220;Open&#8221; deklaroi se jav\u00ebn e ardhshme do t\u00eb nis\u00eb testimi me antitrupa p\u00ebr mjek\u00ebt, polic\u00ebt dhe p\u00ebr ata q\u00eb jan\u00eb n\u00eb faz\u00ebn p\u00ebrgatitore.<\/span><\/p>\n<\/div>\n<p><span style=\"color: #000000;\">\u201c<em>Jav\u00ebn e ardhme do nis\u00eb nj\u00eb testim i dyt\u00eb, antitrupash q\u00eb do b\u00ebhet tek mjek\u00ebt, tek polic\u00ebt dhe tek atas q\u00eb po vijojn\u00eb t\u00eb sh\u00ebrohen. Ky \u00ebsht\u00eb nj\u00eb test, q\u00eb \u00ebsht\u00eb n\u00eb kuad\u00ebr t\u00eb nj\u00eb studimit t\u00eb QSUT-s\u00eb dhe po punohet p\u00ebr t\u00eb vijuar pun\u00ebn.<\/em><\/span><\/p>\n<p><span style=\"color: #000000;\"><em>Jan\u00eb bler\u00eb testet dhe struktura \u00ebsht\u00eb b\u00ebr\u00eb gati n\u00eb QSUT<\/em>\u201d, u shpeh ministrja.<\/span><\/p>\n","protected":false,"gt_translate_keys":[{"key":"rendered","format":"html"}]},"excerpt":{"rendered":"<p>Ministrja e Sh\u00ebndet\u00ebsis\u00eb dhe Mbrojtjes Sociale, Ogerta Manastirliu n\u00eb nj\u00eb intervist\u00eb p\u00eb emisionin &#8220;Open&#8221; deklaroi se jav\u00ebn e ardhshme do t\u00eb nis\u00eb testimi me antitrupa p\u00ebr mjek\u00ebt, polic\u00ebt dhe p\u00ebr ata q\u00eb jan\u00eb n\u00eb faz\u00ebn p\u00ebrgatitore. \u201cJav\u00ebn e ardhme do nis\u00eb nj\u00eb testim i dyt\u00eb, antitrupash q\u00eb do b\u00ebhet tek mjek\u00ebt, tek polic\u00ebt dhe tek [&hellip;]<\/p>\n","protected":false,"gt_translate_keys":[{"key":"rendered","format":"html"}]},"author":32,"featured_media":359872,"comment_status":"open","ping_status":"open","sticky":false,"template":"","format":"standard","meta":{"footnotes":""},"categories":[65,13],"tags":[],"class_list":["post-367616","post","type-post","status-publish","format-standard","has-post-thumbnail","hentry","category-lajme","category-te-fundit"],"gt_translate_keys":[{"key":"link","format":"url"}],"_links":{"self":[{"href":"https:\/\/www.hashtag.al\/index.php\/wp-json\/wp\/v2\/posts\/367616","targetHints":{"allow":["GET"]}}],"collection":[{"href":"https:\/\/www.hashtag.al\/index.php\/wp-json\/wp\/v2\/posts"}],"about":[{"href":"https:\/\/www.hashtag.al\/index.php\/wp-json\/wp\/v2\/types\/post"}],"author":[{"embeddable":true,"href":"https:\/\/www.hashtag.al\/index.php\/wp-json\/wp\/v2\/users\/32"}],"replies":[{"embeddable":true,"href":"https:\/\/www.hashtag.al\/index.php\/wp-json\/wp\/v2\/comments?post=367616"}],"version-history":[{"count":0,"href":"https:\/\/www.hashtag.al\/index.php\/wp-json\/wp\/v2\/posts\/367616\/revisions"}],"wp:featuredmedia":[{"embeddable":true,"href":"https:\/\/www.hashtag.al\/index.php\/wp-json\/wp\/v2\/media\/359872"}],"wp:attachment":[{"href":"https:\/\/www.hashtag.al\/index.php\/wp-json\/wp\/v2\/media?parent=367616"}],"wp:term":[{"taxonomy":"category","embeddable":true,"href":"https:\/\/www.hashtag.al\/index.php\/wp-json\/wp\/v2\/categories?post=367616"},{"taxonomy":"post_tag","embeddable":true,"href":"https:\/\/www.hashtag.al\/index.php\/wp-json\/wp\/v2\/tags?post=367616"}],"curies":[{"name":"wp","href":"https:\/\/api.w.org\/{rel}","templated":true}]}}