{"id":367255,"date":"2020-04-14T11:24:15","date_gmt":"2020-04-14T09:24:15","guid":{"rendered":"https:\/\/hashtag.al\/?p=367255"},"modified":"2020-04-14T11:31:19","modified_gmt":"2020-04-14T09:31:19","slug":"mes-8-rasteve-te-reja-me-koronavirus-ne-vend-edhe-dy-personel-mjekesor","status":"publish","type":"post","link":"https:\/\/www.hashtag.al\/index.php\/2020\/04\/14\/mes-8-rasteve-te-reja-me-koronavirus-ne-vend-edhe-dy-personel-mjekesor\/","title":{"rendered":"Mes 8 rasteve t\u00eb reja me koronavirus n\u00eb vend, edhe dy personel mjek\u00ebsor","gt_translate_keys":[{"key":"rendered","format":"text"}]},"content":{"rendered":"<p><span style=\"color: #000000;\"><a style=\"color: #000000;\" href=\"https:\/\/hashtag.al\/wp-content\/uploads\/2020\/04\/mjek-2.jpg\"><img loading=\"lazy\" decoding=\"async\" class=\"aligncenter size-full wp-image-366156\" src=\"https:\/\/hashtag.al\/wp-content\/uploads\/2020\/04\/mjek-2.jpg\" alt=\"\" width=\"960\" height=\"638\" srcset=\"https:\/\/www.hashtag.al\/wp-content\/uploads\/2020\/04\/mjek-2.jpg 960w, https:\/\/www.hashtag.al\/wp-content\/uploads\/2020\/04\/mjek-2-300x199.jpg 300w, https:\/\/www.hashtag.al\/wp-content\/uploads\/2020\/04\/mjek-2-768x510.jpg 768w\" sizes=\"auto, (max-width: 960px) 100vw, 960px\" \/><\/a><\/span><\/p>\n<p><span style=\"color: #000000;\">8 raste t\u00eb reja me koronavirus jan\u00eb regjistruar n\u00eb 24 or\u00ebt e fundit, mes t\u00eb cil\u00ebve jan\u00eb edhe dy pjes\u00ebtar\u00eb t\u00eb personelit sh\u00ebndet\u00ebsor.<\/span><\/p>\n<p><span style=\"color: #000000;\">Si\u00e7 b\u00ebri me dije specialistja e Institutit t\u00eb Sh\u00ebndetit Publik, Eugena Tomini, b\u00ebhet fjal\u00eb p\u00ebr 1 personel sh\u00ebndet\u00ebsor n\u00eb Shkod\u00ebr dhe 1 n\u00eb Kuk\u00ebs.<\/span><\/p>\n<p><span style=\"color: #000000;\"><em>\u201cDje jan\u00eb testuar 236 persona t\u00eb dyshuar nga t\u00eb cil\u00ebt 45 jan\u00eb personel sh\u00ebndet\u00ebsor, kryesisht n\u00eb spitalin e Shkodr\u00ebs. Nga rezultatet e testimeve jan\u00eb konfirmuar 8 raste pozitive me COVID-19, prej t\u00eb cil\u00ebve 6 raste n\u00eb Tiran\u00eb, 1 personel sh\u00ebndet\u00ebsor n\u00eb Shkod\u00ebr dhe 1 personel sh\u00ebndet\u00ebsor n\u00eb Kuk\u00ebs.<\/em><\/span><br \/>\n<span style=\"color: #000000;\"><em>Deri n\u00eb k\u00ebto momente jan\u00eb testuar 4306 raste t\u00eb dyshuara dhe prej tyre jan\u00eb t\u00eb konfirmuar pozitiv\u00eb me COVID-19, 475 raste. Si\u00e7 shihet nga grafiku, prirja e pozitivitetit t\u00eb mostrave t\u00eb testuara tregon nj\u00eb q\u00ebndrueshm\u00ebri t\u00eb rasteve t\u00eb konfirmuara, kryesisht gjat\u00eb dy jav\u00ebve t\u00eb fundit.\u201d<\/em> \u2013 tha Tomini. <\/span><\/p>\n<p><span style=\"color: #000000;\">Nuk \u00ebsht\u00eb e qart\u00eb se si \u00ebsht\u00eb infektuar punonj\u00ebsi i Sh\u00ebndet\u00ebsis\u00eb n\u00eb Kuk\u00ebs, ku atje ende nuk ka patur raste t\u00eb konfirmuara.<\/span><\/p>\n<p><span style=\"color: #000000;\"><a style=\"color: #000000;\" href=\"https:\/\/hashtag.al\/wp-content\/uploads\/2020\/04\/Harta-e-RE-2-13.jpg\"><img loading=\"lazy\" decoding=\"async\" class=\"aligncenter size-full wp-image-367251\" src=\"https:\/\/hashtag.al\/wp-content\/uploads\/2020\/04\/Harta-e-RE-2-13.jpg\" alt=\"\" width=\"749\" height=\"515\" srcset=\"https:\/\/www.hashtag.al\/wp-content\/uploads\/2020\/04\/Harta-e-RE-2-13.jpg 749w, https:\/\/www.hashtag.al\/wp-content\/uploads\/2020\/04\/Harta-e-RE-2-13-300x206.jpg 300w\" sizes=\"auto, (max-width: 749px) 100vw, 749px\" \/><\/a><\/span><\/p>\n<p><span style=\"color: #000000;\">Ministria e Sh\u00ebndet\u00ebsis\u00eb dha detaje dhe p\u00ebr gjendjen e pacient\u00ebve t\u00eb shtruar n\u00eb spital. Tomini tha se n\u00eb sh\u00ebrbimin infektiv aktualisht jan\u00eb 37 t\u00eb shtruar. 5 pacient\u00eb jan\u00eb n\u00eb terapi intensive, nd\u00ebrsa 1 prej tyre i intubuar.<\/span><\/p>\n<p><span style=\"color: #000000;\">Nd\u00ebrsa n\u00eb spitalin COVID 2 \u201cShefqet Ndroqi\u201d, jan\u00eb 9 pacient\u00eb t\u00eb shtruar. 7 jan\u00eb n\u00eb terapi intensive, 4 prej t\u00eb cil\u00ebve jan\u00eb t\u00eb intubuar.<\/span><\/p>\n","protected":false,"gt_translate_keys":[{"key":"rendered","format":"html"}]},"excerpt":{"rendered":"<p>8 raste t\u00eb reja me koronavirus jan\u00eb regjistruar n\u00eb 24 or\u00ebt e fundit, mes t\u00eb cil\u00ebve jan\u00eb edhe dy pjes\u00ebtar\u00eb t\u00eb personelit sh\u00ebndet\u00ebsor. Si\u00e7 b\u00ebri me dije specialistja e Institutit t\u00eb Sh\u00ebndetit Publik, Eugena Tomini, b\u00ebhet fjal\u00eb p\u00ebr 1 personel sh\u00ebndet\u00ebsor n\u00eb Shkod\u00ebr dhe 1 n\u00eb Kuk\u00ebs. \u201cDje jan\u00eb testuar 236 persona t\u00eb dyshuar nga [&hellip;]<\/p>\n","protected":false,"gt_translate_keys":[{"key":"rendered","format":"html"}]},"author":30,"featured_media":366156,"comment_status":"open","ping_status":"open","sticky":false,"template":"","format":"standard","meta":{"footnotes":""},"categories":[65,13],"tags":[],"class_list":["post-367255","post","type-post","status-publish","format-standard","has-post-thumbnail","hentry","category-lajme","category-te-fundit"],"gt_translate_keys":[{"key":"link","format":"url"}],"_links":{"self":[{"href":"https:\/\/www.hashtag.al\/index.php\/wp-json\/wp\/v2\/posts\/367255","targetHints":{"allow":["GET"]}}],"collection":[{"href":"https:\/\/www.hashtag.al\/index.php\/wp-json\/wp\/v2\/posts"}],"about":[{"href":"https:\/\/www.hashtag.al\/index.php\/wp-json\/wp\/v2\/types\/post"}],"author":[{"embeddable":true,"href":"https:\/\/www.hashtag.al\/index.php\/wp-json\/wp\/v2\/users\/30"}],"replies":[{"embeddable":true,"href":"https:\/\/www.hashtag.al\/index.php\/wp-json\/wp\/v2\/comments?post=367255"}],"version-history":[{"count":0,"href":"https:\/\/www.hashtag.al\/index.php\/wp-json\/wp\/v2\/posts\/367255\/revisions"}],"wp:featuredmedia":[{"embeddable":true,"href":"https:\/\/www.hashtag.al\/index.php\/wp-json\/wp\/v2\/media\/366156"}],"wp:attachment":[{"href":"https:\/\/www.hashtag.al\/index.php\/wp-json\/wp\/v2\/media?parent=367255"}],"wp:term":[{"taxonomy":"category","embeddable":true,"href":"https:\/\/www.hashtag.al\/index.php\/wp-json\/wp\/v2\/categories?post=367255"},{"taxonomy":"post_tag","embeddable":true,"href":"https:\/\/www.hashtag.al\/index.php\/wp-json\/wp\/v2\/tags?post=367255"}],"curies":[{"name":"wp","href":"https:\/\/api.w.org\/{rel}","templated":true}]}}