{"id":367233,"date":"2020-04-14T10:19:10","date_gmt":"2020-04-14T08:19:10","guid":{"rendered":"https:\/\/hashtag.al\/?p=367233"},"modified":"2020-04-14T10:19:10","modified_gmt":"2020-04-14T08:19:10","slug":"perse-u-zhduk-sars-dhe-nuk-zhduket-covid-19-eksperti-paralajmeron-se-koronavirusi-do-rikthehet-ne-shtator","status":"publish","type":"post","link":"https:\/\/www.hashtag.al\/index.php\/2020\/04\/14\/perse-u-zhduk-sars-dhe-nuk-zhduket-covid-19-eksperti-paralajmeron-se-koronavirusi-do-rikthehet-ne-shtator\/","title":{"rendered":"P\u00ebrse u zhduk SARS dhe nuk zhduket COVID-19? Eksperti paralajm\u00ebron se koronavirusi do rikthehet n\u00eb shtator","gt_translate_keys":[{"key":"rendered","format":"text"}]},"content":{"rendered":"<p><a href=\"https:\/\/hashtag.al\/wp-content\/uploads\/2020\/04\/Sallbanda-e1586852273241.png\"><img loading=\"lazy\" decoding=\"async\" class=\"aligncenter size-full wp-image-367234\" src=\"https:\/\/hashtag.al\/wp-content\/uploads\/2020\/04\/Sallbanda-e1586852273241.png\" alt=\"\" width=\"600\" height=\"360\" srcset=\"https:\/\/www.hashtag.al\/wp-content\/uploads\/2020\/04\/Sallbanda-e1586852273241.png 600w, https:\/\/www.hashtag.al\/wp-content\/uploads\/2020\/04\/Sallbanda-e1586852273241-300x180.png 300w\" sizes=\"auto, (max-width: 600px) 100vw, 600px\" \/><\/a><\/p>\n<p><span style=\"color: #000000;\">Aleksand\u00ebr Sallabanda, i cili \u00ebsht\u00eb ekspert i sh\u00ebndetit publik, mendon se koronavirusi do t\u00eb rikthehet p\u00ebrs\u00ebri n\u00eb shtator.<\/span><\/p>\n<p><span style=\"color: #000000;\">N\u00eb nj\u00eb intervist\u00eb p\u00ebr televizionin ABC News, Sallabanda tha se \u00ebsht\u00eb shum\u00eb e r\u00ebnd\u00ebsishme q\u00eb situata t\u00eb shihet me nj\u00eb sy kritik pasi kjo pandemi shkakton nj\u00eb trysni t\u00eb madhe.<\/span><\/p>\n<p><span style=\"color: #000000;\">Sallabanda tha se p\u00ebr t\u2019i shp\u00ebtuar situat\u00ebs s\u00eb pandemis\u00eb, duhet krijuar brezi i imunitetit dhe kjo k\u00ebrkon marrjen e shum\u00eb veprimeve.<\/span><\/p>\n<p><em><span style=\"color: #000000;\">\u201cDalja e situat\u00ebs nga epidemia k\u00ebrkon shum\u00eb veprime dhe nj\u00eb nga k\u00ebto t\u00eb mbrohet jeta e njer\u00ebzve. Dikush ka menduar q\u00eb populli jon\u00eb nuk i zbaton t\u00eb gjitha ligjet. Kjo ka t\u00eb b\u00ebj\u00eb edhe me kultur\u00ebn e individit. \u00cbsht\u00eb e drejta e shtetit q\u00eb t\u00eb mos lejoj\u00eb mbi 60 vje\u00e7ar\u00ebt t\u00eb dalin.\u00a0Pjesa tjet\u00ebr duhet t\u00eb mbetet n\u00eb konsiderat\u00eb sepse 85 % infektohen pa shenja klinike, 10 % me forma t\u00eb lehta dhe 2 % me forma t\u00eb r\u00ebnda.<\/span><\/em><\/p>\n<p><em><span style=\"color: #000000;\">N\u00ebse kam 85 % q\u00eb nuk duan tja dijn\u00eb p\u00ebr infeksionin, por q\u00eb na dhurojn\u00eb imunitet, \u00ebsht\u00eb nj\u00eb pasuri shum\u00eb e madhe sepse k\u00ebt\u00eb imunitet ne duhet ta vendosim n\u00eb p\u00ebrdorim t\u00eb t\u00eb gjith\u00eb popullat\u00ebs. Duhet t\u00eb krijojm\u00eb brezin e siguris\u00eb s\u00eb imunitetit, ose e quajtur ndryshe imuniti i tuf\u00ebs.\u00a0<\/span><\/em><\/p>\n<p><em><span style=\"color: #000000;\">Specialist\u00ebt nga e gjith\u00eb bota than\u00eb, q\u00eb t\u00eb dalim nga kjo situat\u00eb duhet t\u00eb krijojm\u00eb brezin e imunitetit.\u00a0<\/span><\/em><\/p>\n<p><span style=\"color: #000000;\"><em>Duhet ti besojm\u00eb shkenc\u00ebs, vaksina q\u00eb t\u00eb vij\u00eb k\u00ebrkon nj\u00eb koh\u00eb shum\u00eb t\u00eb gjat\u00eb, por ka edhe shum\u00eb v\u00ebshtir\u00ebsi p\u00ebr ta aplikuar.\u00a0Duhet t\u00eb krijojm\u00eb brezin e siguris\u00eb, imun, q\u00eb ne t\u00eb kemi antitrupa n\u00eb trupin ton\u00eb duhet t\u00eb shuajm\u00eb n\u00eb 60% nivelin e epidemis\u00eb. Nd\u00ebrkoh\u00eb mbi 90% do t\u00eb na duhet q\u00eb t\u00eb shuhet e gjith\u00eb kjo pandemi.\u00a0Q\u00eb t\u00eb ndodh\u00eb nj\u00eb gj\u00eb e till\u00eb duhet t\u00eb kemi njer\u00ebz q\u00eb t\u00eb ken\u00eb antitrupa q\u00eb do t\u00eb thot\u00eb t\u00eb jen\u00eb ndeshur me virusin.\u201d<\/em> \u2013 tha mjeku.<\/span><\/p>\n<p><span style=\"color: #000000;\">I pyetur n\u00ebse koronavirusi do t\u00eb rikthehet p\u00ebrs\u00ebri n\u00eb shtator, ai u p\u00ebrgjigj:<em> \u201cPatjet\u00ebr q\u00eb po\u201d.<\/em><\/span><\/p>\n<p><span style=\"color: #000000;\">Gjat\u00eb bised\u00ebs n\u00eb studio, ai tha se virusi SARS ndryshe nga koronavirusi pati shp\u00ebrthime q\u00eb u tret\u00ebn vetvetiu.<\/span><\/p>\n<p><em><span style=\"color: #000000;\">\u00a0\u201cSARS u zhduk sepse ishte pak dhe ishin shp\u00ebrthime q\u00eb u tret\u00ebn vetvetiu.\u00a0Duhet q\u00eb 60% e t\u00eb gjith\u00eb rruzullit tok\u00ebsor t\u00eb ket\u00eb antitrupa dhe duhet t\u00eb gjejm\u00eb nj\u00eb m\u00ebnyr\u00eb q\u00eb \u00e7do rreth t\u00eb marr\u00eb detyr\u00ebn. Virusi do t\u00eb zhduket n\u00eb m\u00ebnyr\u00eb natyrore, ashtu si \u00ebsht\u00eb krijuar.<\/span><\/em><\/p>\n<p><em><span style=\"color: #000000;\">V\u00ebrtet kemi marr\u00eb masa t\u00eb forta p\u00ebr t\u00eb mos qarkulluar n\u00eb rrug\u00eb, por ku i \u00e7ojm\u00eb t\u00eb infektuarit nat\u00ebn, n\u00eb sht\u00ebpi dhe n\u00eb k\u00ebt\u00eb m\u00ebnyr\u00eb infektohen t\u00eb tjer\u00eb. Masat jan\u00eb t\u00eb diskutueshme, por nuk mund t\u00eb thuhet q\u00eb nuk jan\u00eb t\u00eb r\u00ebnd\u00ebsishme. Gjithashtu qytetar\u00ebt brenda sht\u00ebpis\u00eb duhet t\u00eb q\u00ebndrojn\u00eb t\u00eb ndar\u00eb.\u201d- <\/span><\/em><span style=\"color: #000000;\">tha Sallabanda.<\/span><\/p>\n<p><span style=\"color: #000000;\">M\u00eb tej ai u shpreh se shkenca k\u00ebrkon koh\u00eb dhe durim, nd\u00ebrsa theksoi se p\u00ebr personat q\u00eb jan\u00eb mbipesh\u00eb ka rrezik q\u00eb pa l\u00ebvizur t\u00eb d\u00ebmtohet, ai q\u00eb \u00ebsht\u00eb me diabet ka nevoj\u00eb p\u00ebr mjekim.<em>\u00a0\u201cDuhet treguar kujdes edhe me q\u00ebndrimin n\u00eb sht\u00ebpi\u201d<\/em>,\u00a0theksoi Sallabanda.<\/span><\/p>\n","protected":false,"gt_translate_keys":[{"key":"rendered","format":"html"}]},"excerpt":{"rendered":"<p>Aleksand\u00ebr Sallabanda, i cili \u00ebsht\u00eb ekspert i sh\u00ebndetit publik, mendon se koronavirusi do t\u00eb rikthehet p\u00ebrs\u00ebri n\u00eb shtator. N\u00eb nj\u00eb intervist\u00eb p\u00ebr televizionin ABC News, Sallabanda tha se \u00ebsht\u00eb shum\u00eb e r\u00ebnd\u00ebsishme q\u00eb situata t\u00eb shihet me nj\u00eb sy kritik pasi kjo pandemi shkakton nj\u00eb trysni t\u00eb madhe. Sallabanda tha se p\u00ebr t\u2019i shp\u00ebtuar situat\u00ebs [&hellip;]<\/p>\n","protected":false,"gt_translate_keys":[{"key":"rendered","format":"html"}]},"author":30,"featured_media":367234,"comment_status":"open","ping_status":"open","sticky":false,"template":"","format":"standard","meta":{"footnotes":""},"categories":[65],"tags":[],"class_list":["post-367233","post","type-post","status-publish","format-standard","has-post-thumbnail","hentry","category-lajme"],"gt_translate_keys":[{"key":"link","format":"url"}],"_links":{"self":[{"href":"https:\/\/www.hashtag.al\/index.php\/wp-json\/wp\/v2\/posts\/367233","targetHints":{"allow":["GET"]}}],"collection":[{"href":"https:\/\/www.hashtag.al\/index.php\/wp-json\/wp\/v2\/posts"}],"about":[{"href":"https:\/\/www.hashtag.al\/index.php\/wp-json\/wp\/v2\/types\/post"}],"author":[{"embeddable":true,"href":"https:\/\/www.hashtag.al\/index.php\/wp-json\/wp\/v2\/users\/30"}],"replies":[{"embeddable":true,"href":"https:\/\/www.hashtag.al\/index.php\/wp-json\/wp\/v2\/comments?post=367233"}],"version-history":[{"count":0,"href":"https:\/\/www.hashtag.al\/index.php\/wp-json\/wp\/v2\/posts\/367233\/revisions"}],"wp:featuredmedia":[{"embeddable":true,"href":"https:\/\/www.hashtag.al\/index.php\/wp-json\/wp\/v2\/media\/367234"}],"wp:attachment":[{"href":"https:\/\/www.hashtag.al\/index.php\/wp-json\/wp\/v2\/media?parent=367233"}],"wp:term":[{"taxonomy":"category","embeddable":true,"href":"https:\/\/www.hashtag.al\/index.php\/wp-json\/wp\/v2\/categories?post=367233"},{"taxonomy":"post_tag","embeddable":true,"href":"https:\/\/www.hashtag.al\/index.php\/wp-json\/wp\/v2\/tags?post=367233"}],"curies":[{"name":"wp","href":"https:\/\/api.w.org\/{rel}","templated":true}]}}