{"id":367203,"date":"2020-04-14T08:38:17","date_gmt":"2020-04-14T06:38:17","guid":{"rendered":"https:\/\/hashtag.al\/?p=367203"},"modified":"2020-04-14T08:40:14","modified_gmt":"2020-04-14T06:40:14","slug":"rama-paralajmeron-drejtuesit-e-mjeteve-levizjet-pervec-punes-nuk-tolerohen-pavaresisht-autorizimit","status":"publish","type":"post","link":"https:\/\/www.hashtag.al\/index.php\/2020\/04\/14\/rama-paralajmeron-drejtuesit-e-mjeteve-levizjet-pervec-punes-nuk-tolerohen-pavaresisht-autorizimit\/","title":{"rendered":"Rama paralajm\u00ebron drejtuesit e mjeteve: L\u00ebvizjet p\u00ebrve\u00e7 pun\u00ebs nuk tolerohen, pavar\u00ebsisht autorizimit","gt_translate_keys":[{"key":"rendered","format":"text"}]},"content":{"rendered":"<p><a href=\"https:\/\/hashtag.al\/wp-content\/uploads\/2020\/04\/rama-13.jpg\"><img loading=\"lazy\" decoding=\"async\" class=\"aligncenter size-full wp-image-367158\" src=\"https:\/\/hashtag.al\/wp-content\/uploads\/2020\/04\/rama-13.jpg\" alt=\"\" width=\"780\" height=\"440\" srcset=\"https:\/\/www.hashtag.al\/wp-content\/uploads\/2020\/04\/rama-13.jpg 780w, https:\/\/www.hashtag.al\/wp-content\/uploads\/2020\/04\/rama-13-300x169.jpg 300w, https:\/\/www.hashtag.al\/wp-content\/uploads\/2020\/04\/rama-13-768x433.jpg 768w\" sizes=\"auto, (max-width: 780px) 100vw, 780px\" \/><\/a><\/p>\n<p><span style=\"color: #000000;\">Kryeministri Edi Rama ka paralajm\u00ebruar drejtuesit e mjeteve t\u00eb cil\u00ebt e shfryt\u00ebzojn\u00eb lejen q\u00eb kan\u00eb marr\u00eb p\u00ebr pun\u00eb, p\u00ebr t\u00eb b\u00ebr\u00eb l\u00ebvizje t\u00eb tjera gjat\u00eb dit\u00ebs.<\/span><\/p>\n<p><span style=\"color: #000000;\">P\u00ebrmes nj\u00eb postimi n\u00eb Facebook, Rama thot\u00eb se l\u00ebvizjet e tjera t\u00eb pamotivura n\u00eb qendrat urbane te automjeteve 4+1 nuk do t\u00eb tolerohen nga Policia e Shtetit, pavar\u00ebsisht autorizimeve. Madje ai thot\u00eb se n\u00eb raste t\u00eb p\u00ebrs\u00ebritura t\u00eb abuzimit do t\u00eb nd\u00ebshkohen me penalitetet p\u00ebrkat\u00ebse.<\/span><\/p>\n<p><em><span style=\"color: #000000;\">\u201cDURIM DHE KUJDES, \u00c7DO HAPJE DO T\u00cb SHOQ\u00cbROHET ME TOLERANC\u00cb ZERO P\u00cbR ABUZIMET<\/span><\/em><\/p>\n<p><em><span style=\"color: #000000;\">Duke konsideruar urdh\u00ebrin e ri t\u00eb Ministris\u00eb s\u00eb Sh\u00ebndet\u00ebsis\u00eb nr. 256, dat\u00eb 10 prill 2020, ku \u00ebsht\u00eb zgjeruar fasha orare e lejuar p\u00ebr qarkullimin e automjeteve nga ora 05:00 deri n\u00eb 17:30, Policia e Shtetit t\u00ebrheq v\u00ebmendjen e drejtuesve t\u00eb mjeteve t\u00eb kategorive t\u00eb lejuara dhe t\u00eb autorizuara dhe sqaron q\u00eb kjo fash\u00eb orare nuk n\u00ebnkupton \u201cqarkullimin e pakufizuar\u201d t\u00eb mjeteve t\u00eb m\u00ebsip\u00ebrme.<\/span><\/em><\/p>\n<p><em><span style=\"color: #000000;\">\u00cbsht\u00eb e lejuar vajtja n\u00eb qendrat e pun\u00ebs, i punonj\u00ebsve t\u00eb bizneseve, n\u00eb fash\u00ebn e par\u00eb orare 05:00-8:00 dhe kthimi nga puna n\u00eb fash\u00ebn e dyt\u00eb orare 16:00-17:30.<\/span><\/em><\/p>\n<p><span style=\"color: #000000;\"><em>L\u00ebvizjet e tjera t\u00eb pamotivura n\u00eb qendrat urbane te automjeteve 4+1 nuk do t\u00eb tolerohen nga Policia e Shtetit, pavar\u00ebsisht autorizimeve, t\u00eb cilat n\u00eb raste t\u00eb p\u00ebrs\u00ebritura t\u00eb abuzimit do t\u00eb pezullohen me penalitetet p\u00ebrkat\u00ebse.\u201d<\/em> \u2013shkruan Rama.<\/span><\/p>\n<p><span style=\"color: #000000;\">Kryeministri Edi Rama kujtoi se policia ka nisur monitorim edhe me dron\u00eb inteligjent\u00eb p\u00ebr t\u00eb identifikuar personat q\u00eb shkelin karantin\u00ebn.<\/span><\/p>\n<p><em><span style=\"color: #000000;\">\u201cNisur edhe nga denoncimet e qytetar\u00ebve n\u00eb adresat zyrtare t\u00eb saj, p\u00ebr persona t\u00eb caktuar q\u00eb shkelin orarin e karantin\u00ebs, p\u00ebr grup banor\u00ebsh n\u00eb lagje periferike t\u00eb qyteteve apo p\u00ebr lokale q\u00eb ushtrojn\u00eb aktivitetin n\u00eb kund\u00ebrshtim me Aktin Normativ, Policia e Shtetit ka marr\u00eb masa duke nxjerr\u00eb n\u00eb patrullim punonj\u00ebs policie t\u00eb Policis\u00eb Kriminale dhe s\u00eb fundmi dron\u00eb inteligjent\u00eb n\u00eb t\u00eb gjith\u00eb territorin.<\/span><\/em><\/p>\n<p><span style=\"color: #000000;\"><em>Policia e Shtetit apelon p\u00ebr t\u00eb gjith\u00eb qytetar\u00ebt q\u00eb t\u00eb respektojn\u00eb me rigorozitet \u00e7do mas\u00eb kufizuese, duke kontribuar t\u00eb gjith\u00eb s\u00eb bashku p\u00ebr t\u00eb parandaluar p\u00ebrhapjen e COVID-19.\u201d-<\/em> thuhet n\u00eb njoftim.<\/span><\/p>\n","protected":false,"gt_translate_keys":[{"key":"rendered","format":"html"}]},"excerpt":{"rendered":"<p>Kryeministri Edi Rama ka paralajm\u00ebruar drejtuesit e mjeteve t\u00eb cil\u00ebt e shfryt\u00ebzojn\u00eb lejen q\u00eb kan\u00eb marr\u00eb p\u00ebr pun\u00eb, p\u00ebr t\u00eb b\u00ebr\u00eb l\u00ebvizje t\u00eb tjera gjat\u00eb dit\u00ebs. P\u00ebrmes nj\u00eb postimi n\u00eb Facebook, Rama thot\u00eb se l\u00ebvizjet e tjera t\u00eb pamotivura n\u00eb qendrat urbane te automjeteve 4+1 nuk do t\u00eb tolerohen nga Policia e Shtetit, pavar\u00ebsisht autorizimeve. [&hellip;]<\/p>\n","protected":false,"gt_translate_keys":[{"key":"rendered","format":"html"}]},"author":30,"featured_media":367158,"comment_status":"open","ping_status":"open","sticky":false,"template":"","format":"standard","meta":{"footnotes":""},"categories":[65,13],"tags":[],"class_list":["post-367203","post","type-post","status-publish","format-standard","has-post-thumbnail","hentry","category-lajme","category-te-fundit"],"gt_translate_keys":[{"key":"link","format":"url"}],"_links":{"self":[{"href":"https:\/\/www.hashtag.al\/index.php\/wp-json\/wp\/v2\/posts\/367203","targetHints":{"allow":["GET"]}}],"collection":[{"href":"https:\/\/www.hashtag.al\/index.php\/wp-json\/wp\/v2\/posts"}],"about":[{"href":"https:\/\/www.hashtag.al\/index.php\/wp-json\/wp\/v2\/types\/post"}],"author":[{"embeddable":true,"href":"https:\/\/www.hashtag.al\/index.php\/wp-json\/wp\/v2\/users\/30"}],"replies":[{"embeddable":true,"href":"https:\/\/www.hashtag.al\/index.php\/wp-json\/wp\/v2\/comments?post=367203"}],"version-history":[{"count":0,"href":"https:\/\/www.hashtag.al\/index.php\/wp-json\/wp\/v2\/posts\/367203\/revisions"}],"wp:featuredmedia":[{"embeddable":true,"href":"https:\/\/www.hashtag.al\/index.php\/wp-json\/wp\/v2\/media\/367158"}],"wp:attachment":[{"href":"https:\/\/www.hashtag.al\/index.php\/wp-json\/wp\/v2\/media?parent=367203"}],"wp:term":[{"taxonomy":"category","embeddable":true,"href":"https:\/\/www.hashtag.al\/index.php\/wp-json\/wp\/v2\/categories?post=367203"},{"taxonomy":"post_tag","embeddable":true,"href":"https:\/\/www.hashtag.al\/index.php\/wp-json\/wp\/v2\/tags?post=367203"}],"curies":[{"name":"wp","href":"https:\/\/api.w.org\/{rel}","templated":true}]}}