{"id":367162,"date":"2020-04-13T20:45:04","date_gmt":"2020-04-13T18:45:04","guid":{"rendered":"https:\/\/hashtag.al\/?p=367162"},"modified":"2020-04-13T20:45:04","modified_gmt":"2020-04-13T18:45:04","slug":"qeveria-spanjolle-lehteson-masat-rikthen-ne-pune-300-mije-punonjes","status":"publish","type":"post","link":"https:\/\/www.hashtag.al\/index.php\/2020\/04\/13\/qeveria-spanjolle-lehteson-masat-rikthen-ne-pune-300-mije-punonjes\/","title":{"rendered":"Qeveria spanjolle leht\u00ebson masat, rikthen n\u00eb pun\u00eb 300 mij\u00eb punonj\u00ebs","gt_translate_keys":[{"key":"rendered","format":"text"}]},"content":{"rendered":"<p><img loading=\"lazy\" decoding=\"async\" class=\"aligncenter size-full wp-image-362610\" src=\"https:\/\/hashtag.al\/wp-content\/uploads\/2020\/03\/spanje.jpg\" alt=\"\" width=\"690\" height=\"483\" srcset=\"https:\/\/www.hashtag.al\/wp-content\/uploads\/2020\/03\/spanje.jpg 690w, https:\/\/www.hashtag.al\/wp-content\/uploads\/2020\/03\/spanje-300x210.jpg 300w\" sizes=\"auto, (max-width: 690px) 100vw, 690px\" \/><\/p>\n<p><span style=\"color: #000000;\">300 mij\u00eb punonj\u00ebs n\u00eb Madrid jan\u00eb rikthyer n\u00eb pun\u00eb pas izolimit total prej rreth dy muajsh.<\/span><\/p>\n<p><span style=\"color: #000000;\">Qeveria vendosi q\u00eb t\u00eb rikthente n\u00eb pun\u00eb disa kategori punonj\u00ebsit si nj\u00eb mas\u00eb leht\u00ebsuese prej virusit korona i cili ka mb\u00ebrthyer Spanj\u00ebn duke e kthyer n\u00eb nj\u00eb nga vatrat m\u00eb kritike n\u00eb Evrop\u00eb.<\/span><\/p>\n<p><span style=\"color: #000000;\">Punonj\u00ebsit q\u00eb merren me nd\u00ebrtim, fabrika apo q\u00eb nuk punojn\u00eb n\u00eb sht\u00ebpi jan\u00eb tashm\u00eb t\u00eb lir\u00eb t\u00eb shkojn\u00eb n\u00eb pun\u00eb kurse p\u00ebr t\u00eb tjer\u00ebt vijon \u201dizolimi\u201d-i strikt si prej dy muajsh.<\/span><\/p>\n<p><span style=\"color: #000000;\">Spanja k\u00ebt\u00eb jav\u00eb ka p\u00ebsuar nj\u00eb r\u00ebnie t\u00eb kurb\u00ebs dhe se num\u00ebron 169 mij\u00eb e 510 t\u00eb infektuar, 17 mij\u00eb e 614 t\u00eb vdekur dhe mbi 64 mij\u00eb t\u00eb sh\u00ebruar.<\/span><\/p>\n<p>&nbsp;<\/p>\n","protected":false,"gt_translate_keys":[{"key":"rendered","format":"html"}]},"excerpt":{"rendered":"<p>300 mij\u00eb punonj\u00ebs n\u00eb Madrid jan\u00eb rikthyer n\u00eb pun\u00eb pas izolimit total prej rreth dy muajsh. Qeveria vendosi q\u00eb t\u00eb rikthente n\u00eb pun\u00eb disa kategori punonj\u00ebsit si nj\u00eb mas\u00eb leht\u00ebsuese prej virusit korona i cili ka mb\u00ebrthyer Spanj\u00ebn duke e kthyer n\u00eb nj\u00eb nga vatrat m\u00eb kritike n\u00eb Evrop\u00eb. Punonj\u00ebsit q\u00eb merren me nd\u00ebrtim, fabrika [&hellip;]<\/p>\n","protected":false,"gt_translate_keys":[{"key":"rendered","format":"html"}]},"author":32,"featured_media":362576,"comment_status":"open","ping_status":"open","sticky":false,"template":"","format":"standard","meta":{"footnotes":""},"categories":[6,13],"tags":[],"class_list":["post-367162","post","type-post","status-publish","format-standard","has-post-thumbnail","hentry","category-nderkombetare","category-te-fundit"],"gt_translate_keys":[{"key":"link","format":"url"}],"_links":{"self":[{"href":"https:\/\/www.hashtag.al\/index.php\/wp-json\/wp\/v2\/posts\/367162","targetHints":{"allow":["GET"]}}],"collection":[{"href":"https:\/\/www.hashtag.al\/index.php\/wp-json\/wp\/v2\/posts"}],"about":[{"href":"https:\/\/www.hashtag.al\/index.php\/wp-json\/wp\/v2\/types\/post"}],"author":[{"embeddable":true,"href":"https:\/\/www.hashtag.al\/index.php\/wp-json\/wp\/v2\/users\/32"}],"replies":[{"embeddable":true,"href":"https:\/\/www.hashtag.al\/index.php\/wp-json\/wp\/v2\/comments?post=367162"}],"version-history":[{"count":0,"href":"https:\/\/www.hashtag.al\/index.php\/wp-json\/wp\/v2\/posts\/367162\/revisions"}],"wp:featuredmedia":[{"embeddable":true,"href":"https:\/\/www.hashtag.al\/index.php\/wp-json\/wp\/v2\/media\/362576"}],"wp:attachment":[{"href":"https:\/\/www.hashtag.al\/index.php\/wp-json\/wp\/v2\/media?parent=367162"}],"wp:term":[{"taxonomy":"category","embeddable":true,"href":"https:\/\/www.hashtag.al\/index.php\/wp-json\/wp\/v2\/categories?post=367162"},{"taxonomy":"post_tag","embeddable":true,"href":"https:\/\/www.hashtag.al\/index.php\/wp-json\/wp\/v2\/tags?post=367162"}],"curies":[{"name":"wp","href":"https:\/\/api.w.org\/{rel}","templated":true}]}}