{"id":367160,"date":"2020-04-13T20:32:04","date_gmt":"2020-04-13T18:32:04","guid":{"rendered":"https:\/\/hashtag.al\/?p=367160"},"modified":"2020-04-13T20:32:04","modified_gmt":"2020-04-13T18:32:04","slug":"te-shtune-nisin-rikthimet-nga-roma-por-duhet-paguar-avioni-dhe-hoteli-i-karantinimit-rama","status":"publish","type":"post","link":"https:\/\/www.hashtag.al\/index.php\/2020\/04\/13\/te-shtune-nisin-rikthimet-nga-roma-por-duhet-paguar-avioni-dhe-hoteli-i-karantinimit-rama\/","title":{"rendered":"\u201cT\u00eb shtun\u00eb nisin rikthimet nga Roma, por duhet paguar avioni dhe hoteli i karantinimit\u201d-Rama","gt_translate_keys":[{"key":"rendered","format":"text"}]},"content":{"rendered":"<p><img loading=\"lazy\" decoding=\"async\" class=\"aligncenter size-full wp-image-367158\" src=\"https:\/\/hashtag.al\/wp-content\/uploads\/2020\/04\/rama-13.jpg\" alt=\"\" width=\"780\" height=\"440\" srcset=\"https:\/\/www.hashtag.al\/wp-content\/uploads\/2020\/04\/rama-13.jpg 780w, https:\/\/www.hashtag.al\/wp-content\/uploads\/2020\/04\/rama-13-300x169.jpg 300w, https:\/\/www.hashtag.al\/wp-content\/uploads\/2020\/04\/rama-13-768x433.jpg 768w\" sizes=\"auto, (max-width: 780px) 100vw, 780px\" \/><\/p>\n<p><span style=\"color: #000000;\">Kryeministri Edi Rama lajm\u00ebroi se dit\u00ebn e shtun\u00eb do nisin rikthimet e emigrant\u00ebve dhe fluturimi i par\u00eb do jet\u00eb nga Italia.<\/span><\/p>\n<p><span style=\"color: #000000;\">Por kreui qeveris\u00eb tha se k\u00ebt\u00eb her\u00eb t\u00eb gjith\u00eb ata q\u00eb duan t\u00eb kthehen duhet t\u00eb paguajn\u00eb udh\u00ebtimin dhe hotelin karantin\u00eb n\u00eb t\u00eb cilin duhen t\u00eb q\u00ebndrojn\u00eb pasi t\u00eb hyjn\u00eb n\u00eb Shqip\u00ebri.<\/span><\/p>\n<p><span style=\"color: #000000;\">\u201c<em>Ju k\u00ebrkoj q\u00eb gjith\u00eb atyre ndjes\u00eb t\u00eb sinqert\u00eb t\u00eb madhe sepse e marr me mend dhe m\u00eb dhemb mundi i tyre i pazakont\u00eb n\u00eb pamund\u00ebsi p\u00ebr t\u2019u kthyer n\u00eb atdhe.<\/em><\/span><\/p>\n<p><span style=\"color: #000000;\"><em>Turp, turp atyre q\u00eb luajn\u00eb patriot\u00ebsh dhe demokrat\u00ebsh, trup t\u00eb flas\u00ebsh bij\u00ebt e shqipes q\u00eb u jan\u00eb prer\u00eb krah\u00ebt nga diktatura e Tiran\u00ebs apo p\u00ebr munges\u00ebn e liris\u00eb p\u00ebr t\u2019u kthyer n\u00eb sht\u00ebpi kur ne e kemi marr\u00eb k\u00ebt\u00eb mas\u00eb n\u00eb raport me nj\u00eb armik t\u00eb paduksh\u00ebm q\u00eb do t\u00eb na kishte grir\u00eb, do t\u00eb thot\u00eb t\u00eb nxis\u00ebsh infektimit. \u00a0<\/em><\/span><\/p>\n<p><span style=\"color: #000000;\"><em>N\u00eb kuadrin e leht\u00ebsimeve me pikatore, ne kemi gati planin e rihapjes me shum\u00eb kujdes t\u00eb riatdhesimeve. Nes\u00ebr do t\u00eb b\u00ebjm\u00eb publike modalitetet.<\/em><\/span><\/p>\n<p><span style=\"color: #000000;\"><em>T\u00eb shtun\u00ebn e k\u00ebsaj jave do t\u00eb nisin fluturimet, fillimisht nga Roma. Kush d\u00ebshiron t\u00eb riadhesohet t\u00eb pronotoj\u00eb avionin dhe pagesat n\u00eb hotelin p\u00ebrkat\u00ebs n\u00eb zinxhirin e hoteleve t\u00eb v\u00ebna n\u00eb dispozicion.<\/em><\/span><\/p>\n<p><span style=\"color: #000000;\"><em>At\u00eb q\u00eb duket sot rruga m\u00eb e gjat\u00eb, e cila me siguri na nxjerr m\u00eb shkurt se \u00e7do rrug\u00eb tjet\u00ebr, kjo \u00ebsht\u00eb rruga q\u00eb ta fitojm\u00eb me nder\u00eb dhe me sh\u00ebndet k\u00ebt\u00eb luft\u00eb. Prandaj \u00ebsht\u00eb kaq e v\u00ebshtir\u00eb. Duke par\u00eb familjet dhe nj\u00ebri-tjetrin p\u00ebrdit\u00eb, nuk e kemi t\u00eb v\u00ebshtir\u00eb t\u00eb mendojm\u00eb se rrug\u00eb m\u00eb t\u00eb mir\u00eb se kjo nuk ka<\/em>\u201d-tha Rama.\u00a0<\/span><\/p>\n","protected":false,"gt_translate_keys":[{"key":"rendered","format":"html"}]},"excerpt":{"rendered":"<p>Kryeministri Edi Rama lajm\u00ebroi se dit\u00ebn e shtun\u00eb do nisin rikthimet e emigrant\u00ebve dhe fluturimi i par\u00eb do jet\u00eb nga Italia. Por kreui qeveris\u00eb tha se k\u00ebt\u00eb her\u00eb t\u00eb gjith\u00eb ata q\u00eb duan t\u00eb kthehen duhet t\u00eb paguajn\u00eb udh\u00ebtimin dhe hotelin karantin\u00eb n\u00eb t\u00eb cilin duhen t\u00eb q\u00ebndrojn\u00eb pasi t\u00eb hyjn\u00eb n\u00eb Shqip\u00ebri. \u201cJu k\u00ebrkoj [&hellip;]<\/p>\n","protected":false,"gt_translate_keys":[{"key":"rendered","format":"html"}]},"author":32,"featured_media":367158,"comment_status":"open","ping_status":"open","sticky":false,"template":"","format":"standard","meta":{"footnotes":""},"categories":[65,13],"tags":[],"class_list":["post-367160","post","type-post","status-publish","format-standard","has-post-thumbnail","hentry","category-lajme","category-te-fundit"],"gt_translate_keys":[{"key":"link","format":"url"}],"_links":{"self":[{"href":"https:\/\/www.hashtag.al\/index.php\/wp-json\/wp\/v2\/posts\/367160","targetHints":{"allow":["GET"]}}],"collection":[{"href":"https:\/\/www.hashtag.al\/index.php\/wp-json\/wp\/v2\/posts"}],"about":[{"href":"https:\/\/www.hashtag.al\/index.php\/wp-json\/wp\/v2\/types\/post"}],"author":[{"embeddable":true,"href":"https:\/\/www.hashtag.al\/index.php\/wp-json\/wp\/v2\/users\/32"}],"replies":[{"embeddable":true,"href":"https:\/\/www.hashtag.al\/index.php\/wp-json\/wp\/v2\/comments?post=367160"}],"version-history":[{"count":0,"href":"https:\/\/www.hashtag.al\/index.php\/wp-json\/wp\/v2\/posts\/367160\/revisions"}],"wp:featuredmedia":[{"embeddable":true,"href":"https:\/\/www.hashtag.al\/index.php\/wp-json\/wp\/v2\/media\/367158"}],"wp:attachment":[{"href":"https:\/\/www.hashtag.al\/index.php\/wp-json\/wp\/v2\/media?parent=367160"}],"wp:term":[{"taxonomy":"category","embeddable":true,"href":"https:\/\/www.hashtag.al\/index.php\/wp-json\/wp\/v2\/categories?post=367160"},{"taxonomy":"post_tag","embeddable":true,"href":"https:\/\/www.hashtag.al\/index.php\/wp-json\/wp\/v2\/tags?post=367160"}],"curies":[{"name":"wp","href":"https:\/\/api.w.org\/{rel}","templated":true}]}}