{"id":366695,"date":"2020-04-11T15:06:10","date_gmt":"2020-04-11T13:06:10","guid":{"rendered":"https:\/\/hashtag.al\/?p=366695"},"modified":"2020-04-11T15:07:17","modified_gmt":"2020-04-11T13:07:17","slug":"u-kap-duke-u-stervitur-ne-stadium-ronaldo-paralajmerohet-se-ska-privilegje-gjate-pandemise","status":"publish","type":"post","link":"https:\/\/www.hashtag.al\/index.php\/2020\/04\/11\/u-kap-duke-u-stervitur-ne-stadium-ronaldo-paralajmerohet-se-ska-privilegje-gjate-pandemise\/","title":{"rendered":"U kap duke u st\u00ebrvitur n\u00eb stadium, Ronaldo paralajm\u00ebrohet se &#8220;s&#8217;ka privilegje&#8221; gjat\u00eb pandemis\u00eb","gt_translate_keys":[{"key":"rendered","format":"text"}]},"content":{"rendered":"<p><a href=\"https:\/\/hashtag.al\/wp-content\/uploads\/2020\/04\/Ronaldo.jpg\"><img loading=\"lazy\" decoding=\"async\" class=\"aligncenter size-full wp-image-366696\" src=\"https:\/\/hashtag.al\/wp-content\/uploads\/2020\/04\/Ronaldo.jpg\" alt=\"\" width=\"1200\" height=\"800\" srcset=\"https:\/\/www.hashtag.al\/wp-content\/uploads\/2020\/04\/Ronaldo.jpg 1200w, https:\/\/www.hashtag.al\/wp-content\/uploads\/2020\/04\/Ronaldo-300x200.jpg 300w, https:\/\/www.hashtag.al\/wp-content\/uploads\/2020\/04\/Ronaldo-768x512.jpg 768w, https:\/\/www.hashtag.al\/wp-content\/uploads\/2020\/04\/Ronaldo-1024x683.jpg 1024w\" sizes=\"auto, (max-width: 1200px) 100vw, 1200px\" \/><\/a><\/p>\n<p><span style=\"color: #000000;\">Christiano Ronaldo \u00ebsht\u00eb paralajm\u00ebruar se nuk ka privilegje t\u00eb ve\u00e7anta p\u00ebr t\u00eb, pasi u fotografua duke u st\u00ebrvitur n\u00eb nj\u00eb stadium n\u00eb vendlindjen e tij, n\u00eb Madeira.<\/span><\/p>\n<p><span style=\"color: #000000;\">Fotograf\u00ebt e kap\u00ebn yllin e Juventusit duke shkelmuar topin n\u00eb stadiumin n\u00eb Madeira, n\u00eb nj\u00eb koh\u00eb kur lojtar\u00ebt e vendit i b\u00ebjn\u00eb st\u00ebrvitjet e tyre n\u00eb sht\u00ebpi.<\/span><\/p>\n<p><span style=\"color: #000000;\">Shefi lokal i Sh\u00ebndet\u00ebsis\u00eb, Pedro Ramos, tha se Ronaldo nuk kishte patur nevoj\u00eb p\u00ebr <em>&#8220;leje speciale&#8221;<\/em> p\u00ebr t&#8217;u trajnuar, por megjithat\u00eb paralajm\u00ebroi q\u00eb rregullat duhet t\u00eb respektohen. Ai madje shtoi se Ronaldo duhet t\u00eb p\u00ebrdor\u00eb imazhin e tij p\u00ebr t\u00eb sensibilizuar njer\u00ebzit.<\/span><\/p>\n<p><em><span style=\"color: #000000;\">&#8220;Cristiano Ronaldo ka t\u00eb drejt\u00eb t\u00eb st\u00ebrvitet p\u00ebr sa koh\u00eb q\u00eb respekton rregullat si t\u00eb gjith\u00eb qytetar\u00ebt, nuk ka asnj\u00eb privilegj.<\/span><\/em><\/p>\n<p><em><span style=\"color: #000000;\">\u00a0Un\u00eb nuk do t\u00eb doja t\u00eb trivializohej sepse t\u00eb gjith\u00eb jemi p\u00ebrgjegj\u00ebs. T\u00eb gjith\u00eb qytetar\u00ebt mund t\u00eb largohen nga sht\u00ebpia, p\u00ebr sa koh\u00eb q\u00eb nuk shkaktojn\u00eb tubime dhe mbajn\u00eb nj\u00eb distanc\u00eb t\u00eb sigurt gjat\u00eb st\u00ebrvitjes. Prandaj, Ronaldo b\u00ebri at\u00eb q\u00eb kemi par\u00eb.<\/span><\/em><\/p>\n<p><span style=\"color: #000000;\"><em>Nuk kishte asnj\u00eb autorizim t\u00eb ve\u00e7ant\u00eb sepse t\u00eb gjith\u00eb jemi nj\u00ebsoj, t\u00eb gjith\u00eb po p\u00ebrballemi me t\u00eb nj\u00ebjt\u00ebn pandemi. Lojtari m\u00eb i mir\u00eb n\u00eb bot\u00eb duhet t\u00eb p\u00ebrdor\u00eb imazhin e tij p\u00ebr t\u00eb dh\u00ebn\u00eb nj\u00eb shembull, por Cristiano m\u00eb duket se ka b\u00ebr\u00eb vet\u00ebm disa minuta st\u00ebrvitje&#8230; nuk ka asnj\u00eb d\u00ebm n\u00eb bot\u00eb.&#8221;-<\/em> tha Ramos.<\/span><\/p>\n<p><span style=\"color: #000000;\">Disa or\u00eb pasi mori pjes\u00eb n\u00eb st\u00ebrvitje, Ronaldo promovoi n\u00eb rrjetet sociale Kryqin e Kuq Portugez, duke publikuar nj\u00eb fotografi ku shfaqej i veshur me nj\u00eb mask\u00eb t\u00eb zbukuruar me ngjyrat e kombit t\u00eb tij dhe duke shkruar: <em>&#8220;N\u00eb k\u00ebt\u00eb moment shum\u00eb t\u00eb v\u00ebshtir\u00eb p\u00ebr bot\u00ebn ton\u00eb \u00ebsht\u00eb e r\u00ebnd\u00ebsishme q\u00eb ne bashkohemi dhe mb\u00ebshtesim nj\u00ebri-tjetrin. Le t\u00eb b\u00ebjm\u00eb t\u00eb gjith\u00eb at\u00eb q\u00eb mundemi p\u00ebr t\u00eb ndihmuar &#8220;.<\/em><\/span><\/p>\n<blockquote class=\"twitter-tweet\">\n<p dir=\"ltr\" lang=\"en\">In this very difficult moment for our world it is important we unite and support each other. Let\u2019s all do what we can to help. <a href=\"https:\/\/twitter.com\/hashtag\/beyondthemask?src=hash&amp;ref_src=twsrc%5Etfw\">#beyondthemask<\/a> <a href=\"https:\/\/twitter.com\/hashtag\/nevergiveup?src=hash&amp;ref_src=twsrc%5Etfw\">#nevergiveup<\/a> <a href=\"https:\/\/t.co\/SQjkeRlSw8\">pic.twitter.com\/SQjkeRlSw8<\/a><\/p>\n<p>\u2014 Cristiano Ronaldo (@Cristiano) <a href=\"https:\/\/twitter.com\/Cristiano\/status\/1248689538828034048?ref_src=twsrc%5Etfw\">April 10, 2020<\/a><\/p><\/blockquote>\n<p><script async src=\"https:\/\/platform.twitter.com\/widgets.js\" charset=\"utf-8\"><\/script><\/p>\n","protected":false,"gt_translate_keys":[{"key":"rendered","format":"html"}]},"excerpt":{"rendered":"<p>Christiano Ronaldo \u00ebsht\u00eb paralajm\u00ebruar se nuk ka privilegje t\u00eb ve\u00e7anta p\u00ebr t\u00eb, pasi u fotografua duke u st\u00ebrvitur n\u00eb nj\u00eb stadium n\u00eb vendlindjen e tij, n\u00eb Madeira. Fotograf\u00ebt e kap\u00ebn yllin e Juventusit duke shkelmuar topin n\u00eb stadiumin n\u00eb Madeira, n\u00eb nj\u00eb koh\u00eb kur lojtar\u00ebt e vendit i b\u00ebjn\u00eb st\u00ebrvitjet e tyre n\u00eb sht\u00ebpi. Shefi [&hellip;]<\/p>\n","protected":false,"gt_translate_keys":[{"key":"rendered","format":"html"}]},"author":30,"featured_media":366696,"comment_status":"open","ping_status":"open","sticky":false,"template":"","format":"standard","meta":{"footnotes":""},"categories":[134],"tags":[],"class_list":["post-366695","post","type-post","status-publish","format-standard","has-post-thumbnail","hentry","category-sport"],"gt_translate_keys":[{"key":"link","format":"url"}],"_links":{"self":[{"href":"https:\/\/www.hashtag.al\/index.php\/wp-json\/wp\/v2\/posts\/366695","targetHints":{"allow":["GET"]}}],"collection":[{"href":"https:\/\/www.hashtag.al\/index.php\/wp-json\/wp\/v2\/posts"}],"about":[{"href":"https:\/\/www.hashtag.al\/index.php\/wp-json\/wp\/v2\/types\/post"}],"author":[{"embeddable":true,"href":"https:\/\/www.hashtag.al\/index.php\/wp-json\/wp\/v2\/users\/30"}],"replies":[{"embeddable":true,"href":"https:\/\/www.hashtag.al\/index.php\/wp-json\/wp\/v2\/comments?post=366695"}],"version-history":[{"count":0,"href":"https:\/\/www.hashtag.al\/index.php\/wp-json\/wp\/v2\/posts\/366695\/revisions"}],"wp:featuredmedia":[{"embeddable":true,"href":"https:\/\/www.hashtag.al\/index.php\/wp-json\/wp\/v2\/media\/366696"}],"wp:attachment":[{"href":"https:\/\/www.hashtag.al\/index.php\/wp-json\/wp\/v2\/media?parent=366695"}],"wp:term":[{"taxonomy":"category","embeddable":true,"href":"https:\/\/www.hashtag.al\/index.php\/wp-json\/wp\/v2\/categories?post=366695"},{"taxonomy":"post_tag","embeddable":true,"href":"https:\/\/www.hashtag.al\/index.php\/wp-json\/wp\/v2\/tags?post=366695"}],"curies":[{"name":"wp","href":"https:\/\/api.w.org\/{rel}","templated":true}]}}