{"id":366687,"date":"2020-04-11T14:38:33","date_gmt":"2020-04-11T12:38:33","guid":{"rendered":"https:\/\/hashtag.al\/?p=366687"},"modified":"2020-04-11T14:44:42","modified_gmt":"2020-04-11T12:44:42","slug":"armand-duka-tre-persona-ne-boten-e-futbollit-jane-infektuar-me-covid-19","status":"publish","type":"post","link":"https:\/\/www.hashtag.al\/index.php\/2020\/04\/11\/armand-duka-tre-persona-ne-boten-e-futbollit-jane-infektuar-me-covid-19\/","title":{"rendered":"Armand Duka: Tre persona n\u00eb bot\u00ebn e futbollit jan\u00eb infektuar me Covid-19","gt_translate_keys":[{"key":"rendered","format":"text"}]},"content":{"rendered":"<p><a href=\"https:\/\/hashtag.al\/wp-content\/uploads\/2020\/04\/duka-1.jpg\"><img loading=\"lazy\" decoding=\"async\" class=\"aligncenter size-full wp-image-366690\" src=\"https:\/\/hashtag.al\/wp-content\/uploads\/2020\/04\/duka-1.jpg\" alt=\"\" width=\"530\" height=\"346\" srcset=\"https:\/\/www.hashtag.al\/wp-content\/uploads\/2020\/04\/duka-1.jpg 530w, https:\/\/www.hashtag.al\/wp-content\/uploads\/2020\/04\/duka-1-300x196.jpg 300w\" sizes=\"auto, (max-width: 530px) 100vw, 530px\" \/><\/a><\/p>\n<p><span style=\"color: #000000;\">Koronavirusi ka prekur edhe futbollin shqiptar dhe nuk \u00ebsht\u00eb fjala vet\u00ebm p\u00ebr pezullimin e ndeshjeve, por sepse ka tre raste t\u00eb personave t\u00eb k\u00ebsaj fushe t\u00eb prekur nga virusi n\u00eb vend.<\/span><\/p>\n<p><span style=\"color: #000000;\">Lajmi u konfirmua nga vet\u00eb presidenti i FSHF-s\u00eb, Armand Duka, gjat\u00eb nj\u00eb prononcimi p\u00ebr \u201cN\u00eb Fokus\u201d, n\u00eb \u201cTema TV\u201d.<\/span><\/p>\n<p><span style=\"color: #000000;\"><em>\u201cNga informacionet q\u00eb kemi dhe besoj jemi t\u00eb sakt\u00eb, jan\u00eb vet\u00ebm tre raste q\u00eb kan\u00eb rezultuar pozitiv. Dy nga ata e kan\u00eb kaluar virusin dhe tashm\u00eb jan\u00eb negativ\u00eb. Nj\u00ebri vazhdon t\u00eb jet\u00eb i infektuar. Nj\u00ebri nga ata \u00ebsht\u00eb deklaruar, Florian Riza, nd\u00ebrsa dy t\u00eb tjer\u00ebt nuk ka r\u00ebnd\u00ebsi kush jan\u00eb. Jan\u00eb pjes\u00eb e bot\u00ebs s\u00eb futbollit.\u201d<\/em>\u2013 tha Duka.<\/span><\/p>\n<p><span style=\"color: #000000;\">Florian Riza ishte personi i par\u00eb q\u00eb u konfirmua si i infektuar n\u00eb bot\u00ebn shqiptare t\u00eb sportit. Ai madje ka dh\u00ebn\u00eb dhe intervista, ku ka folur p\u00ebr m\u00ebnyr\u00ebn se si e ka kaluar infeksionin.<\/span><\/p>\n<p><iframe loading=\"lazy\" style=\"border: none; overflow: hidden;\" src=\"https:\/\/www.facebook.com\/plugins\/video.php?href=https%3A%2F%2Fwww.facebook.com%2Ftvt.al%2Fvideos%2F583523182520895%2F&amp;show_text=0&amp;width=560\" width=\"560\" height=\"315\" frameborder=\"0\" scrolling=\"no\" allowfullscreen=\"allowfullscreen\"><\/iframe><\/p>\n","protected":false,"gt_translate_keys":[{"key":"rendered","format":"html"}]},"excerpt":{"rendered":"<p>Koronavirusi ka prekur edhe futbollin shqiptar dhe nuk \u00ebsht\u00eb fjala vet\u00ebm p\u00ebr pezullimin e ndeshjeve, por sepse ka tre raste t\u00eb personave t\u00eb k\u00ebsaj fushe t\u00eb prekur nga virusi n\u00eb vend. Lajmi u konfirmua nga vet\u00eb presidenti i FSHF-s\u00eb, Armand Duka, gjat\u00eb nj\u00eb prononcimi p\u00ebr \u201cN\u00eb Fokus\u201d, n\u00eb \u201cTema TV\u201d. \u201cNga informacionet q\u00eb kemi dhe [&hellip;]<\/p>\n","protected":false,"gt_translate_keys":[{"key":"rendered","format":"html"}]},"author":30,"featured_media":366690,"comment_status":"open","ping_status":"open","sticky":false,"template":"","format":"standard","meta":{"footnotes":""},"categories":[65,134,13],"tags":[],"class_list":["post-366687","post","type-post","status-publish","format-standard","has-post-thumbnail","hentry","category-lajme","category-sport","category-te-fundit"],"gt_translate_keys":[{"key":"link","format":"url"}],"_links":{"self":[{"href":"https:\/\/www.hashtag.al\/index.php\/wp-json\/wp\/v2\/posts\/366687","targetHints":{"allow":["GET"]}}],"collection":[{"href":"https:\/\/www.hashtag.al\/index.php\/wp-json\/wp\/v2\/posts"}],"about":[{"href":"https:\/\/www.hashtag.al\/index.php\/wp-json\/wp\/v2\/types\/post"}],"author":[{"embeddable":true,"href":"https:\/\/www.hashtag.al\/index.php\/wp-json\/wp\/v2\/users\/30"}],"replies":[{"embeddable":true,"href":"https:\/\/www.hashtag.al\/index.php\/wp-json\/wp\/v2\/comments?post=366687"}],"version-history":[{"count":0,"href":"https:\/\/www.hashtag.al\/index.php\/wp-json\/wp\/v2\/posts\/366687\/revisions"}],"wp:featuredmedia":[{"embeddable":true,"href":"https:\/\/www.hashtag.al\/index.php\/wp-json\/wp\/v2\/media\/366690"}],"wp:attachment":[{"href":"https:\/\/www.hashtag.al\/index.php\/wp-json\/wp\/v2\/media?parent=366687"}],"wp:term":[{"taxonomy":"category","embeddable":true,"href":"https:\/\/www.hashtag.al\/index.php\/wp-json\/wp\/v2\/categories?post=366687"},{"taxonomy":"post_tag","embeddable":true,"href":"https:\/\/www.hashtag.al\/index.php\/wp-json\/wp\/v2\/tags?post=366687"}],"curies":[{"name":"wp","href":"https:\/\/api.w.org\/{rel}","templated":true}]}}