{"id":366570,"date":"2020-04-10T23:00:51","date_gmt":"2020-04-10T21:00:51","guid":{"rendered":"https:\/\/hashtag.al\/?p=366570"},"modified":"2020-04-10T20:43:59","modified_gmt":"2020-04-10T18:43:59","slug":"kunder-presidentit-6-anetare-te-bordit-drejtues-te-barcelona-japin-doreheqjen","status":"publish","type":"post","link":"https:\/\/www.hashtag.al\/index.php\/2020\/04\/10\/kunder-presidentit-6-anetare-te-bordit-drejtues-te-barcelona-japin-doreheqjen\/","title":{"rendered":"Kund\u00ebr presidentit, 6 an\u00ebtar\u00eb t\u00eb bordit drejtues t\u00eb Barcelona japin dor\u00ebheqjen","gt_translate_keys":[{"key":"rendered","format":"text"}]},"content":{"rendered":"<p><img loading=\"lazy\" decoding=\"async\" class=\"aligncenter size-full wp-image-366571\" src=\"https:\/\/hashtag.al\/wp-content\/uploads\/2020\/04\/josep-bartoemu-675x450.jpg\" alt=\"\" width=\"675\" height=\"450\" srcset=\"https:\/\/www.hashtag.al\/wp-content\/uploads\/2020\/04\/josep-bartoemu-675x450.jpg 675w, https:\/\/www.hashtag.al\/wp-content\/uploads\/2020\/04\/josep-bartoemu-675x450-300x200.jpg 300w\" sizes=\"auto, (max-width: 675px) 100vw, 675px\" \/><\/p>\n<p><span style=\"color: #000000;\">Duket se t\u00eb shumt\u00eb jan\u00eb personat e irrituar me presidenti i Barcelon\u00ebs, Bartomeu.<\/span><\/p>\n<p><span style=\"color: #000000;\">6 an\u00ebtar\u00eb t\u00eb bordit drejtues kan\u00eb dh\u00ebn\u00eb dor\u00ebheqjen duke shprehur hapur pak\u00ebnaq\u00ebsin\u00eb ndaj drejtimit dhe m\u00ebnyr\u00ebs s\u00eb menaxhimit t\u00eb Bartomuet.<\/span><\/p>\n<p><span style=\"color: #000000;\">N\u00eb muajin shkurt ishte Huame Masferrer, drejtor i Zon\u00ebs \u00eb Presidenc\u00ebs q\u00eb u pezullua nga zyra pasi Bartomeu dyshon se jan\u00eb pjestar\u00eb t\u00eb brendsh\u00ebm ata q\u00eb po organizojn\u00eb hedhjen e balt\u00ebs ndaj lojtar\u00ebve dhe klubit n\u00ebp\u00ebr mediat sociale.<\/span><\/p>\n<p><span style=\"color: #000000;\">Po ashtu n\u00eb muajin mars Emili Rosaund u dor\u00ebhoq pasi u njoftua nga Bartomeu se do t\u00eb b\u00ebheshin disa ndryshime mes t\u00eb cilave dhe ai p\u00ebr dyshime spiunazhi.<\/span><br \/>\n<span style=\"color: #000000;\">Tashm\u00eb dhe 6 t\u00eb tjer\u00eb i jan\u00eb bashkuar list\u00ebs dhe duket se Bartomeu k\u00ebrkon q\u00eb t\u00eb krijoj\u00eb stafin e tij besnik brenda Barcelon\u00ebs.<\/span><\/p>\n","protected":false,"gt_translate_keys":[{"key":"rendered","format":"html"}]},"excerpt":{"rendered":"<p>Duket se t\u00eb shumt\u00eb jan\u00eb personat e irrituar me presidenti i Barcelon\u00ebs, Bartomeu. 6 an\u00ebtar\u00eb t\u00eb bordit drejtues kan\u00eb dh\u00ebn\u00eb dor\u00ebheqjen duke shprehur hapur pak\u00ebnaq\u00ebsin\u00eb ndaj drejtimit dhe m\u00ebnyr\u00ebs s\u00eb menaxhimit t\u00eb Bartomuet. N\u00eb muajin shkurt ishte Huame Masferrer, drejtor i Zon\u00ebs \u00eb Presidenc\u00ebs q\u00eb u pezullua nga zyra pasi Bartomeu dyshon se jan\u00eb pjestar\u00eb [&hellip;]<\/p>\n","protected":false,"gt_translate_keys":[{"key":"rendered","format":"html"}]},"author":32,"featured_media":366571,"comment_status":"open","ping_status":"open","sticky":false,"template":"","format":"standard","meta":{"footnotes":""},"categories":[134,13],"tags":[],"class_list":["post-366570","post","type-post","status-publish","format-standard","has-post-thumbnail","hentry","category-sport","category-te-fundit"],"gt_translate_keys":[{"key":"link","format":"url"}],"_links":{"self":[{"href":"https:\/\/www.hashtag.al\/index.php\/wp-json\/wp\/v2\/posts\/366570","targetHints":{"allow":["GET"]}}],"collection":[{"href":"https:\/\/www.hashtag.al\/index.php\/wp-json\/wp\/v2\/posts"}],"about":[{"href":"https:\/\/www.hashtag.al\/index.php\/wp-json\/wp\/v2\/types\/post"}],"author":[{"embeddable":true,"href":"https:\/\/www.hashtag.al\/index.php\/wp-json\/wp\/v2\/users\/32"}],"replies":[{"embeddable":true,"href":"https:\/\/www.hashtag.al\/index.php\/wp-json\/wp\/v2\/comments?post=366570"}],"version-history":[{"count":0,"href":"https:\/\/www.hashtag.al\/index.php\/wp-json\/wp\/v2\/posts\/366570\/revisions"}],"wp:featuredmedia":[{"embeddable":true,"href":"https:\/\/www.hashtag.al\/index.php\/wp-json\/wp\/v2\/media\/366571"}],"wp:attachment":[{"href":"https:\/\/www.hashtag.al\/index.php\/wp-json\/wp\/v2\/media?parent=366570"}],"wp:term":[{"taxonomy":"category","embeddable":true,"href":"https:\/\/www.hashtag.al\/index.php\/wp-json\/wp\/v2\/categories?post=366570"},{"taxonomy":"post_tag","embeddable":true,"href":"https:\/\/www.hashtag.al\/index.php\/wp-json\/wp\/v2\/tags?post=366570"}],"curies":[{"name":"wp","href":"https:\/\/api.w.org\/{rel}","templated":true}]}}