{"id":366565,"date":"2020-04-10T20:17:07","date_gmt":"2020-04-10T18:17:07","guid":{"rendered":"https:\/\/hashtag.al\/?p=366565"},"modified":"2020-04-10T20:17:07","modified_gmt":"2020-04-10T18:17:07","slug":"permiresohet-gjendja-shendetesore-e-kryeministrit-britanik","status":"publish","type":"post","link":"https:\/\/www.hashtag.al\/index.php\/2020\/04\/10\/permiresohet-gjendja-shendetesore-e-kryeministrit-britanik\/","title":{"rendered":"P\u00ebrmir\u00ebsohet gjendja sh\u00ebndet\u00ebsore e Kryeministrit Britanik","gt_translate_keys":[{"key":"rendered","format":"text"}]},"content":{"rendered":"<p><img loading=\"lazy\" decoding=\"async\" class=\"aligncenter size-full wp-image-366405\" src=\"https:\/\/hashtag.al\/wp-content\/uploads\/2020\/04\/johnson-1.jpg\" alt=\"\" width=\"624\" height=\"350\" srcset=\"https:\/\/www.hashtag.al\/wp-content\/uploads\/2020\/04\/johnson-1.jpg 624w, https:\/\/www.hashtag.al\/wp-content\/uploads\/2020\/04\/johnson-1-300x168.jpg 300w\" sizes=\"auto, (max-width: 624px) 100vw, 624px\" \/><\/p>\n<p><span style=\"color: #000000;\">Gjendja sh\u00ebndet\u00ebsore e kryeministrit t\u00eb Britanis\u00eb, Boris Johnson, duket se po p\u00ebrmir\u00ebsohet pasi dit\u00ebn e djeshme ai doli nga kujdesi intensiv.<\/span><\/p>\n<p><span style=\"color: #000000;\">Sipas \u201cDaily Mail\u201d, Kryeministri ka b\u00ebr\u00eb \u2018sh\u00ebtitje t\u00eb shkurtra\u2019, \u00a0megjith\u00ebse i \u00ebsht\u00eb rekomanduar t\u00eb pushoj\u00eb.<\/span><\/p>\n<p><span style=\"color: #000000;\">Nj\u00eb z\u00ebdh\u00ebn\u00ebs i kryeministris\u00eb \u00a0tha se Johnson po fillon t\u00eb sh\u00ebrohet, dhe se po diskutohet \u00a0rikthimi i tij n\u00eb pun\u00eb s\u00eb shpejti.<\/span><\/p>\n<p><span style=\"color: #000000;\">Duke konfirmuar Johnson ishte tani n\u00eb nj\u00eb repart t\u00eb p\u00ebrgjithsh\u00ebm n\u00eb spitalin e St Thomas n\u00eb qendr\u00ebn e Londr\u00ebs, z\u00ebdh\u00ebn\u00ebsi i tij megjithat\u00eb k\u00ebmb\u00ebnguli se nuk ka nj\u00eb dat\u00eb t\u00eb caktuar se kur ai do t\u00eb kthehet n\u00eb detyr\u00eb.<\/span><\/p>\n","protected":false,"gt_translate_keys":[{"key":"rendered","format":"html"}]},"excerpt":{"rendered":"<p>Gjendja sh\u00ebndet\u00ebsore e kryeministrit t\u00eb Britanis\u00eb, Boris Johnson, duket se po p\u00ebrmir\u00ebsohet pasi dit\u00ebn e djeshme ai doli nga kujdesi intensiv. Sipas \u201cDaily Mail\u201d, Kryeministri ka b\u00ebr\u00eb \u2018sh\u00ebtitje t\u00eb shkurtra\u2019, \u00a0megjith\u00ebse i \u00ebsht\u00eb rekomanduar t\u00eb pushoj\u00eb. Nj\u00eb z\u00ebdh\u00ebn\u00ebs i kryeministris\u00eb \u00a0tha se Johnson po fillon t\u00eb sh\u00ebrohet, dhe se po diskutohet \u00a0rikthimi i tij n\u00eb [&hellip;]<\/p>\n","protected":false,"gt_translate_keys":[{"key":"rendered","format":"html"}]},"author":32,"featured_media":354748,"comment_status":"open","ping_status":"open","sticky":false,"template":"","format":"standard","meta":{"footnotes":""},"categories":[6,13],"tags":[],"class_list":["post-366565","post","type-post","status-publish","format-standard","has-post-thumbnail","hentry","category-nderkombetare","category-te-fundit"],"gt_translate_keys":[{"key":"link","format":"url"}],"_links":{"self":[{"href":"https:\/\/www.hashtag.al\/index.php\/wp-json\/wp\/v2\/posts\/366565","targetHints":{"allow":["GET"]}}],"collection":[{"href":"https:\/\/www.hashtag.al\/index.php\/wp-json\/wp\/v2\/posts"}],"about":[{"href":"https:\/\/www.hashtag.al\/index.php\/wp-json\/wp\/v2\/types\/post"}],"author":[{"embeddable":true,"href":"https:\/\/www.hashtag.al\/index.php\/wp-json\/wp\/v2\/users\/32"}],"replies":[{"embeddable":true,"href":"https:\/\/www.hashtag.al\/index.php\/wp-json\/wp\/v2\/comments?post=366565"}],"version-history":[{"count":0,"href":"https:\/\/www.hashtag.al\/index.php\/wp-json\/wp\/v2\/posts\/366565\/revisions"}],"wp:featuredmedia":[{"embeddable":true,"href":"https:\/\/www.hashtag.al\/index.php\/wp-json\/wp\/v2\/media\/354748"}],"wp:attachment":[{"href":"https:\/\/www.hashtag.al\/index.php\/wp-json\/wp\/v2\/media?parent=366565"}],"wp:term":[{"taxonomy":"category","embeddable":true,"href":"https:\/\/www.hashtag.al\/index.php\/wp-json\/wp\/v2\/categories?post=366565"},{"taxonomy":"post_tag","embeddable":true,"href":"https:\/\/www.hashtag.al\/index.php\/wp-json\/wp\/v2\/tags?post=366565"}],"curies":[{"name":"wp","href":"https:\/\/api.w.org\/{rel}","templated":true}]}}