{"id":366563,"date":"2020-04-10T19:58:14","date_gmt":"2020-04-10T17:58:14","guid":{"rendered":"https:\/\/hashtag.al\/?p=366563"},"modified":"2020-04-10T19:58:14","modified_gmt":"2020-04-10T17:58:14","slug":"obsh-heqja-e-masave-izoluese-shume-heret-mund-te-shkaktoje-rikthim-vdekjeprures-te-infeksionit","status":"publish","type":"post","link":"https:\/\/www.hashtag.al\/index.php\/2020\/04\/10\/obsh-heqja-e-masave-izoluese-shume-heret-mund-te-shkaktoje-rikthim-vdekjeprures-te-infeksionit\/","title":{"rendered":"OBSH: Heqja e masave izoluese shum\u00eb her\u00ebt mund t\u00eb shkaktoj\u00eb rikthim vdekjeprur\u00ebs t\u00eb infeksionit","gt_translate_keys":[{"key":"rendered","format":"text"}]},"content":{"rendered":"<p><img loading=\"lazy\" decoding=\"async\" class=\"aligncenter size-full wp-image-355971\" src=\"https:\/\/hashtag.al\/wp-content\/uploads\/2020\/02\/obsh.jpg\" alt=\"\" width=\"1274\" height=\"742\" srcset=\"https:\/\/www.hashtag.al\/wp-content\/uploads\/2020\/02\/obsh.jpg 1274w, https:\/\/www.hashtag.al\/wp-content\/uploads\/2020\/02\/obsh-300x175.jpg 300w, https:\/\/www.hashtag.al\/wp-content\/uploads\/2020\/02\/obsh-768x447.jpg 768w, https:\/\/www.hashtag.al\/wp-content\/uploads\/2020\/02\/obsh-1024x596.jpg 1024w\" sizes=\"auto, (max-width: 1274px) 100vw, 1274px\" \/><\/p>\n<p><span style=\"color: #000000;\">Heqja e masave izoluese kund\u00ebr p\u00ebrhapjes s\u00eb koronavirusit shum\u00eb her\u00ebt, mund t\u00eb shkaktoj\u00eb nj\u00eb \u201crikthim vdekjeprur\u00ebse\u201d n\u00eb infeksione, ka paralajm\u00ebruar shefi i Organizat\u00ebs Bot\u00ebrore t\u00eb Sh\u00ebndetit.<\/span><\/p>\n<p><span style=\"color: #000000;\">Dr Tedros Adhanom Ghebreyesus tha se vendet duhet t\u00eb tregohen t\u00eb kujdessh\u00ebm n\u00eb drejtim t\u00eb leht\u00ebsimit t\u00eb kufizimeve, edhe pse disa luftojn\u00eb me ndikimin ekonomik.<\/span><\/p>\n<p><span style=\"color: #000000;\">Ai tha se kishte nj\u00eb \u201cngadal\u00ebsim t\u00eb mir\u00ebpritur\u201d t\u00eb epidemive n\u00eb disa vende evropiane.<\/span><\/p>\n<p><span style=\"color: #000000;\">Por ka nj\u00eb \u201cp\u00ebrshpejtim alarmant\u201d n\u00eb vendet e tjera p\u00ebrfshir\u00eb n\u00eb Afrik\u00eb.<\/span><\/p>\n<p><span style=\"color: #000000;\">N\u00eb nivel global ka 1.6 milion raste t\u00eb koronavirusit dhe 97,000 vdekjeve.<\/span><\/p>\n<p><span style=\"color: #000000;\">Dr Tedros tha q\u00eb OBSH po punonte me vendet p\u00ebr t\u00eb formuar strategji p\u00ebr leht\u00ebsimin e kufizimeve.<\/span><\/p>\n<p><span style=\"color: #000000;\">\u201cUn\u00eb e di se disa vende tashm\u00eb po planifikojn\u00eb kalimin jasht\u00eb kufizimeve t\u00eb q\u00ebndrimit n\u00eb sht\u00ebpi. OBSH d\u00ebshiron t\u00eb shoh\u00eb heqjen e kufizimeve aq sa kushdo. N\u00eb t\u00eb nj\u00ebjt\u00ebn koh\u00eb, heqja e kufizimeve shum\u00eb shpejt mund t\u00eb \u00e7oj\u00eb n\u00eb nj\u00eb ringjallje vdekjeprur\u00ebse\u201d tha ai gjat\u00eb nj\u00eb konference virtuale n\u00eb Gjenev\u00eb.<\/span><\/p>\n","protected":false,"gt_translate_keys":[{"key":"rendered","format":"html"}]},"excerpt":{"rendered":"<p>Heqja e masave izoluese kund\u00ebr p\u00ebrhapjes s\u00eb koronavirusit shum\u00eb her\u00ebt, mund t\u00eb shkaktoj\u00eb nj\u00eb \u201crikthim vdekjeprur\u00ebse\u201d n\u00eb infeksione, ka paralajm\u00ebruar shefi i Organizat\u00ebs Bot\u00ebrore t\u00eb Sh\u00ebndetit. Dr Tedros Adhanom Ghebreyesus tha se vendet duhet t\u00eb tregohen t\u00eb kujdessh\u00ebm n\u00eb drejtim t\u00eb leht\u00ebsimit t\u00eb kufizimeve, edhe pse disa luftojn\u00eb me ndikimin ekonomik. Ai tha se kishte [&hellip;]<\/p>\n","protected":false,"gt_translate_keys":[{"key":"rendered","format":"html"}]},"author":32,"featured_media":355971,"comment_status":"open","ping_status":"open","sticky":false,"template":"","format":"standard","meta":{"footnotes":""},"categories":[6,13],"tags":[],"class_list":["post-366563","post","type-post","status-publish","format-standard","has-post-thumbnail","hentry","category-nderkombetare","category-te-fundit"],"gt_translate_keys":[{"key":"link","format":"url"}],"_links":{"self":[{"href":"https:\/\/www.hashtag.al\/index.php\/wp-json\/wp\/v2\/posts\/366563","targetHints":{"allow":["GET"]}}],"collection":[{"href":"https:\/\/www.hashtag.al\/index.php\/wp-json\/wp\/v2\/posts"}],"about":[{"href":"https:\/\/www.hashtag.al\/index.php\/wp-json\/wp\/v2\/types\/post"}],"author":[{"embeddable":true,"href":"https:\/\/www.hashtag.al\/index.php\/wp-json\/wp\/v2\/users\/32"}],"replies":[{"embeddable":true,"href":"https:\/\/www.hashtag.al\/index.php\/wp-json\/wp\/v2\/comments?post=366563"}],"version-history":[{"count":0,"href":"https:\/\/www.hashtag.al\/index.php\/wp-json\/wp\/v2\/posts\/366563\/revisions"}],"wp:featuredmedia":[{"embeddable":true,"href":"https:\/\/www.hashtag.al\/index.php\/wp-json\/wp\/v2\/media\/355971"}],"wp:attachment":[{"href":"https:\/\/www.hashtag.al\/index.php\/wp-json\/wp\/v2\/media?parent=366563"}],"wp:term":[{"taxonomy":"category","embeddable":true,"href":"https:\/\/www.hashtag.al\/index.php\/wp-json\/wp\/v2\/categories?post=366563"},{"taxonomy":"post_tag","embeddable":true,"href":"https:\/\/www.hashtag.al\/index.php\/wp-json\/wp\/v2\/tags?post=366563"}],"curies":[{"name":"wp","href":"https:\/\/api.w.org\/{rel}","templated":true}]}}