{"id":366365,"date":"2020-04-09T21:00:31","date_gmt":"2020-04-09T19:00:31","guid":{"rendered":"https:\/\/hashtag.al\/?p=366365"},"modified":"2020-04-09T20:57:06","modified_gmt":"2020-04-09T18:57:06","slug":"shkak-per-shprese-te-moderuar-gjermania-sheh-mundesine-e-zbutjes-se-masave","status":"publish","type":"post","link":"https:\/\/www.hashtag.al\/index.php\/2020\/04\/09\/shkak-per-shprese-te-moderuar-gjermania-sheh-mundesine-e-zbutjes-se-masave\/","title":{"rendered":"\u201cShkak p\u00ebr shpres\u00eb t\u00eb moderuar\u201d, Gjermania sheh mund\u00ebsin\u00eb e zbutjes s\u00eb masave","gt_translate_keys":[{"key":"rendered","format":"text"}]},"content":{"rendered":"<p><img loading=\"lazy\" decoding=\"async\" class=\"aligncenter size-full wp-image-365540\" src=\"https:\/\/hashtag.al\/wp-content\/uploads\/2020\/04\/Merkel-2.jpg\" alt=\"\" width=\"841\" height=\"505\" srcset=\"https:\/\/www.hashtag.al\/wp-content\/uploads\/2020\/04\/Merkel-2.jpg 841w, https:\/\/www.hashtag.al\/wp-content\/uploads\/2020\/04\/Merkel-2-300x180.jpg 300w, https:\/\/www.hashtag.al\/wp-content\/uploads\/2020\/04\/Merkel-2-768x461.jpg 768w\" sizes=\"auto, (max-width: 841px) 100vw, 841px\" \/><\/p>\n<p><span style=\"color: #000000;\">Para fillimit t\u00eb fest\u00ebs s\u00eb Pashk\u00ebve kancelarja Angela Merkel u shpreh e k\u00ebnaqur lidhur me zhvillimet e fundit n\u00eb luft\u00ebn kund\u00ebr virusit Corona.\u00a0 Numri i infeksioneve t\u00eb reja n\u00eb Gjermani \u201cka r\u00ebnie t\u00eb leht\u00eb\u201d, tha ajo n\u00eb Berlin. Kjo jep \u201cshkas p\u00ebr shpres\u00eb t\u00eb moderuar\u201d. Nj\u00eb ashp\u00ebrsim i m\u00ebtejsh\u00ebm i masave nd\u00ebrkoh\u00eb nuk \u00ebsht\u00eb i nevojsh\u00ebm.<\/span><\/p>\n<p><span style=\"color: #000000;\">Qeveria\u00a0 e konsideron si t\u00eb mundshme n\u00eb Gjermani zbutjen graduale t\u00eb masave t\u00eb rrepta kufizuese p\u00ebr mbrojtjen nga virusi Corona pas fest\u00ebs s\u00eb Pashk\u00ebve. Nj\u00eb nd\u00ebr element\u00ebt vendimtar p\u00ebr k\u00ebt\u00eb do t\u00eb do jet\u00eb qendrimi i qytetar\u00ebve p\u00ebrgjat\u00eb dit\u00ebve t\u00eb festave, thekson kancelarja, raporton DW.<\/span><\/p>\n<p><span style=\"color: #000000;\">Nj\u00ebkoh\u00ebsisht Merkel b\u00ebri thirrje, q\u00eb t\u00eb respektohen me rigorozitetgjat\u00eb dit\u00ebve t\u00eb Pashk\u00ebs rregulloret dhe t\u00eb mos veprohet me mendjeleht\u00ebsi. Duke iu referuar zbutjes s\u00eb mundshme t\u00eb kufizimit t\u00eb kontakteve kancelarja theksoi: \u201cDuhet t\u00eb jemi shum\u00eb, shum\u00eb t\u00eb kujdessh\u00ebm.\u201d Q\u00ebllimi vazhdon t\u00eb jet\u00eb q\u00eb t\u00eb mos e mbingarkojm\u00eb n\u00eb asnj\u00eb pik\u00eb sistemin e sh\u00ebndet\u00ebsis\u00eb.<\/span><\/p>\n<p><strong><span style=\"color: #000000;\">Tendenc\u00eb pozitive<\/span><\/strong><\/p>\n<p><span style=\"color: #000000;\">Ministri i Sh\u00ebndet\u00ebsis\u00eb Jens Spahn shpjegoi, se tani numri i infeksioneve t\u00eb reja rritet \u00e7do dit\u00eb me kat\u00ebr deri n \u00ebpes\u00eb p\u00ebrqind. Nd\u00ebr gati 110.000 t\u00eb infektuar mbi 50.000 jan\u00eb sh\u00ebruar. \u201cSjellja e qytetar\u00ebve duke respektuar rregullat ka ndihmuar ndjesh\u00ebm\u201d n\u00eb k\u00ebt\u00eb drejtim, tha Spahn.<\/span><\/p>\n<p><span style=\"color: #000000;\">N\u00ebse do t\u00eb konsodliohet kjon tendnenc\u00eb pozitive, qeveria federale dhe qeverit\u00eb e landeve do t\u00eb \u201cmund t\u00eb t\u00eb diskutojn\u00eb p\u00ebr nj\u00eb kthim gradualisht n\u00eb normalitet pas pushimeve t\u00eb Pashk\u00ebs\u201d, tha ministri Spahn. Kufizimet e t\u00eb drejtave themelorre n\u00eb nj\u00eb shtet t\u00eb s\u00eb drejt\u00ebs \u201cmund t\u00eb funksionojn\u00eb vet\u00ebm p\u00ebr aq koh\u00eb sa ato mir\u00ebkuptohen dhe pranohen\u201d.<\/span><\/p>\n<p><span style=\"color: #000000;\">Sipas t\u00eb dh\u00ebnave t\u00eb ministrit t\u00eb Sh\u00ebndet\u00ebtsis\u00eb nd\u00ebrkoh\u00eb n\u00ebp\u00ebr spitalet gjermane po trajtohen mbi 3000 pacient\u00eb me corona, shumica e tyre jan\u00eb trajtuar me frym\u00ebmarrje artificiale. Megjithat\u00eb jan\u00eb mbi 10.000 shtret\u00ebr reanimacioni ende t\u00eb lira. Numri i vdekjeve nga COVID-19 s\u00eb fundi \u00ebsht\u00eb deklaruar nga Instituti Robert Koch me shifr\u00ebn 2107.<\/span><\/p>\n","protected":false,"gt_translate_keys":[{"key":"rendered","format":"html"}]},"excerpt":{"rendered":"<p>Para fillimit t\u00eb fest\u00ebs s\u00eb Pashk\u00ebve kancelarja Angela Merkel u shpreh e k\u00ebnaqur lidhur me zhvillimet e fundit n\u00eb luft\u00ebn kund\u00ebr virusit Corona.\u00a0 Numri i infeksioneve t\u00eb reja n\u00eb Gjermani \u201cka r\u00ebnie t\u00eb leht\u00eb\u201d, tha ajo n\u00eb Berlin. Kjo jep \u201cshkas p\u00ebr shpres\u00eb t\u00eb moderuar\u201d. Nj\u00eb ashp\u00ebrsim i m\u00ebtejsh\u00ebm i masave nd\u00ebrkoh\u00eb nuk \u00ebsht\u00eb i [&hellip;]<\/p>\n","protected":false,"gt_translate_keys":[{"key":"rendered","format":"html"}]},"author":32,"featured_media":365539,"comment_status":"open","ping_status":"open","sticky":false,"template":"","format":"standard","meta":{"footnotes":""},"categories":[6,13],"tags":[],"class_list":["post-366365","post","type-post","status-publish","format-standard","has-post-thumbnail","hentry","category-nderkombetare","category-te-fundit"],"gt_translate_keys":[{"key":"link","format":"url"}],"_links":{"self":[{"href":"https:\/\/www.hashtag.al\/index.php\/wp-json\/wp\/v2\/posts\/366365","targetHints":{"allow":["GET"]}}],"collection":[{"href":"https:\/\/www.hashtag.al\/index.php\/wp-json\/wp\/v2\/posts"}],"about":[{"href":"https:\/\/www.hashtag.al\/index.php\/wp-json\/wp\/v2\/types\/post"}],"author":[{"embeddable":true,"href":"https:\/\/www.hashtag.al\/index.php\/wp-json\/wp\/v2\/users\/32"}],"replies":[{"embeddable":true,"href":"https:\/\/www.hashtag.al\/index.php\/wp-json\/wp\/v2\/comments?post=366365"}],"version-history":[{"count":0,"href":"https:\/\/www.hashtag.al\/index.php\/wp-json\/wp\/v2\/posts\/366365\/revisions"}],"wp:featuredmedia":[{"embeddable":true,"href":"https:\/\/www.hashtag.al\/index.php\/wp-json\/wp\/v2\/media\/365539"}],"wp:attachment":[{"href":"https:\/\/www.hashtag.al\/index.php\/wp-json\/wp\/v2\/media?parent=366365"}],"wp:term":[{"taxonomy":"category","embeddable":true,"href":"https:\/\/www.hashtag.al\/index.php\/wp-json\/wp\/v2\/categories?post=366365"},{"taxonomy":"post_tag","embeddable":true,"href":"https:\/\/www.hashtag.al\/index.php\/wp-json\/wp\/v2\/tags?post=366365"}],"curies":[{"name":"wp","href":"https:\/\/api.w.org\/{rel}","templated":true}]}}