{"id":366289,"date":"2020-04-09T15:19:20","date_gmt":"2020-04-09T13:19:20","guid":{"rendered":"https:\/\/hashtag.al\/?p=366289"},"modified":"2020-04-09T15:19:20","modified_gmt":"2020-04-09T13:19:20","slug":"kamera-show-ertv-kaq-u-ofroi-rama-dje-banoreve-pa-shtepi-te-thumanes-salianji-publikon-videon","status":"publish","type":"post","link":"https:\/\/www.hashtag.al\/index.php\/2020\/04\/09\/kamera-show-ertv-kaq-u-ofroi-rama-dje-banoreve-pa-shtepi-te-thumanes-salianji-publikon-videon\/","title":{"rendered":"&#8220;Kamera, Show, ERTV. Kaq u ofroi Rama dje banor\u00ebve pa sht\u00ebpi t\u00eb Thuman\u00ebs&#8221; &#8211; Salianji publikon videon","gt_translate_keys":[{"key":"rendered","format":"text"}]},"content":{"rendered":"<p><img loading=\"lazy\" decoding=\"async\" class=\"aligncenter size-full wp-image-366290\" src=\"https:\/\/hashtag.al\/wp-content\/uploads\/2020\/04\/propagandasalianji.jpg\" alt=\"\" width=\"1280\" height=\"720\" srcset=\"https:\/\/www.hashtag.al\/wp-content\/uploads\/2020\/04\/propagandasalianji.jpg 1280w, https:\/\/www.hashtag.al\/wp-content\/uploads\/2020\/04\/propagandasalianji-300x169.jpg 300w, https:\/\/www.hashtag.al\/wp-content\/uploads\/2020\/04\/propagandasalianji-768x432.jpg 768w, https:\/\/www.hashtag.al\/wp-content\/uploads\/2020\/04\/propagandasalianji-1024x576.jpg 1024w\" sizes=\"auto, (max-width: 1280px) 100vw, 1280px\" \/><\/p>\n<p><span style=\"color: #000000;\"><em>\u201cKamera, show, ERTV; vet\u00ebm kaq u ofron qytetar\u00ebve Edi Rama.\u201d<\/em> \u2013 tha demokrati Ervin Salianji, pasi vizit\u00ebs s\u00eb dit\u00ebs s\u00eb djeshme t\u00eb kryeministrit Rama n\u00eb Thuman\u00ebn e goditur nga t\u00ebrmeti i 26 n\u00ebntorit. <\/span><\/p>\n<p><span style=\"color: #000000;\">Ai shkruan se kreu u qeveris\u00eb b\u00ebn propagand\u00eb me fatkeq\u00ebsit\u00eb e qytetar\u00ebve t\u00eb Thuman\u00ebs q\u00eb kan\u00eb mbetur a sht\u00ebpi pas t\u00ebrmetit. <\/span><\/p>\n<p><span style=\"color: #000000;\">Salianji thekson gjithashtu se ndihmat p\u00ebr ta nuk ekzistojn\u00eb dhe se familjet vijojn\u00eb t\u00eb mbeten rrug\u00ebve nd\u00ebrkoh\u00eb q\u00eb p\u00ebr banesat e tyre nuk vihet asnj\u00eb tull\u00eb e asnj\u00eb tjegull.<\/span><\/p>\n<p><span style=\"color: #000000;\"><em>\u201cKamera, sho\u00eb, ERTV; vet\u00ebm kaq u ofron qytetar\u00ebve Edi Rama.\u00a0<\/em><em>Dje b\u00ebn propagand\u00eb me fatkeq\u00ebsit\u00eb e qytetar\u00ebve t\u00eb Thuman\u00ebs, t\u00eb cil\u00ebt q\u00eb pas t\u00ebrmetit shkat\u00ebrrimtar kan\u00eb mbetur pa sht\u00ebpi, dit\u00ebn tjet\u00ebr asgj\u00eb nuk ndryshon.<\/em><\/span><\/p>\n<p><span style=\"color: #000000;\"><em>Asnj\u00eb tull\u00eb nuk vihet p\u00ebr muret e sht\u00ebpive t\u00eb pabanueshme, asnj\u00eb tjegull p\u00ebr t\u2019u siguruar nj\u00eb \u00e7ati mbi kok\u00eb. Ndihmat nuk ekzistojn\u00eb dhe familjet vijojn\u00eb t\u00eb enden rrug\u00ebve!<\/em><\/span><\/p>\n<p><span style=\"color: #000000;\"><em>Shqiptar\u00ebt kan\u00eb nevoj\u00eb p\u00ebr zgjidhje reale jo p\u00ebr t\u00eb luajtur role t\u00eb denja p\u00ebr teat\u00ebr n\u00eb kurriz t\u00eb fatkeq\u00ebsive t\u00eb familjeve shqiptare!\u201d<\/em> \u2013 shkruan Salianji.<\/span><\/p>\n<div style=\"width: 848px;\" class=\"wp-video\"><video class=\"wp-video-shortcode\" id=\"video-366289-1\" width=\"848\" height=\"480\" preload=\"metadata\" controls=\"controls\"><source type=\"video\/mp4\" src=\"https:\/\/hashtag.al\/wp-content\/uploads\/2020\/04\/Ramasalianjipropagande.mp4?_=1\" \/><a href=\"https:\/\/hashtag.al\/wp-content\/uploads\/2020\/04\/Ramasalianjipropagande.mp4\">https:\/\/hashtag.al\/wp-content\/uploads\/2020\/04\/Ramasalianjipropagande.mp4<\/a><\/video><\/div>\n","protected":false,"gt_translate_keys":[{"key":"rendered","format":"html"}]},"excerpt":{"rendered":"<p>\u201cKamera, show, ERTV; vet\u00ebm kaq u ofron qytetar\u00ebve Edi Rama.\u201d \u2013 tha demokrati Ervin Salianji, pasi vizit\u00ebs s\u00eb dit\u00ebs s\u00eb djeshme t\u00eb kryeministrit Rama n\u00eb Thuman\u00ebn e goditur nga t\u00ebrmeti i 26 n\u00ebntorit. Ai shkruan se kreu u qeveris\u00eb b\u00ebn propagand\u00eb me fatkeq\u00ebsit\u00eb e qytetar\u00ebve t\u00eb Thuman\u00ebs q\u00eb kan\u00eb mbetur a sht\u00ebpi pas t\u00ebrmetit. Salianji [&hellip;]<\/p>\n","protected":false,"gt_translate_keys":[{"key":"rendered","format":"html"}]},"author":51,"featured_media":366290,"comment_status":"open","ping_status":"open","sticky":false,"template":"","format":"standard","meta":{"footnotes":""},"categories":[65,13],"tags":[],"class_list":["post-366289","post","type-post","status-publish","format-standard","has-post-thumbnail","hentry","category-lajme","category-te-fundit"],"gt_translate_keys":[{"key":"link","format":"url"}],"_links":{"self":[{"href":"https:\/\/www.hashtag.al\/index.php\/wp-json\/wp\/v2\/posts\/366289","targetHints":{"allow":["GET"]}}],"collection":[{"href":"https:\/\/www.hashtag.al\/index.php\/wp-json\/wp\/v2\/posts"}],"about":[{"href":"https:\/\/www.hashtag.al\/index.php\/wp-json\/wp\/v2\/types\/post"}],"author":[{"embeddable":true,"href":"https:\/\/www.hashtag.al\/index.php\/wp-json\/wp\/v2\/users\/51"}],"replies":[{"embeddable":true,"href":"https:\/\/www.hashtag.al\/index.php\/wp-json\/wp\/v2\/comments?post=366289"}],"version-history":[{"count":0,"href":"https:\/\/www.hashtag.al\/index.php\/wp-json\/wp\/v2\/posts\/366289\/revisions"}],"wp:featuredmedia":[{"embeddable":true,"href":"https:\/\/www.hashtag.al\/index.php\/wp-json\/wp\/v2\/media\/366290"}],"wp:attachment":[{"href":"https:\/\/www.hashtag.al\/index.php\/wp-json\/wp\/v2\/media?parent=366289"}],"wp:term":[{"taxonomy":"category","embeddable":true,"href":"https:\/\/www.hashtag.al\/index.php\/wp-json\/wp\/v2\/categories?post=366289"},{"taxonomy":"post_tag","embeddable":true,"href":"https:\/\/www.hashtag.al\/index.php\/wp-json\/wp\/v2\/tags?post=366289"}],"curies":[{"name":"wp","href":"https:\/\/api.w.org\/{rel}","templated":true}]}}