{"id":366063,"date":"2020-04-08T15:14:10","date_gmt":"2020-04-08T13:14:10","guid":{"rendered":"https:\/\/hashtag.al\/?p=366063"},"modified":"2020-04-08T15:14:10","modified_gmt":"2020-04-08T13:14:10","slug":"numri-i-vdekjeve-sipas-semundjes-tregues-per-shqiperine-ne-periudhen-2012-2019","status":"publish","type":"post","link":"https:\/\/www.hashtag.al\/index.php\/2020\/04\/08\/numri-i-vdekjeve-sipas-semundjes-tregues-per-shqiperine-ne-periudhen-2012-2019\/","title":{"rendered":"Numri i vdekjeve sipas s\u00ebmundjes, tregues p\u00ebr Shqip\u00ebrin\u00eb n\u00eb periudh\u00ebn 2012-2019","gt_translate_keys":[{"key":"rendered","format":"text"}]},"content":{"rendered":"<p><img loading=\"lazy\" decoding=\"async\" class=\"aligncenter size-full wp-image-366067\" src=\"https:\/\/hashtag.al\/wp-content\/uploads\/2020\/04\/qsut.jpg\" alt=\"\" width=\"1280\" height=\"720\" srcset=\"https:\/\/www.hashtag.al\/wp-content\/uploads\/2020\/04\/qsut.jpg 1280w, https:\/\/www.hashtag.al\/wp-content\/uploads\/2020\/04\/qsut-300x169.jpg 300w, https:\/\/www.hashtag.al\/wp-content\/uploads\/2020\/04\/qsut-768x432.jpg 768w, https:\/\/www.hashtag.al\/wp-content\/uploads\/2020\/04\/qsut-1024x576.jpg 1024w\" sizes=\"auto, (max-width: 1280px) 100vw, 1280px\" \/><\/p>\n<p><span style=\"color: #000000;\">Nj\u00eb hulumtim i fundit ka zbardhur numrin e vdekjeve sipas s\u00ebmundjeve shkaktare n\u00eb Shqip\u00ebri n\u00eb periudh\u00ebn 2012-2019. <\/span><\/p>\n<p><span style=\"color: #000000;\">Hulumtimi \u00ebsht\u00eb b\u00ebr\u00eb nga <a href=\"http:\/\/open.data.al\/sq\/lajme\/lajm\/id\/2617\/Numri-i-Vdekjeve-sipas-semundjes-shkaktare-tregues-per-Shqiperine-2012-deri-2019\"><span style=\"color: #0000ff;\">Open Data Albania<\/span><\/a> dhe jep numrin e s\u00ebmundjeve nga t\u00eb cilat preket m\u00eb shum\u00eb popullsia dhe q\u00eb shkaktojn\u00eb edhe diagnoz\u00ebn finale n\u00eb momentin q\u00eb sh\u00ebnohet nj\u00eb vdekje.<\/span><\/p>\n<p><span style=\"color: #000000;\">Sipas t\u00eb dh\u00ebnave, n\u00eb grupet e s\u00ebmundjeve futen ato Infektive; Tumorale; Endoktrine dhe t\u00eb t\u00eb Ushqyerit; S\u00ebmundje t\u00eb Gjakut dhe Organeve t\u00eb saj; \u00c7rregullime Mendore; Sistemi Nervor; Aparati i Qarkullimit; Aparati i frym\u00ebmarrjes; Aparati i tretjes; Sistemi Urogenital; Nd\u00ebrlikime Barr\u00eblindje; s\u00ebmundje t\u00eb L\u00ebkur\u00ebs dhe Indit; S\u00ebmundje t\u00eb Kockave dhe Muskujve; Keqformime t\u00eb Lindura; Perinatale; Simptoma t\u00eb Pap\u00ebrcaktuara; Trauma dhe Helmime dhe Aksidente.<\/span><\/p>\n<p><span style=\"color: #000000;\">T\u00eb dh\u00ebnat kan\u00eb t\u00eb publikuara indikator deri m\u00eb 2018. N\u00eb k\u00ebt\u00eb vit kan\u00eb nd\u00ebrruar jet\u00eb n\u00eb total 21 804 (nj\u00ebzet e nj\u00eb mij\u00eb e tet\u00ebqind e kat\u00ebr) persona. Grupi i s\u00ebmundjes me m\u00eb shum\u00eb vdekje \u00ebsht\u00eb ai i Aparatit t\u00eb Frym\u00ebmarrjes. <\/span><\/p>\n<p><span style=\"color: #000000;\">Nga ky grup sh\u00ebnohen n\u00eb 2018 nj\u00eb num\u00ebr prej 11.599 persona ose 53.2 % e totalit. N\u00eb vendin e dyt\u00eb q\u00ebndron grupi i s\u00ebmundjeve tumorale me 3695 vdekje ose\u00a0 16.95% e totalit. Vendi i tret\u00eb p\u00ebrkon me s\u00ebmundje Simptoma t\u00eb Pap\u00ebrcaktuara q\u00eb jan\u00eb plot 3689 raste.<\/span><\/p>\n<p><span style=\"color: #000000;\"> Ky tregues d\u00ebshmon paaft\u00ebsi t\u00eb sistemit sh\u00ebndet\u00ebsor\u00eb n\u00eb vler\u00ebsimin e diagnoz\u00ebs dhe shkakut fatal. Sa m\u00eb i lart\u00eb t\u00eb jet\u00eb ky num\u00ebr, aq m\u00eb shum\u00eb ka munges\u00eb t\u00eb kujdesit sh\u00ebndet\u00ebsor, aft\u00ebsis\u00eb p\u00ebr vler\u00ebsim dhe nd\u00ebrhyrje sipas rastit. <\/span><\/p>\n<p><span style=\"color: #000000;\">Ky grup fatalitetesh d\u00ebshmon munges\u00eb t\u00eb cil\u00ebsis\u00eb s\u00eb sh\u00ebrbimit dhe kultur\u00ebs pro sh\u00ebndetit n\u00eb vend. Ky grup ka ardhur n\u00eb rritje n\u00eb vitet e fundit. N\u00eb vitin 2012 s\u00ebmundjet me simptoma t\u00eb pap\u00ebrcaktuara sh\u00ebnonin vet\u00ebm 11 % t\u00eb totalit t\u00eb vdekjeve.<\/span><\/p>\n<p><span style=\"color: #000000;\">Vendi i tret\u00eb p\u00ebrkon me s\u00ebmundje Simptoma t\u00eb Pap\u00ebrcaktuara q\u00eb jan\u00eb plot 3689 raste. Ky tregues d\u00ebshmon paaft\u00ebsi t\u00eb sistemit sh\u00ebndet\u00ebsor\u00eb n\u00eb vler\u00ebsimin e diagnoz\u00ebs dhe shkakut fatal. <\/span><\/p>\n<p><span style=\"color: #000000;\">Sa m\u00eb shum\u00eb raste t\u00eb tilla t\u00eb sh\u00ebnohen aq m\u00eb fort kemi munges\u00eb t\u00eb kujdesit sh\u00ebndet\u00ebsor\u00eb, aft\u00ebsis\u00eb p\u00ebr vler\u00ebsim dhe nd\u00ebrhyrje sipas rastit. <\/span><\/p>\n<p><span style=\"color: #000000;\">Ky grup fatalitetesh p\u00ebrkon me munges\u00eb t\u00eb cil\u00ebsis\u00eb s\u00eb sh\u00ebrbimit dhe kultur\u00ebs pro sh\u00ebndetit n\u00eb vend si dhe performanc\u00eb jo t\u00eb k\u00ebnaqshme t\u00eb sistemit sh\u00ebndet\u00ebsor dhe diagnostikimit.<\/span><\/p>\n<p><span style=\"color: #000000;\">Pozitiv \u00ebsht\u00eb fakti se kan\u00eb ardhur n\u00eb ulje vdekjet nga Traumat , Aksidente dhe Helmimet cka tregon nj\u00eb siguri m\u00eb t\u00eb lart\u00eb t\u00eb jet\u00ebn kundrejt rreziqeve q\u00eb kan\u00eb si shkaktar kryesor sjelljen njer\u00ebzore. <\/span><\/p>\n<p><span style=\"color: #000000;\">Rritje kan\u00eb p\u00ebsuar s\u00ebmundjet perinatale (t\u00eb spaolidnurit) me nj\u00eb indikator n\u00eb rritje edhe si raste p\u00ebr 100 mij\u00eb banor\u00eb. Po nj\u00ebsoj n\u00eb rritje n\u00eb 2018 kundrejt viteve m\u00eb par\u00eb q\u00ebndrojn\u00eb edhe malformimet n\u00eb lindje apo Nd\u00ebrlikimet e Barr\u00eb lindjes. <\/span><\/p>\n<p><span style=\"color: #000000;\">Ky indikator shfaq v\u00ebshtir\u00ebsi t\u00eb sh\u00ebndetit riprodhues dhe kujdesit p\u00ebr n\u00ebn\u00ebn dhe f\u00ebmij\u00ebn indikator\u00eb p\u00ebr t\u00eb cil\u00ebt p\u00ebrgjithsisht vendi yn\u00eb ka shfaqur indikator negativ n\u00eb vite.<\/span><\/p>\n<p><span style=\"color: #000000;\">Numri i Vdekjeve sipas s\u00ebmundshm\u00ebris\u00eb \u00ebsht\u00eb tregues interesant dhe i r\u00ebnd\u00ebsish\u00ebm. Ndihmon p\u00ebr t\u00eb kuptuar jo vet\u00ebm s\u00ebmundjet q\u00eb paraqesin m\u00eb tep\u00ebr rrezikshm\u00ebri p\u00ebr popullsin\u00eb e nj\u00eb vendi, por nj\u00ebkoh\u00ebsisht edhe problematika q\u00eb lidhen me harimin dhe eficens\u00ebn e politikave sh\u00ebndet\u00ebsore. P\u00ebr t\u00eb realizuar k\u00ebt\u00eb hulumtim Open data Albania \u00ebsht\u00eb bazuar n\u00eb t\u00eb dh\u00ebna statistikore t\u00eb INSTAT.<\/span><\/p>\n<p><span style=\"color: #000000;\"><span style=\"color: #ff0000;\"><strong>VINI RE<\/strong><\/span>: Ky material \u00ebsht\u00eb pron\u00ebsi intelektuale e <a href=\"http:\/\/open.data.al\/sq\/lajme\/lajm\/id\/2617\/Numri-i-Vdekjeve-sipas-semundjes-shkaktare-tregues-per-Shqiperine-2012-deri-2019\"><span style=\"color: #0000ff;\">OpenDataAlbania<\/span><\/a><\/span><\/p>\n<p><img loading=\"lazy\" decoding=\"async\" class=\"aligncenter size-full wp-image-366064\" src=\"https:\/\/hashtag.al\/wp-content\/uploads\/2020\/04\/download-2.png\" alt=\"\" width=\"600\" height=\"371\" srcset=\"https:\/\/www.hashtag.al\/wp-content\/uploads\/2020\/04\/download-2.png 600w, https:\/\/www.hashtag.al\/wp-content\/uploads\/2020\/04\/download-2-300x186.png 300w\" sizes=\"auto, (max-width: 600px) 100vw, 600px\" \/> <img loading=\"lazy\" decoding=\"async\" class=\"aligncenter size-full wp-image-366065\" src=\"https:\/\/hashtag.al\/wp-content\/uploads\/2020\/04\/download-1.png\" alt=\"\" width=\"600\" height=\"371\" srcset=\"https:\/\/www.hashtag.al\/wp-content\/uploads\/2020\/04\/download-1.png 600w, https:\/\/www.hashtag.al\/wp-content\/uploads\/2020\/04\/download-1-300x186.png 300w\" sizes=\"auto, (max-width: 600px) 100vw, 600px\" \/> <img loading=\"lazy\" decoding=\"async\" class=\"aligncenter size-full wp-image-366066\" src=\"https:\/\/hashtag.al\/wp-content\/uploads\/2020\/04\/download.png\" alt=\"\" width=\"600\" height=\"371\" srcset=\"https:\/\/www.hashtag.al\/wp-content\/uploads\/2020\/04\/download.png 600w, https:\/\/www.hashtag.al\/wp-content\/uploads\/2020\/04\/download-300x186.png 300w\" sizes=\"auto, (max-width: 600px) 100vw, 600px\" \/><\/p>\n","protected":false,"gt_translate_keys":[{"key":"rendered","format":"html"}]},"excerpt":{"rendered":"<p>Nj\u00eb hulumtim i fundit ka zbardhur numrin e vdekjeve sipas s\u00ebmundjeve shkaktare n\u00eb Shqip\u00ebri n\u00eb periudh\u00ebn 2012-2019. Hulumtimi \u00ebsht\u00eb b\u00ebr\u00eb nga Open Data Albania dhe jep numrin e s\u00ebmundjeve nga t\u00eb cilat preket m\u00eb shum\u00eb popullsia dhe q\u00eb shkaktojn\u00eb edhe diagnoz\u00ebn finale n\u00eb momentin q\u00eb sh\u00ebnohet nj\u00eb vdekje. Sipas t\u00eb dh\u00ebnave, n\u00eb grupet e s\u00ebmundjeve [&hellip;]<\/p>\n","protected":false,"gt_translate_keys":[{"key":"rendered","format":"html"}]},"author":51,"featured_media":366067,"comment_status":"open","ping_status":"open","sticky":false,"template":"","format":"standard","meta":{"footnotes":""},"categories":[65,13],"tags":[],"class_list":["post-366063","post","type-post","status-publish","format-standard","has-post-thumbnail","hentry","category-lajme","category-te-fundit"],"gt_translate_keys":[{"key":"link","format":"url"}],"_links":{"self":[{"href":"https:\/\/www.hashtag.al\/index.php\/wp-json\/wp\/v2\/posts\/366063","targetHints":{"allow":["GET"]}}],"collection":[{"href":"https:\/\/www.hashtag.al\/index.php\/wp-json\/wp\/v2\/posts"}],"about":[{"href":"https:\/\/www.hashtag.al\/index.php\/wp-json\/wp\/v2\/types\/post"}],"author":[{"embeddable":true,"href":"https:\/\/www.hashtag.al\/index.php\/wp-json\/wp\/v2\/users\/51"}],"replies":[{"embeddable":true,"href":"https:\/\/www.hashtag.al\/index.php\/wp-json\/wp\/v2\/comments?post=366063"}],"version-history":[{"count":0,"href":"https:\/\/www.hashtag.al\/index.php\/wp-json\/wp\/v2\/posts\/366063\/revisions"}],"wp:featuredmedia":[{"embeddable":true,"href":"https:\/\/www.hashtag.al\/index.php\/wp-json\/wp\/v2\/media\/366067"}],"wp:attachment":[{"href":"https:\/\/www.hashtag.al\/index.php\/wp-json\/wp\/v2\/media?parent=366063"}],"wp:term":[{"taxonomy":"category","embeddable":true,"href":"https:\/\/www.hashtag.al\/index.php\/wp-json\/wp\/v2\/categories?post=366063"},{"taxonomy":"post_tag","embeddable":true,"href":"https:\/\/www.hashtag.al\/index.php\/wp-json\/wp\/v2\/tags?post=366063"}],"curies":[{"name":"wp","href":"https:\/\/api.w.org\/{rel}","templated":true}]}}