{"id":365918,"date":"2020-04-07T22:28:41","date_gmt":"2020-04-07T20:28:41","guid":{"rendered":"https:\/\/hashtag.al\/?p=365918"},"modified":"2020-04-07T22:28:41","modified_gmt":"2020-04-07T20:28:41","slug":"manastirliu-numrin-e-testimeve-e-zgjedhin-epidemiologet","status":"publish","type":"post","link":"https:\/\/www.hashtag.al\/index.php\/2020\/04\/07\/manastirliu-numrin-e-testimeve-e-zgjedhin-epidemiologet\/","title":{"rendered":"Manastirliu: Numrin e testimeve e zgjedhin epidemiolog\u00ebt","gt_translate_keys":[{"key":"rendered","format":"text"}]},"content":{"rendered":"<p><img loading=\"lazy\" decoding=\"async\" class=\"aligncenter size-full wp-image-359872\" src=\"https:\/\/hashtag.al\/wp-content\/uploads\/2020\/03\/manastirliu.png\" alt=\"\" width=\"871\" height=\"489\" srcset=\"https:\/\/www.hashtag.al\/wp-content\/uploads\/2020\/03\/manastirliu.png 871w, https:\/\/www.hashtag.al\/wp-content\/uploads\/2020\/03\/manastirliu-300x168.png 300w, https:\/\/www.hashtag.al\/wp-content\/uploads\/2020\/03\/manastirliu-768x431.png 768w\" sizes=\"auto, (max-width: 871px) 100vw, 871px\" \/><\/p>\n<p>Ministrja e Sh\u00ebndet\u00ebsis\u00eb, Ogerta Manastirliu n\u00eb nj\u00eb intervist\u00eb n\u00eb emisionin \u201cReal Story\u201d e pyetur p\u00ebr strategjin\u00eb e testimit dhe numrit te ul\u00ebt t\u00eb tyre n\u00eb vendin ton\u00eb deklaroi se kjo \u00ebsht\u00eb nj\u00eb k\u00ebrkes\u00eb e epidemiolog\u00ebve.<\/p>\n<p>Sipas Manastirliut nuk ka qen\u00eb ajo q\u00eb ka vendosur p\u00ebr k\u00ebt\u00eb m\u00ebnyr\u00eb testimi por epidemiolog\u00ebt dhe se testimi nuk \u00ebsht\u00eb q\u00ebllim n\u00eb vetvete.<\/p>\n<p>\u201c<em>N\u00eb vijim\u00ebsi ne furnizohemi me teste. 4 mij\u00eb teste po vijn\u00eb. Jan\u00eb dhe 20 mij\u00eb q\u00eb do t\u00eb vijn\u00eb nga OBSH dhe USAID, p\u00ebr t\u00eb mb\u00ebshtetur k\u00ebt\u00eb faz\u00eb. Madje jan\u00eb m\u00eb shum\u00eb se 30 mij\u00eb. Shqip\u00ebria ka aq teste sa k\u00ebrkojn\u00eb epidemiolog\u00ebt. Ata testojn\u00eb dhe identifikojn\u00eb rastet me q\u00ebllim nd\u00ebrprerjen e infeksionit. Jan\u00eb ata q\u00eb jan\u00eb n\u00eb teren dhe drejtojn\u00eb dhe numrin e testimeve. Testimi nuk \u00ebsht\u00eb q\u00ebllim n\u00eb vetvete. Ne kemi pasur dhe po b\u00ebjm\u00eb teste. Kjo \u00ebsht\u00eb strategji q\u00eb se kam zgjedhur un\u00eb si ministre, por e ka miratuar komuniteti i Ekspert\u00ebve. Un\u00eb personalisht ndjek k\u00ebshillat e tyre. N\u00ebse ata thon\u00eb se \u2018nes\u00ebr duhet t\u00eb b\u00ebjm\u00eb m\u00eb shum\u00eb teste\u2019, nga ne nuk ka asnj\u00eb penges\u00eb<\/em>\u201d-tha ministrja.<\/p>\n","protected":false,"gt_translate_keys":[{"key":"rendered","format":"html"}]},"excerpt":{"rendered":"<p>Ministrja e Sh\u00ebndet\u00ebsis\u00eb, Ogerta Manastirliu n\u00eb nj\u00eb intervist\u00eb n\u00eb emisionin \u201cReal Story\u201d e pyetur p\u00ebr strategjin\u00eb e testimit dhe numrit te ul\u00ebt t\u00eb tyre n\u00eb vendin ton\u00eb deklaroi se kjo \u00ebsht\u00eb nj\u00eb k\u00ebrkes\u00eb e epidemiolog\u00ebve. Sipas Manastirliut nuk ka qen\u00eb ajo q\u00eb ka vendosur p\u00ebr k\u00ebt\u00eb m\u00ebnyr\u00eb testimi por epidemiolog\u00ebt dhe se testimi nuk \u00ebsht\u00eb [&hellip;]<\/p>\n","protected":false,"gt_translate_keys":[{"key":"rendered","format":"html"}]},"author":32,"featured_media":359531,"comment_status":"open","ping_status":"open","sticky":false,"template":"","format":"standard","meta":{"footnotes":""},"categories":[65,13],"tags":[],"class_list":["post-365918","post","type-post","status-publish","format-standard","has-post-thumbnail","hentry","category-lajme","category-te-fundit"],"gt_translate_keys":[{"key":"link","format":"url"}],"_links":{"self":[{"href":"https:\/\/www.hashtag.al\/index.php\/wp-json\/wp\/v2\/posts\/365918","targetHints":{"allow":["GET"]}}],"collection":[{"href":"https:\/\/www.hashtag.al\/index.php\/wp-json\/wp\/v2\/posts"}],"about":[{"href":"https:\/\/www.hashtag.al\/index.php\/wp-json\/wp\/v2\/types\/post"}],"author":[{"embeddable":true,"href":"https:\/\/www.hashtag.al\/index.php\/wp-json\/wp\/v2\/users\/32"}],"replies":[{"embeddable":true,"href":"https:\/\/www.hashtag.al\/index.php\/wp-json\/wp\/v2\/comments?post=365918"}],"version-history":[{"count":0,"href":"https:\/\/www.hashtag.al\/index.php\/wp-json\/wp\/v2\/posts\/365918\/revisions"}],"wp:featuredmedia":[{"embeddable":true,"href":"https:\/\/www.hashtag.al\/index.php\/wp-json\/wp\/v2\/media\/359531"}],"wp:attachment":[{"href":"https:\/\/www.hashtag.al\/index.php\/wp-json\/wp\/v2\/media?parent=365918"}],"wp:term":[{"taxonomy":"category","embeddable":true,"href":"https:\/\/www.hashtag.al\/index.php\/wp-json\/wp\/v2\/categories?post=365918"},{"taxonomy":"post_tag","embeddable":true,"href":"https:\/\/www.hashtag.al\/index.php\/wp-json\/wp\/v2\/tags?post=365918"}],"curies":[{"name":"wp","href":"https:\/\/api.w.org\/{rel}","templated":true}]}}