{"id":365901,"date":"2020-04-07T20:03:19","date_gmt":"2020-04-07T18:03:19","guid":{"rendered":"https:\/\/hashtag.al\/?p=365901"},"modified":"2020-04-07T20:03:19","modified_gmt":"2020-04-07T18:03:19","slug":"profesori-i-epidemiologjise-koronavirusi-ka-qarkulluar-ne-shqiperi-qe-ne-janar","status":"publish","type":"post","link":"https:\/\/www.hashtag.al\/index.php\/2020\/04\/07\/profesori-i-epidemiologjise-koronavirusi-ka-qarkulluar-ne-shqiperi-qe-ne-janar\/","title":{"rendered":"Profesori i Epidemiologjis\u00eb: Koronavirusi ka qarkulluar n\u00eb Shqip\u00ebri q\u00eb n\u00eb janar","gt_translate_keys":[{"key":"rendered","format":"text"}]},"content":{"rendered":"<p><img loading=\"lazy\" decoding=\"async\" class=\"aligncenter size-full wp-image-365902\" src=\"https:\/\/hashtag.al\/wp-content\/uploads\/2020\/04\/Eduard-Kakarriqi-780x405.png\" alt=\"\" width=\"780\" height=\"405\" srcset=\"https:\/\/www.hashtag.al\/wp-content\/uploads\/2020\/04\/Eduard-Kakarriqi-780x405.png 780w, https:\/\/www.hashtag.al\/wp-content\/uploads\/2020\/04\/Eduard-Kakarriqi-780x405-300x156.png 300w, https:\/\/www.hashtag.al\/wp-content\/uploads\/2020\/04\/Eduard-Kakarriqi-780x405-768x399.png 768w\" sizes=\"auto, (max-width: 780px) 100vw, 780px\" \/><\/p>\n<p><span style=\"color: #000000;\">Profesori i Epidemiologjis\u00eb, Eduard Kakarriqi n\u00eb nj\u00eb intervist\u00eb p\u00ebr <a href=\"https:\/\/abcnews.al\/befason-epidemiologu-koronavirusi-ka-qarkulluar-qe-ne-janar-ne-shqiperi\/\">Abc news<\/a>, pretendon se koronavirusi ka qarkulluar n\u00eb vendin ton\u00eb q\u00eb n\u00eb janar.<\/span><\/p>\n<p><span style=\"color: #000000;\">\u201c<em>Un\u00eb dua t\u00eb v\u00eb theksin se OBSH vet\u00ebm me dat\u00ebn 27 shkurt ka b\u00ebr\u00eb p\u00ebrkufizimin e rastit p\u00ebr pacient\u00ebt me s\u00ebmundje Covid-19, ky p\u00ebrkufizim rasti i munguar p\u00ebr t\u00eb gjith\u00eb vendet mund t\u00eb jet\u00eb nj\u00eb bazament q\u00eb t\u00eb tregoj\u00eb se v\u00ebrtet ka pasur nj\u00eb qarkullim t\u00eb Covid-19 duke filluar q\u00eb n\u00eb janar n\u00eb vendin ton\u00eb. Ky qarkullim ka ardhur duke u rritur p\u00ebr t\u00eb marr\u00eb m\u00eb shum\u00eb n\u00eb fund t\u00eb jav\u00ebs s\u00eb dyt\u00eb t\u00eb shkurt\u00ebr n\u00eb fillim t\u00eb marsit nj\u00eb form\u00eb p\u00ebr ulje ngritje, por me nj\u00eb pritje drejt uljes s\u00eb vet n\u00eb fund t\u00eb prillit dhe fillim t\u00eb majit. Jan\u00eb fakte pak a shum\u00eb jo t\u00eb drejtp\u00ebrdrejta q\u00eb \u00a0qarkullimi i Covid n\u00eb vendin ton\u00eb fillesat i ka n\u00eb janar<\/em>\u201d- tha Profesori.<\/span><\/p>\n<p><span style=\"color: #000000;\">Mjeku thekson m\u00eb tej se fakti q\u00eb ky virus ka qarkulluar shum\u00eb m\u00eb her\u00ebt n\u00eb vend, para se t\u00eb konfirmohej rasti i par\u00eb do t\u00eb sjell\u00eb edhe uljen e kurb\u00ebs. Sipas tij, java e dyt\u00eb e majit do t\u00eb ket\u00eb vet\u00ebm raste sporadike. Nd\u00ebrsa n\u00eb Shqip\u00ebri vera do t\u00eb jet\u00eb e qet\u00eb.<\/span><\/p>\n<p><span style=\"color: #000000;\">Po ashtu Kakarriqi, n\u00ebnvizon se sipas tij virusi nuk do t\u00eb kthehet m\u00eb n\u00eb vjesht\u00eb, ashtu sikurse pretendojn\u00eb shum\u00eb ekspert\u00eb.<\/span><\/p>\n<p><span style=\"color: #000000;\">\u201c<em>Un\u00eb n\u00eb gjykimin e tim mendoj se gjysma e dyt\u00eb e muajit maj do t\u00eb jet\u00eb n\u00eb nj\u00eb r\u00ebnie jo t\u00eb vog\u00ebl rastesh, do t\u00eb kaloj\u00eb n\u00eb nj\u00eb kurb\u00eb t\u00eb rasteve sporadike p\u00ebr t\u00eb kaluar m\u00eb pas n\u00eb qershor, dhe korrik muaj t\u00eb qet\u00eb t\u00eb ver\u00ebs. Por p\u00ebr gjykimin tim p\u00ebr t\u00eb mos pasur nj\u00eb rikthim n\u00eb vjesht\u00eb. P\u00ebr mua n\u00eb ver\u00eb virusi zhduket. N\u00eb Shqip\u00ebri dhe n\u00eb Evrop\u00eb. N\u00eb Amerik\u00eb jo them, ndoshta nga fundi i ver\u00ebs, dhe nga fundi i ver\u00ebs ai mbetet vet\u00ebm n\u00eb Kin\u00eb<\/em>\u201d-tha Kakarriqi.<\/span><\/p>\n","protected":false,"gt_translate_keys":[{"key":"rendered","format":"html"}]},"excerpt":{"rendered":"<p>Profesori i Epidemiologjis\u00eb, Eduard Kakarriqi n\u00eb nj\u00eb intervist\u00eb p\u00ebr Abc news, pretendon se koronavirusi ka qarkulluar n\u00eb vendin ton\u00eb q\u00eb n\u00eb janar. \u201cUn\u00eb dua t\u00eb v\u00eb theksin se OBSH vet\u00ebm me dat\u00ebn 27 shkurt ka b\u00ebr\u00eb p\u00ebrkufizimin e rastit p\u00ebr pacient\u00ebt me s\u00ebmundje Covid-19, ky p\u00ebrkufizim rasti i munguar p\u00ebr t\u00eb gjith\u00eb vendet mund t\u00eb [&hellip;]<\/p>\n","protected":false,"gt_translate_keys":[{"key":"rendered","format":"html"}]},"author":32,"featured_media":365902,"comment_status":"open","ping_status":"open","sticky":false,"template":"","format":"standard","meta":{"footnotes":""},"categories":[65,13],"tags":[],"class_list":["post-365901","post","type-post","status-publish","format-standard","has-post-thumbnail","hentry","category-lajme","category-te-fundit"],"gt_translate_keys":[{"key":"link","format":"url"}],"_links":{"self":[{"href":"https:\/\/www.hashtag.al\/index.php\/wp-json\/wp\/v2\/posts\/365901","targetHints":{"allow":["GET"]}}],"collection":[{"href":"https:\/\/www.hashtag.al\/index.php\/wp-json\/wp\/v2\/posts"}],"about":[{"href":"https:\/\/www.hashtag.al\/index.php\/wp-json\/wp\/v2\/types\/post"}],"author":[{"embeddable":true,"href":"https:\/\/www.hashtag.al\/index.php\/wp-json\/wp\/v2\/users\/32"}],"replies":[{"embeddable":true,"href":"https:\/\/www.hashtag.al\/index.php\/wp-json\/wp\/v2\/comments?post=365901"}],"version-history":[{"count":0,"href":"https:\/\/www.hashtag.al\/index.php\/wp-json\/wp\/v2\/posts\/365901\/revisions"}],"wp:featuredmedia":[{"embeddable":true,"href":"https:\/\/www.hashtag.al\/index.php\/wp-json\/wp\/v2\/media\/365902"}],"wp:attachment":[{"href":"https:\/\/www.hashtag.al\/index.php\/wp-json\/wp\/v2\/media?parent=365901"}],"wp:term":[{"taxonomy":"category","embeddable":true,"href":"https:\/\/www.hashtag.al\/index.php\/wp-json\/wp\/v2\/categories?post=365901"},{"taxonomy":"post_tag","embeddable":true,"href":"https:\/\/www.hashtag.al\/index.php\/wp-json\/wp\/v2\/tags?post=365901"}],"curies":[{"name":"wp","href":"https:\/\/api.w.org\/{rel}","templated":true}]}}