{"id":365871,"date":"2020-04-07T17:16:46","date_gmt":"2020-04-07T15:16:46","guid":{"rendered":"https:\/\/hashtag.al\/?p=365871"},"modified":"2020-04-07T17:16:46","modified_gmt":"2020-04-07T15:16:46","slug":"izolimi-ne-france-do-zgjase-derisa-covid-19-te-arrije-pikun-ministri-i-shendetesise","status":"publish","type":"post","link":"https:\/\/www.hashtag.al\/index.php\/2020\/04\/07\/izolimi-ne-france-do-zgjase-derisa-covid-19-te-arrije-pikun-ministri-i-shendetesise\/","title":{"rendered":"&#8220;Izolimi n\u00eb Franc\u00eb do zgjas\u00eb derisa Covid-19 t\u00eb arrij\u00eb pikun&#8221; &#8211; Ministri i Sh\u00ebndet\u00ebsis\u00eb","gt_translate_keys":[{"key":"rendered","format":"text"}]},"content":{"rendered":"<p><img loading=\"lazy\" decoding=\"async\" class=\"aligncenter size-full wp-image-365872\" src=\"https:\/\/hashtag.al\/wp-content\/uploads\/2020\/04\/francacovid.jpeg\" alt=\"\" width=\"980\" height=\"551\" srcset=\"https:\/\/www.hashtag.al\/wp-content\/uploads\/2020\/04\/francacovid.jpeg 980w, https:\/\/www.hashtag.al\/wp-content\/uploads\/2020\/04\/francacovid-300x169.jpeg 300w, https:\/\/www.hashtag.al\/wp-content\/uploads\/2020\/04\/francacovid-768x432.jpeg 768w\" sizes=\"auto, (max-width: 980px) 100vw, 980px\" \/><\/p>\n<p><span style=\"color: #000000;\">Ministri i Sh\u00ebndet\u00ebsis\u00eb n\u00eb Franc\u00eb ka th\u00ebn\u00eb se \u00ebsht\u00eb shum\u00eb her\u00ebt p\u00ebr t\u00eb diskutuar leht\u00ebsimin e bllokimit t\u00eb rrept\u00eb mbar\u00ebkomb\u00ebtar, pasi pandemia vdekjeprur\u00ebse Covid-19 ende nuk ka arritur kulmin e saj n\u00eb vend.<\/span><\/p>\n<p><span style=\"color: #000000;\"><em>&#8220;Nuk jemi ende n\u00eb kulmin e epidemis\u00eb. Jemi akoma n\u00eb faz\u00ebn e r\u00ebndimit t\u00eb saj.&#8221;<\/em> &#8211; tha ministri i Sh\u00ebndet\u00ebsis\u00eb, Olivier Veran, n\u00eb nj\u00eb intervist\u00eb p\u00ebr TV BFM t\u00eb mart\u00ebn.<\/span><\/p>\n<p><span style=\"color: #000000;\"><em>&#8220;\u00cbsht\u00eb shum\u00eb her\u00ebt t\u00eb flasim p\u00ebr p\u00ebrfundimin e izolimit. Izolimi do zgjas\u00eb p\u00ebr aq koh\u00eb sa duhet. Varet nga secili prej nesh n\u00eb sjelljen ton\u00eb t\u00eb p\u00ebrditshme p\u00ebr t\u00eb kuptuar se duke q\u00ebndruar brenda ne jemi duke shp\u00ebtuar jet\u00eb. Ne duhet t\u00eb jemi t\u00eb duruesh\u00ebm. Durimi yn\u00eb shp\u00ebton jet\u00eb.\u201d<\/em> \u2013 shtoi ai.<\/span><\/p>\n<p><span style=\"color: #000000;\">Franca ka prezantuar nj\u00eb mbyllje 15-ditore n\u00eb 16 mars. <\/span><\/p>\n<p><span style=\"color: #000000;\">Njer\u00ebzit u lejuan t\u00eb linin sht\u00ebpit\u00eb e tyre vet\u00ebm pasi t\u00eb plot\u00ebsonin formular\u00eb t\u00eb ve\u00e7ant\u00eb duke shpjeguar se ku po shkojn\u00eb dhe pse. <\/span><\/p>\n<p><span style=\"color: #000000;\">Mbi 100,000 polic\u00eb u vendos\u00ebn n\u00eb vend p\u00ebr t\u00eb zbatuar kufizimet e udh\u00ebtimit.<\/span><\/p>\n","protected":false,"gt_translate_keys":[{"key":"rendered","format":"html"}]},"excerpt":{"rendered":"<p>Ministri i Sh\u00ebndet\u00ebsis\u00eb n\u00eb Franc\u00eb ka th\u00ebn\u00eb se \u00ebsht\u00eb shum\u00eb her\u00ebt p\u00ebr t\u00eb diskutuar leht\u00ebsimin e bllokimit t\u00eb rrept\u00eb mbar\u00ebkomb\u00ebtar, pasi pandemia vdekjeprur\u00ebse Covid-19 ende nuk ka arritur kulmin e saj n\u00eb vend. &#8220;Nuk jemi ende n\u00eb kulmin e epidemis\u00eb. Jemi akoma n\u00eb faz\u00ebn e r\u00ebndimit t\u00eb saj.&#8221; &#8211; tha ministri i Sh\u00ebndet\u00ebsis\u00eb, Olivier Veran, [&hellip;]<\/p>\n","protected":false,"gt_translate_keys":[{"key":"rendered","format":"html"}]},"author":51,"featured_media":365872,"comment_status":"open","ping_status":"open","sticky":false,"template":"","format":"standard","meta":{"footnotes":""},"categories":[6],"tags":[],"class_list":["post-365871","post","type-post","status-publish","format-standard","has-post-thumbnail","hentry","category-nderkombetare"],"gt_translate_keys":[{"key":"link","format":"url"}],"_links":{"self":[{"href":"https:\/\/www.hashtag.al\/index.php\/wp-json\/wp\/v2\/posts\/365871","targetHints":{"allow":["GET"]}}],"collection":[{"href":"https:\/\/www.hashtag.al\/index.php\/wp-json\/wp\/v2\/posts"}],"about":[{"href":"https:\/\/www.hashtag.al\/index.php\/wp-json\/wp\/v2\/types\/post"}],"author":[{"embeddable":true,"href":"https:\/\/www.hashtag.al\/index.php\/wp-json\/wp\/v2\/users\/51"}],"replies":[{"embeddable":true,"href":"https:\/\/www.hashtag.al\/index.php\/wp-json\/wp\/v2\/comments?post=365871"}],"version-history":[{"count":0,"href":"https:\/\/www.hashtag.al\/index.php\/wp-json\/wp\/v2\/posts\/365871\/revisions"}],"wp:featuredmedia":[{"embeddable":true,"href":"https:\/\/www.hashtag.al\/index.php\/wp-json\/wp\/v2\/media\/365872"}],"wp:attachment":[{"href":"https:\/\/www.hashtag.al\/index.php\/wp-json\/wp\/v2\/media?parent=365871"}],"wp:term":[{"taxonomy":"category","embeddable":true,"href":"https:\/\/www.hashtag.al\/index.php\/wp-json\/wp\/v2\/categories?post=365871"},{"taxonomy":"post_tag","embeddable":true,"href":"https:\/\/www.hashtag.al\/index.php\/wp-json\/wp\/v2\/tags?post=365871"}],"curies":[{"name":"wp","href":"https:\/\/api.w.org\/{rel}","templated":true}]}}