{"id":365099,"date":"2020-04-03T21:46:11","date_gmt":"2020-04-03T19:46:11","guid":{"rendered":"https:\/\/hashtag.al\/?p=365099"},"modified":"2020-04-03T21:46:11","modified_gmt":"2020-04-03T19:46:11","slug":"icardi-nuk-do-e-zgjase-huazimin-te-psg-ja-lajmeron-rikthimin-ne-itali","status":"publish","type":"post","link":"https:\/\/www.hashtag.al\/index.php\/2020\/04\/03\/icardi-nuk-do-e-zgjase-huazimin-te-psg-ja-lajmeron-rikthimin-ne-itali\/","title":{"rendered":"Icardi nuk do e zgjas\u00eb huazimin te PSG-ja, lajm\u00ebron rikthimin n\u00eb Itali","gt_translate_keys":[{"key":"rendered","format":"text"}]},"content":{"rendered":"<p><img loading=\"lazy\" decoding=\"async\" class=\"aligncenter size-full wp-image-365100\" src=\"https:\/\/hashtag.al\/wp-content\/uploads\/2020\/04\/icardi.jpg\" alt=\"\" width=\"1920\" height=\"1080\" \/><\/p>\n<p><span style=\"color: #000000;\">Sulmuesi argjentinas, Mauro Icardi nuk do e zgjas\u00eb q\u00ebndrimin e tij te Paris Saint-Germain p\u00ebrtej k\u00ebtij sezoni pasi gruaja dhe agjentja e tij, Wanda Nara, u tha gjigant\u00ebve francez\u00eb se ata duan nj\u00eb rikthim n\u00eb Itali, sipas raportimeve.<\/span><\/p>\n<p><span style=\"color: #000000;\">Icardi, 27 vje\u00e7, ka sh\u00ebnuar 20 gola n\u00eb 31 paraqitje te PSG-ja q\u00eb kur u largua nga klubi italian i Interit, gjat\u00eb merkatos s\u00eb ver\u00ebs n\u00eb form\u00eb huazimi.<\/span><\/p>\n<p><span style=\"color: #000000;\">Pas p\u00ebrplasjeve mes cciftit dhe drejtuesve t\u00eb Interit, sulmuesi argjentinas u huazua n\u00eb Franc\u00eb te PSG-ja por sipas t\u00eb gjitha gjasave do rikthehet n\u00eb Itali. <\/span><\/p>\n<p><span style=\"color: #000000;\">N\u00eb Serin\u00eb A, lojtari k\u00ebrkohet nga nj\u00eb num\u00ebr i madh klubesh duke p\u00ebrfshir\u00eb Juventusin e Napolin, me t\u00eb parin q\u00eb \u00ebsht\u00eb n\u00eb pozita m\u00eb t\u00eb favorizuara.<\/span><\/p>\n","protected":false,"gt_translate_keys":[{"key":"rendered","format":"html"}]},"excerpt":{"rendered":"<p>Sulmuesi argjentinas, Mauro Icardi nuk do e zgjas\u00eb q\u00ebndrimin e tij te Paris Saint-Germain p\u00ebrtej k\u00ebtij sezoni pasi gruaja dhe agjentja e tij, Wanda Nara, u tha gjigant\u00ebve francez\u00eb se ata duan nj\u00eb rikthim n\u00eb Itali, sipas raportimeve. Icardi, 27 vje\u00e7, ka sh\u00ebnuar 20 gola n\u00eb 31 paraqitje te PSG-ja q\u00eb kur u largua nga [&hellip;]<\/p>\n","protected":false,"gt_translate_keys":[{"key":"rendered","format":"html"}]},"author":51,"featured_media":365100,"comment_status":"open","ping_status":"open","sticky":false,"template":"","format":"standard","meta":{"footnotes":""},"categories":[134],"tags":[],"class_list":["post-365099","post","type-post","status-publish","format-standard","has-post-thumbnail","hentry","category-sport"],"gt_translate_keys":[{"key":"link","format":"url"}],"_links":{"self":[{"href":"https:\/\/www.hashtag.al\/index.php\/wp-json\/wp\/v2\/posts\/365099","targetHints":{"allow":["GET"]}}],"collection":[{"href":"https:\/\/www.hashtag.al\/index.php\/wp-json\/wp\/v2\/posts"}],"about":[{"href":"https:\/\/www.hashtag.al\/index.php\/wp-json\/wp\/v2\/types\/post"}],"author":[{"embeddable":true,"href":"https:\/\/www.hashtag.al\/index.php\/wp-json\/wp\/v2\/users\/51"}],"replies":[{"embeddable":true,"href":"https:\/\/www.hashtag.al\/index.php\/wp-json\/wp\/v2\/comments?post=365099"}],"version-history":[{"count":0,"href":"https:\/\/www.hashtag.al\/index.php\/wp-json\/wp\/v2\/posts\/365099\/revisions"}],"wp:featuredmedia":[{"embeddable":true,"href":"https:\/\/www.hashtag.al\/index.php\/wp-json\/wp\/v2\/media\/365100"}],"wp:attachment":[{"href":"https:\/\/www.hashtag.al\/index.php\/wp-json\/wp\/v2\/media?parent=365099"}],"wp:term":[{"taxonomy":"category","embeddable":true,"href":"https:\/\/www.hashtag.al\/index.php\/wp-json\/wp\/v2\/categories?post=365099"},{"taxonomy":"post_tag","embeddable":true,"href":"https:\/\/www.hashtag.al\/index.php\/wp-json\/wp\/v2\/tags?post=365099"}],"curies":[{"name":"wp","href":"https:\/\/api.w.org\/{rel}","templated":true}]}}