{"id":365037,"date":"2020-04-03T16:30:05","date_gmt":"2020-04-03T14:30:05","guid":{"rendered":"https:\/\/hashtag.al\/?p=365037"},"modified":"2020-04-03T16:30:05","modified_gmt":"2020-04-03T14:30:05","slug":"von-der-leyen-kerkon-plan-marshall-per-covid-19-teksa-blloku-eshte-i-percare","status":"publish","type":"post","link":"https:\/\/www.hashtag.al\/index.php\/2020\/04\/03\/von-der-leyen-kerkon-plan-marshall-per-covid-19-teksa-blloku-eshte-i-percare\/","title":{"rendered":"Von der Leyen k\u00ebrkon &#8220;Plan Marshall&#8221; p\u00ebr Covid-19 teksa blloku \u00ebsht\u00eb i p\u00ebr\u00e7ar\u00eb","gt_translate_keys":[{"key":"rendered","format":"text"}]},"content":{"rendered":"<p><img loading=\"lazy\" decoding=\"async\" class=\"aligncenter size-full wp-image-365039\" src=\"https:\/\/hashtag.al\/wp-content\/uploads\/2020\/04\/brukelicovid.jpg\" alt=\"\" width=\"980\" height=\"551\" srcset=\"https:\/\/www.hashtag.al\/wp-content\/uploads\/2020\/04\/brukelicovid.jpg 980w, https:\/\/www.hashtag.al\/wp-content\/uploads\/2020\/04\/brukelicovid-300x169.jpg 300w, https:\/\/www.hashtag.al\/wp-content\/uploads\/2020\/04\/brukelicovid-768x432.jpg 768w\" sizes=\"auto, (max-width: 980px) 100vw, 980px\" \/><\/p>\n<p><span style=\"color: #000000;\">Shefja e Komisionit Evropian, Von der Leyen, po shtyn p\u00ebr marrjen e masave me synim largimin e Europ\u00ebs nga kriza q\u00eb po shkakton pandemia Covid-19 teksa \u00e7arjet brenda bllokut mund t\u00eb l\u00ebn\u00eb n\u00eb hije p\u00ebrpjekjet e saj. <\/span><\/p>\n<p><span style=\"color: #000000;\">Ursula von der Leyen tha t\u00eb premten se vendet an\u00ebtare kishin filluar diskutimet se \u00e7far\u00eb t\u00eb b\u00ebnin me kufijt\u00eb e mbyllur, t\u00eb cilat u vulos\u00ebn n\u00eb nj\u00eb p\u00ebrpjekje p\u00ebr t\u00eb ndaluar p\u00ebrhapjen e koronavirusit.<\/span><\/p>\n<p><span style=\"color: #000000;\"><em>&#8220;Ne jemi n\u00eb konsultim me vendet an\u00ebtare se si t\u00eb vazhdohet p\u00ebrtej Pashk\u00ebve,&#8221;<\/em> i tha ajo radios Europe 1.<\/span><\/p>\n<p><span style=\"color: #000000;\">Ajo gjithashtu mbrojti p\u00ebrdorimin e buxhetit t\u00eb ardhsh\u00ebm t\u00eb Bashkimit Evropian, si nj\u00eb m\u00ebnyr\u00eb p\u00ebr t\u00eb krijuar nj\u00eb &#8220;Plan Marshall&#8221; p\u00ebr t\u00eb stimuluar rim\u00ebk\u00ebmbjen ekonomike pas pandemis\u00eb, duke argumentuar se blloku do t\u00eb mbetet i fort\u00eb dhe do t\u00eb e kaloj\u00eb s\u00eb bashku kriz\u00ebn.<\/span><\/p>\n<p><span style=\"color: #000000;\">Von der Leyen ka kritikuar m\u00eb par\u00eb vendimin e shteteve t\u00eb BE p\u00ebr t\u00eb mbyllur kufijt\u00eb e tyre, duke th\u00ebn\u00eb se masat ekstreme minojn\u00eb solidaritetin evropian.<\/span><\/p>\n<p><span style=\"color: #000000;\">P\u00ebrplasje ka pasur sidomos mes Italis\u00eb e Spanj\u00ebs q\u00eb kan\u00eb kriktikuar ashp\u00ebr BE-n\u00eb p\u00ebr munges\u00ebn e ndihm\u00ebs si dhe mes Brukselit e Hungaris\u00eb lidhur me masat e marra kund\u00ebr Covid-19.<\/span><\/p>\n","protected":false,"gt_translate_keys":[{"key":"rendered","format":"html"}]},"excerpt":{"rendered":"<p>Shefja e Komisionit Evropian, Von der Leyen, po shtyn p\u00ebr marrjen e masave me synim largimin e Europ\u00ebs nga kriza q\u00eb po shkakton pandemia Covid-19 teksa \u00e7arjet brenda bllokut mund t\u00eb l\u00ebn\u00eb n\u00eb hije p\u00ebrpjekjet e saj. Ursula von der Leyen tha t\u00eb premten se vendet an\u00ebtare kishin filluar diskutimet se \u00e7far\u00eb t\u00eb b\u00ebnin me [&hellip;]<\/p>\n","protected":false,"gt_translate_keys":[{"key":"rendered","format":"html"}]},"author":51,"featured_media":365039,"comment_status":"open","ping_status":"open","sticky":false,"template":"","format":"standard","meta":{"footnotes":""},"categories":[6],"tags":[],"class_list":["post-365037","post","type-post","status-publish","format-standard","has-post-thumbnail","hentry","category-nderkombetare"],"gt_translate_keys":[{"key":"link","format":"url"}],"_links":{"self":[{"href":"https:\/\/www.hashtag.al\/index.php\/wp-json\/wp\/v2\/posts\/365037","targetHints":{"allow":["GET"]}}],"collection":[{"href":"https:\/\/www.hashtag.al\/index.php\/wp-json\/wp\/v2\/posts"}],"about":[{"href":"https:\/\/www.hashtag.al\/index.php\/wp-json\/wp\/v2\/types\/post"}],"author":[{"embeddable":true,"href":"https:\/\/www.hashtag.al\/index.php\/wp-json\/wp\/v2\/users\/51"}],"replies":[{"embeddable":true,"href":"https:\/\/www.hashtag.al\/index.php\/wp-json\/wp\/v2\/comments?post=365037"}],"version-history":[{"count":0,"href":"https:\/\/www.hashtag.al\/index.php\/wp-json\/wp\/v2\/posts\/365037\/revisions"}],"wp:featuredmedia":[{"embeddable":true,"href":"https:\/\/www.hashtag.al\/index.php\/wp-json\/wp\/v2\/media\/365039"}],"wp:attachment":[{"href":"https:\/\/www.hashtag.al\/index.php\/wp-json\/wp\/v2\/media?parent=365037"}],"wp:term":[{"taxonomy":"category","embeddable":true,"href":"https:\/\/www.hashtag.al\/index.php\/wp-json\/wp\/v2\/categories?post=365037"},{"taxonomy":"post_tag","embeddable":true,"href":"https:\/\/www.hashtag.al\/index.php\/wp-json\/wp\/v2\/tags?post=365037"}],"curies":[{"name":"wp","href":"https:\/\/api.w.org\/{rel}","templated":true}]}}