{"id":365035,"date":"2020-04-03T16:20:29","date_gmt":"2020-04-03T14:20:29","guid":{"rendered":"https:\/\/hashtag.al\/?p=365035"},"modified":"2020-04-03T16:20:29","modified_gmt":"2020-04-03T14:20:29","slug":"basha-thirrje-rames-anulo-menjehere-koncesionet-e-perdori-fondet-per-emergjencen","status":"publish","type":"post","link":"https:\/\/www.hashtag.al\/index.php\/2020\/04\/03\/basha-thirrje-rames-anulo-menjehere-koncesionet-e-perdori-fondet-per-emergjencen\/","title":{"rendered":"Basha thirrje Ram\u00ebs: Anulo menj\u00ebher\u00eb koncesionet e p\u00ebrdori fondet p\u00ebr emergjenc\u00ebn","gt_translate_keys":[{"key":"rendered","format":"text"}]},"content":{"rendered":"<p><img loading=\"lazy\" decoding=\"async\" class=\"aligncenter size-full wp-image-362940\" src=\"https:\/\/hashtag.al\/wp-content\/uploads\/2020\/03\/basha-6.jpg\" alt=\"\" width=\"924\" height=\"531\" srcset=\"https:\/\/www.hashtag.al\/wp-content\/uploads\/2020\/03\/basha-6.jpg 924w, https:\/\/www.hashtag.al\/wp-content\/uploads\/2020\/03\/basha-6-300x172.jpg 300w, https:\/\/www.hashtag.al\/wp-content\/uploads\/2020\/03\/basha-6-768x441.jpg 768w\" sizes=\"auto, (max-width: 924px) 100vw, 924px\" \/><\/p>\n<p><span style=\"color: #000000;\">Kreu i Partis\u00eb Demokratike, Basha, i b\u00ebri thirrje kreut t\u00eb qeveris\u00eb, Rama, q\u00eb t\u00eb subvencionoj\u00eb qirat\u00eb e pagesat e qytetar\u00ebve duke marr\u00eb shembullin e vendeve t\u00eb tjera, mes tyre edhe Kosova. <\/span><\/p>\n<p><span style=\"color: #000000;\">Pas sulmit t\u00eb kryeministrit ndaj opozit\u00ebs, kryedemokrati i \u00ebsh\u00ebt kthyer duke i k\u00ebrkuar q\u00eb t\u00eb anuloj\u00eb koncesionet e t\u00eb shtoj\u00eb fondet n\u00eb ndihm\u00eb t\u00eb sh\u00ebndet\u00ebsis\u00eb, biznesit e qytetar\u00ebve e t\u00eb l\u00ebr\u00eb sulmet ndaj opozit\u00ebs. <\/span><\/p>\n<p><span style=\"color: #000000;\">Basha theksoi gjithashtu se sulmi i kryeministrit tregon se ai nuk ka asnj\u00eb plan masash p\u00ebr emergjenc\u00ebn.<\/span><\/p>\n<p><span style=\"color: #000000;\"><em>&#8220;P\u00ebr t&#8217;ju ardhur n\u00eb ndihm\u00eb njer\u00ebzve, kemi k\u00ebrkuar q\u00eb qeveria t\u00eb subvencionoj\u00eb qirat\u00eb dhe pagesat e qytetar\u00ebve dhe bizneseve n\u00eb nevoj\u00eb, ashtu si kan\u00eb b\u00ebr\u00eb shum\u00eb vende duke nisur me Kosov\u00ebn. Boll me fyerje dhe sulme ordinere: ato nuk i mbushin xhepat dhe tryezat bosh t\u00eb shqiptar\u00ebve.?<\/em><\/span><\/p>\n<p><span style=\"color: #000000;\"><em>Fyerjet dhe sharjet ndaj opozit\u00ebs tregojn\u00eb se kryeministri nervoz nuk ka as ide dhe as plan masash p\u00ebr emergjenc\u00ebn. Cfar\u00eb thot\u00eb n\u00eb drek\u00eb, e ndryshon n\u00eb dark\u00eb! Ai sot po tregon se nuk ka hallin e shqiptar\u00ebve por ka vet\u00ebm merakun e oligark\u00ebve. ?<\/em><\/span><\/p>\n<p><span style=\"color: #000000;\"><em>Qeveria t\u00eb anulloj\u00eb MENJ\u00cbHER\u00cb koncesionet, t\u00eb rialokoj\u00eb buxhetin dhe t\u00eb shtoj\u00eb pa vones\u00eb fondet e emergjenc\u00ebs n\u00eb ndihm\u00eb t\u00eb sh\u00ebndetit dhe njer\u00ebzve dhe bizneseve n\u00eb nevoj\u00eb. Koha nuk pret!&#8221;<\/em> shkruan ai n\u00eb rrjetet sociale.<\/span><\/p>\n","protected":false,"gt_translate_keys":[{"key":"rendered","format":"html"}]},"excerpt":{"rendered":"<p>Kreu i Partis\u00eb Demokratike, Basha, i b\u00ebri thirrje kreut t\u00eb qeveris\u00eb, Rama, q\u00eb t\u00eb subvencionoj\u00eb qirat\u00eb e pagesat e qytetar\u00ebve duke marr\u00eb shembullin e vendeve t\u00eb tjera, mes tyre edhe Kosova. Pas sulmit t\u00eb kryeministrit ndaj opozit\u00ebs, kryedemokrati i \u00ebsh\u00ebt kthyer duke i k\u00ebrkuar q\u00eb t\u00eb anuloj\u00eb koncesionet e t\u00eb shtoj\u00eb fondet n\u00eb ndihm\u00eb t\u00eb [&hellip;]<\/p>\n","protected":false,"gt_translate_keys":[{"key":"rendered","format":"html"}]},"author":51,"featured_media":362940,"comment_status":"open","ping_status":"open","sticky":false,"template":"","format":"standard","meta":{"footnotes":""},"categories":[65,13],"tags":[],"class_list":["post-365035","post","type-post","status-publish","format-standard","has-post-thumbnail","hentry","category-lajme","category-te-fundit"],"gt_translate_keys":[{"key":"link","format":"url"}],"_links":{"self":[{"href":"https:\/\/www.hashtag.al\/index.php\/wp-json\/wp\/v2\/posts\/365035","targetHints":{"allow":["GET"]}}],"collection":[{"href":"https:\/\/www.hashtag.al\/index.php\/wp-json\/wp\/v2\/posts"}],"about":[{"href":"https:\/\/www.hashtag.al\/index.php\/wp-json\/wp\/v2\/types\/post"}],"author":[{"embeddable":true,"href":"https:\/\/www.hashtag.al\/index.php\/wp-json\/wp\/v2\/users\/51"}],"replies":[{"embeddable":true,"href":"https:\/\/www.hashtag.al\/index.php\/wp-json\/wp\/v2\/comments?post=365035"}],"version-history":[{"count":0,"href":"https:\/\/www.hashtag.al\/index.php\/wp-json\/wp\/v2\/posts\/365035\/revisions"}],"wp:featuredmedia":[{"embeddable":true,"href":"https:\/\/www.hashtag.al\/index.php\/wp-json\/wp\/v2\/media\/362940"}],"wp:attachment":[{"href":"https:\/\/www.hashtag.al\/index.php\/wp-json\/wp\/v2\/media?parent=365035"}],"wp:term":[{"taxonomy":"category","embeddable":true,"href":"https:\/\/www.hashtag.al\/index.php\/wp-json\/wp\/v2\/categories?post=365035"},{"taxonomy":"post_tag","embeddable":true,"href":"https:\/\/www.hashtag.al\/index.php\/wp-json\/wp\/v2\/tags?post=365035"}],"curies":[{"name":"wp","href":"https:\/\/api.w.org\/{rel}","templated":true}]}}