{"id":364963,"date":"2020-04-03T11:57:07","date_gmt":"2020-04-03T09:57:07","guid":{"rendered":"https:\/\/hashtag.al\/?p=364963"},"modified":"2020-04-03T12:28:58","modified_gmt":"2020-04-03T10:28:58","slug":"harta-e-qyteteve-te-prekura-nga-koronavirusi-rastet-ne-shkoder-u-dyfishuan-ne-24-ore-i-infektuar-dhe-nje-femije","status":"publish","type":"post","link":"https:\/\/www.hashtag.al\/index.php\/2020\/04\/03\/harta-e-qyteteve-te-prekura-nga-koronavirusi-rastet-ne-shkoder-u-dyfishuan-ne-24-ore-i-infektuar-dhe-nje-femije\/","title":{"rendered":"Harta e qyteteve t\u00eb prekura nga koronavirusi &#8211; Rastet n\u00eb Shkod\u00ebr u dyfishuan n\u00eb 24 or\u00eb, i infektuar dhe nj\u00eb f\u00ebmij\u00eb","gt_translate_keys":[{"key":"rendered","format":"text"}]},"content":{"rendered":"<p><span style=\"color: #000000;\"><a style=\"color: #000000;\" href=\"https:\/\/hashtag.al\/wp-content\/uploads\/2020\/04\/Harta-e-RE-2-2.jpg\"><img loading=\"lazy\" decoding=\"async\" class=\"aligncenter size-full wp-image-364964\" src=\"https:\/\/hashtag.al\/wp-content\/uploads\/2020\/04\/Harta-e-RE-2-2.jpg\" alt=\"\" width=\"662\" height=\"508\" srcset=\"https:\/\/www.hashtag.al\/wp-content\/uploads\/2020\/04\/Harta-e-RE-2-2.jpg 662w, https:\/\/www.hashtag.al\/wp-content\/uploads\/2020\/04\/Harta-e-RE-2-2-300x230.jpg 300w\" sizes=\"auto, (max-width: 662px) 100vw, 662px\" \/><\/a><\/span><\/p>\n<p><span style=\"color: #000000;\">Ka shkuar n\u00eb 304 numri i t\u00eb prekurve me koronavirus n\u00eb vendin ton\u00eb me 27 raste t\u00eb reja t\u00eb konfirmuara vet\u00ebm n\u00eb 24 or\u00ebt e fundit.<\/span><\/p>\n<p><span style=\"color: #000000;\">Harta e t\u00eb prekurve nga COVID-19 zgjerohet n\u00eb Tiran\u00eb (3), Durr\u00ebs (2), Fier (2), Kavaj\u00eb (2), Lezh\u00eb (5), Mirdit\u00eb (1)\u00a0 dhe Shkod\u00ebr (12).<\/span><\/p>\n<p><span style=\"color: #000000;\">Si\u00e7 shihet edhe n\u00eb hart\u00ebn e ilustruar, nga rastet e reja, Shkodra ka numrin m\u00eb t\u00eb lart\u00eb me plot 12 raste t\u00eb tilla.<\/span><\/p>\n<p><span style=\"color: #000000;\"><em>&#8220;K\u00ebto raste jan\u00eb identifikuar n\u00eb dy rrethe familjare, mes tyre \u00ebsht\u00eb dhe nj\u00eb f\u00ebmij\u00eb 13-vje\u00e7ar, q\u00eb jan\u00eb identifikuar fal\u00eb gjurmimit t\u00eb rasteve t\u00eb kryera nga epidemiolog\u00ebt ne terren.&#8221;<\/em>&#8211; tha zv.ministrja Mira Raka\u00e7olli.<\/span><\/p>\n<p><span style=\"color: #000000;\">Sipas saj, kjo rritje e numrit t\u00eb rasteve n\u00eb Shkod\u00ebr tregon edhe nj\u00ebher\u00eb mos respektimin e distancimit social dhe masave t\u00eb kontrollit t\u00eb infeksionit q\u00eb Ministria e Sh\u00ebndet\u00ebsis\u00eb vijon t\u00eb rekomandoj\u00eb \u00e7do dit\u00eb ne komunikimet publike. <\/span><\/p>\n<p><span style=\"color: #000000;\">P\u00ebr k\u00ebt\u00eb arsye, Ministria e Sh\u00ebndet\u00ebsis\u00eb p\u00ebrs\u00ebrit thirrjen q\u00eb masat e distancimit social t\u00eb respektohen maksimalisht edhe brenda rretheve familjare, duke shmangur vizitat tek t\u00eb af\u00ebrmit p\u00ebr \u00e7do lloj arsye p\u00ebr t\u00eb parandaluar transmetimin e COVID-19.<\/span><span style=\"color: #000000;\"><strong>\/ Hashtag.al<\/strong><\/span><\/p>\n","protected":false,"gt_translate_keys":[{"key":"rendered","format":"html"}]},"excerpt":{"rendered":"<p>Ka shkuar n\u00eb 304 numri i t\u00eb prekurve me koronavirus n\u00eb vendin ton\u00eb me 27 raste t\u00eb reja t\u00eb konfirmuara vet\u00ebm n\u00eb 24 or\u00ebt e fundit. Harta e t\u00eb prekurve nga COVID-19 zgjerohet n\u00eb Tiran\u00eb (3), Durr\u00ebs (2), Fier (2), Kavaj\u00eb (2), Lezh\u00eb (5), Mirdit\u00eb (1)\u00a0 dhe Shkod\u00ebr (12). Si\u00e7 shihet edhe n\u00eb hart\u00ebn e [&hellip;]<\/p>\n","protected":false,"gt_translate_keys":[{"key":"rendered","format":"html"}]},"author":30,"featured_media":364964,"comment_status":"open","ping_status":"open","sticky":false,"template":"","format":"standard","meta":{"footnotes":""},"categories":[22,65,13],"tags":[],"class_list":["post-364963","post","type-post","status-publish","format-standard","has-post-thumbnail","hentry","category-ballina","category-lajme","category-te-fundit"],"gt_translate_keys":[{"key":"link","format":"url"}],"_links":{"self":[{"href":"https:\/\/www.hashtag.al\/index.php\/wp-json\/wp\/v2\/posts\/364963","targetHints":{"allow":["GET"]}}],"collection":[{"href":"https:\/\/www.hashtag.al\/index.php\/wp-json\/wp\/v2\/posts"}],"about":[{"href":"https:\/\/www.hashtag.al\/index.php\/wp-json\/wp\/v2\/types\/post"}],"author":[{"embeddable":true,"href":"https:\/\/www.hashtag.al\/index.php\/wp-json\/wp\/v2\/users\/30"}],"replies":[{"embeddable":true,"href":"https:\/\/www.hashtag.al\/index.php\/wp-json\/wp\/v2\/comments?post=364963"}],"version-history":[{"count":0,"href":"https:\/\/www.hashtag.al\/index.php\/wp-json\/wp\/v2\/posts\/364963\/revisions"}],"wp:featuredmedia":[{"embeddable":true,"href":"https:\/\/www.hashtag.al\/index.php\/wp-json\/wp\/v2\/media\/364964"}],"wp:attachment":[{"href":"https:\/\/www.hashtag.al\/index.php\/wp-json\/wp\/v2\/media?parent=364963"}],"wp:term":[{"taxonomy":"category","embeddable":true,"href":"https:\/\/www.hashtag.al\/index.php\/wp-json\/wp\/v2\/categories?post=364963"},{"taxonomy":"post_tag","embeddable":true,"href":"https:\/\/www.hashtag.al\/index.php\/wp-json\/wp\/v2\/tags?post=364963"}],"curies":[{"name":"wp","href":"https:\/\/api.w.org\/{rel}","templated":true}]}}