{"id":364868,"date":"2020-04-02T20:39:23","date_gmt":"2020-04-02T18:39:23","guid":{"rendered":"https:\/\/hashtag.al\/?p=364868"},"modified":"2020-04-02T20:39:23","modified_gmt":"2020-04-02T18:39:23","slug":"shtetasit-shqiptare-te-mbetur-ne-dogane-meta-te-zgjidhet-pengesa-sa-me-shpejt","status":"publish","type":"post","link":"https:\/\/www.hashtag.al\/index.php\/2020\/04\/02\/shtetasit-shqiptare-te-mbetur-ne-dogane-meta-te-zgjidhet-pengesa-sa-me-shpejt\/","title":{"rendered":"Shtetasit shqiptar\u00eb t\u00eb mbetur n\u00eb dogan\u00eb, Meta: T\u00eb zgjidhet pengesa sa m\u00eb shpejt","gt_translate_keys":[{"key":"rendered","format":"text"}]},"content":{"rendered":"<p><img loading=\"lazy\" decoding=\"async\" class=\"aligncenter size-full wp-image-363995\" src=\"https:\/\/hashtag.al\/wp-content\/uploads\/2020\/03\/metainterviste-e1585511984862.jpg\" alt=\"\" width=\"512\" height=\"341\" srcset=\"https:\/\/www.hashtag.al\/wp-content\/uploads\/2020\/03\/metainterviste-e1585511984862.jpg 512w, https:\/\/www.hashtag.al\/wp-content\/uploads\/2020\/03\/metainterviste-e1585511984862-300x200.jpg 300w\" sizes=\"auto, (max-width: 512px) 100vw, 512px\" \/><\/p>\n<p><span style=\"color: #000000;\">Prej dy dit\u00ebsh mbyllja e kufirit me Greqin\u00eb ka shkaktuar probleme dhe amulli dhe dhjet\u00ebra qytetar\u00eb shqiptar\u00eb, t\u00eb cil\u00ebt duan q\u00eb t\u00eb kthehen n\u00eb sht\u00ebpit\u00eb e tyre, dhe nuk kan\u00eb marr\u00eb asnj\u00eb sqarim nga ana e autoriteteve.<\/span><\/p>\n<p><span style=\"color: #000000;\">Lidhur me k\u00ebt\u00eb situat\u00eb, q\u00eb shfaqet edhe n\u00eb pikat kufitare me Malin e Zi, reagon presidenti i Republik\u00ebs Ilir Meta.<\/span><\/p>\n<p><span style=\"color: #000000;\">Sipas kreut t\u00eb shtetit &#8220;<em>Autoritetet shqiptare jan\u00eb p\u00ebrgjegj\u00ebse t\u00eb informojn\u00eb pa vones\u00eb qytetar\u00ebt tan\u00eb mbi gjendjen dhe procedurat e reja q\u00eb duhen respektuar n\u00eb pikat tona kufitare, t\u00eb imponuara nga pandemia COVID-19, n\u00eb m\u00ebnyr\u00eb q\u00eb t\u00eb mos krijohen grumbullime t\u00eb pamenaxhueshme<\/em>&#8220;.<\/span><\/p>\n<p><span style=\"color: #000000;\"><strong>Reagimi i plot\u00eb i presidentit t\u00eb Republik\u00ebs:<\/strong><\/span><\/p>\n<p><span style=\"color: #000000;\">Jam duke ndjekur me v\u00ebmendje dhe me shum\u00eb shqet\u00ebsim situat\u00ebn e qytetar\u00ebve shqiptar\u00eb t\u00eb cil\u00ebt ndodhen t\u00eb bllokuar n\u00eb pikat e kalimit kufitar me Greqin\u00eb dhe Malin e Zi.<\/span><\/p>\n<p><span style=\"color: #000000;\">Situata e pritjes s\u00eb tyre n\u00eb kufirin shqiptar dhe pengesa q\u00eb po hasin k\u00ebrkon nj\u00eb zgjidhje t\u00eb shpejt\u00eb.<\/span><\/p>\n<p><span style=\"color: #000000;\">Autoritetet shqiptare p\u00ebrgjegj\u00ebse t\u00eb informojn\u00eb pa vones\u00eb qytetar\u00ebt tan\u00eb mbi gjendjen dhe procedurat e reja q\u00eb duhen respektuar n\u00eb pikat tona kufitare, t\u00eb imponuara nga pandemia COVID-19, n\u00eb m\u00ebnyr\u00eb q\u00eb t\u00eb mos krijohen grumbullime t\u00eb pamenaxhueshme.<\/span><\/p>\n<p><span style=\"color: #000000;\">N\u00eb t\u00eb mir\u00eb t\u00eb t\u00eb gjith\u00ebve, shtetasit tan\u00eb duhet t\u00eb jen\u00eb n\u00eb komunikim t\u00eb vazhduesh\u00ebm me ambasadat dhe konsullatat tona, si dhe t\u00eb evitojn\u00eb maksimalisht l\u00ebvizjet jasht\u00eb kushteve t\u00eb urgjenc\u00ebs dhe domosdoshm\u00ebris\u00eb.<\/span><\/p>\n<p><span style=\"color: #000000;\">U b\u00ebj thirrje t\u00eb gjith\u00ebve q\u00eb, duke forcuar bashk\u00ebpunimin midis qytetar\u00ebve dhe autoriteteve p\u00ebrgjegj\u00ebse n\u00eb k\u00ebt\u00eb situat\u00eb t\u00eb v\u00ebshtir\u00eb, t\u00eb tregojm\u00eb mir\u00ebkuptim e bashk\u00ebpunim, por ve\u00e7an\u00ebrisht solidaritet dhe p\u00ebrgjegjshm\u00ebri t\u00eb lart\u00eb p\u00ebr t\u00eb kap\u00ebrcyer me sa m\u00eb pak kosto k\u00ebt\u00eb sfid\u00eb t\u00eb jasht\u00ebzakonshme.\u00a0<\/span><\/p>\n","protected":false,"gt_translate_keys":[{"key":"rendered","format":"html"}]},"excerpt":{"rendered":"<p>Prej dy dit\u00ebsh mbyllja e kufirit me Greqin\u00eb ka shkaktuar probleme dhe amulli dhe dhjet\u00ebra qytetar\u00eb shqiptar\u00eb, t\u00eb cil\u00ebt duan q\u00eb t\u00eb kthehen n\u00eb sht\u00ebpit\u00eb e tyre, dhe nuk kan\u00eb marr\u00eb asnj\u00eb sqarim nga ana e autoriteteve. Lidhur me k\u00ebt\u00eb situat\u00eb, q\u00eb shfaqet edhe n\u00eb pikat kufitare me Malin e Zi, reagon presidenti i Republik\u00ebs [&hellip;]<\/p>\n","protected":false,"gt_translate_keys":[{"key":"rendered","format":"html"}]},"author":32,"featured_media":363995,"comment_status":"open","ping_status":"open","sticky":false,"template":"","format":"standard","meta":{"footnotes":""},"categories":[65,13],"tags":[],"class_list":["post-364868","post","type-post","status-publish","format-standard","has-post-thumbnail","hentry","category-lajme","category-te-fundit"],"gt_translate_keys":[{"key":"link","format":"url"}],"_links":{"self":[{"href":"https:\/\/www.hashtag.al\/index.php\/wp-json\/wp\/v2\/posts\/364868","targetHints":{"allow":["GET"]}}],"collection":[{"href":"https:\/\/www.hashtag.al\/index.php\/wp-json\/wp\/v2\/posts"}],"about":[{"href":"https:\/\/www.hashtag.al\/index.php\/wp-json\/wp\/v2\/types\/post"}],"author":[{"embeddable":true,"href":"https:\/\/www.hashtag.al\/index.php\/wp-json\/wp\/v2\/users\/32"}],"replies":[{"embeddable":true,"href":"https:\/\/www.hashtag.al\/index.php\/wp-json\/wp\/v2\/comments?post=364868"}],"version-history":[{"count":0,"href":"https:\/\/www.hashtag.al\/index.php\/wp-json\/wp\/v2\/posts\/364868\/revisions"}],"wp:featuredmedia":[{"embeddable":true,"href":"https:\/\/www.hashtag.al\/index.php\/wp-json\/wp\/v2\/media\/363995"}],"wp:attachment":[{"href":"https:\/\/www.hashtag.al\/index.php\/wp-json\/wp\/v2\/media?parent=364868"}],"wp:term":[{"taxonomy":"category","embeddable":true,"href":"https:\/\/www.hashtag.al\/index.php\/wp-json\/wp\/v2\/categories?post=364868"},{"taxonomy":"post_tag","embeddable":true,"href":"https:\/\/www.hashtag.al\/index.php\/wp-json\/wp\/v2\/tags?post=364868"}],"curies":[{"name":"wp","href":"https:\/\/api.w.org\/{rel}","templated":true}]}}