{"id":364737,"date":"2020-04-02T11:26:31","date_gmt":"2020-04-02T09:26:31","guid":{"rendered":"https:\/\/hashtag.al\/?p=364737"},"modified":"2020-04-02T12:06:24","modified_gmt":"2020-04-02T10:06:24","slug":"shkon-ne-277-numri-i-te-infektuarve-me-covid-19-ne-shqiperi-mes-tyre-8-femije","status":"publish","type":"post","link":"https:\/\/www.hashtag.al\/index.php\/2020\/04\/02\/shkon-ne-277-numri-i-te-infektuarve-me-covid-19-ne-shqiperi-mes-tyre-8-femije\/","title":{"rendered":"Shkon n\u00eb 277 numri i t\u00eb infektuarve me COVID-19 n\u00eb Shqip\u00ebri, mes tyre 8 f\u00ebmij\u00eb","gt_translate_keys":[{"key":"rendered","format":"text"}]},"content":{"rendered":"<p><a href=\"https:\/\/hashtag.al\/wp-content\/uploads\/2020\/03\/Harta-feature-1.jpg\"><img loading=\"lazy\" decoding=\"async\" class=\"aligncenter size-full wp-image-364272\" src=\"https:\/\/hashtag.al\/wp-content\/uploads\/2020\/03\/Harta-feature-1.jpg\" alt=\"\" width=\"768\" height=\"572\" srcset=\"https:\/\/www.hashtag.al\/wp-content\/uploads\/2020\/03\/Harta-feature-1.jpg 768w, https:\/\/www.hashtag.al\/wp-content\/uploads\/2020\/03\/Harta-feature-1-300x223.jpg 300w\" sizes=\"auto, (max-width: 768px) 100vw, 768px\" \/><\/a><\/p>\n<p><span style=\"color: #000000;\">18 raste t\u00eb reja jan\u00eb regjistruar n\u00eb 24 or\u00ebt e fundit me koronavirus n\u00eb vendin ton\u00eb, duke e \u00e7uar numrin e p\u00ebrgjithsh\u00ebm t\u00eb t\u00eb infektuarve n\u00eb 277.<\/span><\/p>\n<p><span style=\"color: #000000;\">Rastet e reja t\u00eb konfirmuara me koronavirus si\u00e7 v\u00ebrehet dhe n\u00eb hart\u00ebn e ilustruar m\u00eb pasht\u00eb jan\u00eb n\u00eb Has (6), Puk\u00eb (1), Shkod\u00ebr (2), Lezh\u00eb (1), Tiran\u00eb (3), Durr\u00ebs (1), Kavaj\u00eb (1) dhe Elbasan (3).<\/span><\/p>\n<p><span style=\"color: #000000;\">Tirana vijon t\u00eb ket\u00eb numrin m\u00eb t\u00eb lart\u00eb t\u00eb t\u00eb infektuarve n\u00eb vend, nd\u00ebrsa n\u00eb 24 or\u00ebt e fundit rritja m\u00eb e ndjeshme \u00ebsht\u00eb sh\u00ebnuar n\u00eb Has, me plot 6 raste t\u00eb reja.<\/span><\/p>\n<p><a href=\"https:\/\/hashtag.al\/wp-content\/uploads\/2020\/04\/Harta-e-RE-2-1.jpg\"><img loading=\"lazy\" decoding=\"async\" class=\"aligncenter size-full wp-image-364746\" src=\"https:\/\/hashtag.al\/wp-content\/uploads\/2020\/04\/Harta-e-RE-2-1.jpg\" alt=\"\" width=\"662\" height=\"508\" srcset=\"https:\/\/www.hashtag.al\/wp-content\/uploads\/2020\/04\/Harta-e-RE-2-1.jpg 662w, https:\/\/www.hashtag.al\/wp-content\/uploads\/2020\/04\/Harta-e-RE-2-1-300x230.jpg 300w\" sizes=\"auto, (max-width: 662px) 100vw, 662px\" \/><\/a><\/p>\n<p><span style=\"color: #000000;\">Nd\u00ebrkoh\u00eb numri i viktimave ka shkuar n\u00eb 16. Ministria e Sh\u00ebndet\u00ebsis\u00eb dha lajmin se nj\u00eb tjet\u00ebr pacient ka nd\u00ebrruar jet\u00eb sot n\u00eb spitalin Infektiv n\u00eb Tiran\u00eb, duke humbur luft\u00ebn me koronavirusin.<\/span><\/p>\n<p><span style=\"color: #000000;\">B\u00ebhet fjal\u00eb p\u00ebr nj\u00eb 78- vje\u00e7ar nga Durr\u00ebsi i cili ishte n\u00eb gjendje t\u00eb r\u00ebnd\u00eb n\u00eb Spitalin Infektiv, i intubuar prej 3 dit\u00ebsh dhe pavar\u00ebsisht p\u00ebrpjekjeve t\u00eb stafit mjek\u00ebsor fatkeq\u00ebsisht nuk arriti t\u00eb mbijetoj\u00eb.\u00a0<\/span><\/p>\n<p><span style=\"color: #000000;\">Mes 277 t\u00eb infektuarve, 8 prej tyre jan\u00eb f\u00ebmij\u00eb.<\/span><\/p>\n<p><span style=\"color: #000000;\"><strong>T\u00cb DH\u00cbNAT E FUNDIT<\/strong><\/span><\/p>\n<p><span style=\"color: #000000;\">N\u00eb vijim t\u00eb komunikimit t\u00eb p\u00ebrditsh\u00ebm, Ju b\u00ebjm\u00eb me dije se vazhdon puna n\u00eb terren p\u00ebr identifikimin e rasteve t\u00eb reja dhe gjurmimin e kontakteve t\u00eb rasteve t\u00eb konfirmuara pozitive.<\/span><br \/>\n<span style=\"color: #000000;\">Epidemiolog\u00ebt n\u00eb \u00e7do nj\u00ebsi vendore t\u00eb kujdesit sh\u00ebndet\u00ebsor nga veriu n\u00eb jug, jan\u00eb n\u00eb terren dhe po b\u00ebjn\u00eb nj\u00eb pun\u00eb t\u00eb jasht\u00ebzakonshme p\u00ebr t\u00eb identifikuar n\u00eb koh\u00eb kontaktet, pas verifikimit t\u00eb rasteve t\u00eb dyshuara.<\/span><br \/>\n<span style=\"color: #000000;\">Ju b\u00ebjm\u00eb me dije se m\u00ebngjesin e sot\u00ebm ka nd\u00ebrruar jet\u00eb nj\u00eb pacient 78- vje\u00e7ar nga Durr\u00ebsi i konfirmuar me COVID-19. 78-vjecari ishte n\u00eb gjendje t\u00eb r\u00ebnd\u00eb, i intubuar prej 3 dit\u00ebsh dhe pavar\u00ebsisht p\u00ebrpjekjeve t\u00eb stafit mjek\u00ebsor fatkeq\u00ebsisht nuk arriti t\u00eb mbijetoj\u00eb.<\/span><br \/>\n<span style=\"color: #000000;\">Ministria e Sh\u00ebndet\u00ebsis\u00eb dhe Mbrotjes Sociale i shpreh ngush\u00ebllimet familjes s\u00eb t\u00eb ndjerit.<\/span><br \/>\n<span style=\"color: #000000;\">Deri tani jan\u00eb 16 persona q\u00eb kan\u00eb nd\u00ebrrur jet\u00eb nga COVID-19 n\u00eb Shqip\u00ebri.<\/span><\/p>\n<p><span style=\"color: #000000;\">N\u00eb 24 or\u00ebt e fundit jan\u00eb testuar 96 persona t\u00eb dyshuar, prej t\u00eb cil\u00ebve jan\u00eb konfirmuar 18 raste t\u00eb reja me COVID-19.<\/span><br \/>\n<span style=\"color: #000000;\">Deri n\u00eb k\u00ebto momente jan\u00eb testuar 1919 raste t\u00eb dyshuara dhe prej tyre jan\u00eb t\u00eb konfirmuar pozitiv\u00eb me COVID-19, 277 raste, nga t\u00eb cil\u00ebt vet\u00ebm 8 jan\u00eb femij\u00eb. Mosha mesatare e rasteve pozitve me COVID-19 \u00ebsht\u00eb 50 vje\u00e7.<\/span><br \/>\n<span style=\"color: #000000;\">Lajmi i mir\u00eb \u00ebsht\u00eb q\u00eb gjat\u00eb 24 or\u00ebve t\u00eb fundit kemi 9 pacient\u00eb t\u00eb sh\u00ebruar duke e \u00e7uar numrin e t\u00eb sh\u00ebruarve nga COVID-19 n\u00eb 76.<\/span><br \/>\n<span style=\"color: #000000;\">Sot jan\u00eb testuar edhe 9 personel sh\u00ebndet\u00ebsor t\u00eb cil\u00ebt kan\u00eb rezultuar negativ\u00eb.<\/span><br \/>\n<span style=\"color: #000000;\">N\u00eb sh\u00ebrbimin infektiv aktualisht jan\u00eb 81 t\u00eb shtruar. 8 prej tyre jan\u00eb n\u00eb terapi intensive nd\u00ebrsa 4 nga k\u00ebta jan\u00eb t\u00eb intubuar. Pjesa tjet\u00ebr e t\u00eb shtruarve n\u00eb pavion jan\u00eb n\u00eb gjendje t\u00eb stabilizuar deri n\u00eb k\u00ebto momente. Nd\u00ebrkoh\u00eb n\u00eb spitalin COVID 2 \u201cShefqet Ndroqi\u201d kemi 1 pacient t\u00eb shtruar.<\/span><br \/>\n<span style=\"color: #000000;\">Harta e t\u00eb prekurve nga COVID-19 zgjerohet n\u00eb Tiran\u00eb, Durr\u00ebs, Kavaj\u00eb, Lezh\u00eb, Has, Elbasan, Shkod\u00ebr dhe Puk\u00eb, p\u00ebrve\u00e7 rasteve t\u00eb zbuluar p\u00ebr t\u00eb cilat po kryhet hetimi epidemiologjik dhe ku po punohet me shum\u00eb intesitet nga epidemiolog\u00ebt p\u00ebr gjurmimin e kontakteve t\u00eb rasteve pozitive dhe nd\u00ebrprerjen e zinxhirit t\u00eb transmetimit t\u00eb infeksionit.<\/span><br \/>\n<span style=\"color: #000000;\">Shp\u00ebrndarja gjeografike e rasteve pozitive, \u00ebsht\u00eb si vijon:<\/span><br \/>\n<span style=\"color: #000000;\">\u2013 Tiran\u00eb 143 raste<\/span><br \/>\n<span style=\"color: #000000;\">\u2013 Durr\u00ebs 30 raste<\/span><br \/>\n<span style=\"color: #000000;\">\u2013 Lushnje 4 raste<\/span><br \/>\n<span style=\"color: #000000;\">\u2013 Elbasan 8 raste<\/span><br \/>\n<span style=\"color: #000000;\">\u2013 Fier 23 raste<\/span><br \/>\n<span style=\"color: #000000;\">\u2013 Kavaj\u00eb 6 raste<\/span><br \/>\n<span style=\"color: #000000;\">\u2013 Rrogozhin\u00eb 2 raste<\/span><br \/>\n<span style=\"color: #000000;\">\u2013 Kor\u00e7\u00eb 16 raste<\/span><br \/>\n<span style=\"color: #000000;\">\u2013 Vlor\u00eb 5 raste<\/span><br \/>\n<span style=\"color: #000000;\">\u2013 Shkod\u00ebr 10 raste<\/span><br \/>\n<span style=\"color: #000000;\">\u2013 Lezh\u00eb 6 raste<\/span><br \/>\n<span style=\"color: #000000;\">\u2013 Berat 1 rast<\/span><br \/>\n<span style=\"color: #000000;\">\u2013 Has 8 raste<\/span><br \/>\n<span style=\"color: #000000;\">\u2013 Kruj\u00eb 5 raste<\/span><br \/>\n<span style=\"color: #000000;\">-Tropoj\u00eb 4 raste<\/span><br \/>\n<span style=\"color: #000000;\">\u2013 Puk\u00eb 4 raste<\/span><br \/>\n<span style=\"color: #000000;\">\u2013 Mirdit\u00eb 2 raste<\/span><\/p>\n<p><span style=\"color: #000000;\">Ministria e Sh\u00ebndet\u00ebsis\u00eb dhe Mbrojtjes Sociale i k\u00ebrkon qytetar\u00ebve t\u00eb vijojn\u00eb t\u00eb respektojn\u00eb masat e distancimit social.<\/span><br \/>\n<span style=\"color: #000000;\">Ministria e Sh\u00ebndet\u00ebsis\u00eb apelon qytetar\u00ebt t\u00eb telefonojn\u00eb n\u00eb numrin 0800 40 40 p\u00ebr p\u00ebrfitimin e barnave me rimbursim dhe cdo pyetje p\u00ebr COVID-19 nd\u00ebrsa n\u00eb numrin e urgjenc\u00ebs komb\u00ebtare 127 duhet t\u00eb telefonojn\u00eb n\u00ebse dyshojn\u00eb se kan\u00eb shenja t\u00eb COVID-19.<strong>\/Hashtag.al<\/strong><\/span><\/p>\n","protected":false,"gt_translate_keys":[{"key":"rendered","format":"html"}]},"excerpt":{"rendered":"<p>18 raste t\u00eb reja jan\u00eb regjistruar n\u00eb 24 or\u00ebt e fundit me koronavirus n\u00eb vendin ton\u00eb, duke e \u00e7uar numrin e p\u00ebrgjithsh\u00ebm t\u00eb t\u00eb infektuarve n\u00eb 277. Rastet e reja t\u00eb konfirmuara me koronavirus si\u00e7 v\u00ebrehet dhe n\u00eb hart\u00ebn e ilustruar m\u00eb pasht\u00eb jan\u00eb n\u00eb Has (6), Puk\u00eb (1), Shkod\u00ebr (2), Lezh\u00eb (1), Tiran\u00eb (3), [&hellip;]<\/p>\n","protected":false,"gt_translate_keys":[{"key":"rendered","format":"html"}]},"author":30,"featured_media":364272,"comment_status":"open","ping_status":"open","sticky":false,"template":"","format":"standard","meta":{"footnotes":""},"categories":[22,65,13],"tags":[],"class_list":["post-364737","post","type-post","status-publish","format-standard","has-post-thumbnail","hentry","category-ballina","category-lajme","category-te-fundit"],"gt_translate_keys":[{"key":"link","format":"url"}],"_links":{"self":[{"href":"https:\/\/www.hashtag.al\/index.php\/wp-json\/wp\/v2\/posts\/364737","targetHints":{"allow":["GET"]}}],"collection":[{"href":"https:\/\/www.hashtag.al\/index.php\/wp-json\/wp\/v2\/posts"}],"about":[{"href":"https:\/\/www.hashtag.al\/index.php\/wp-json\/wp\/v2\/types\/post"}],"author":[{"embeddable":true,"href":"https:\/\/www.hashtag.al\/index.php\/wp-json\/wp\/v2\/users\/30"}],"replies":[{"embeddable":true,"href":"https:\/\/www.hashtag.al\/index.php\/wp-json\/wp\/v2\/comments?post=364737"}],"version-history":[{"count":0,"href":"https:\/\/www.hashtag.al\/index.php\/wp-json\/wp\/v2\/posts\/364737\/revisions"}],"wp:featuredmedia":[{"embeddable":true,"href":"https:\/\/www.hashtag.al\/index.php\/wp-json\/wp\/v2\/media\/364272"}],"wp:attachment":[{"href":"https:\/\/www.hashtag.al\/index.php\/wp-json\/wp\/v2\/media?parent=364737"}],"wp:term":[{"taxonomy":"category","embeddable":true,"href":"https:\/\/www.hashtag.al\/index.php\/wp-json\/wp\/v2\/categories?post=364737"},{"taxonomy":"post_tag","embeddable":true,"href":"https:\/\/www.hashtag.al\/index.php\/wp-json\/wp\/v2\/tags?post=364737"}],"curies":[{"name":"wp","href":"https:\/\/api.w.org\/{rel}","templated":true}]}}