{"id":364427,"date":"2020-03-31T22:31:16","date_gmt":"2020-03-31T20:31:16","guid":{"rendered":"https:\/\/hashtag.al\/?p=364427"},"modified":"2020-03-31T22:31:16","modified_gmt":"2020-03-31T20:31:16","slug":"u-rikthye-pas-daljes-ne-pension-te-ndihmonte-ndaj-koronavirusit-mjeku-kraja-preket-nga-koronavirusi","status":"publish","type":"post","link":"https:\/\/www.hashtag.al\/index.php\/2020\/03\/31\/u-rikthye-pas-daljes-ne-pension-te-ndihmonte-ndaj-koronavirusit-mjeku-kraja-preket-nga-koronavirusi\/","title":{"rendered":"U rikthye pas daljes n\u00eb pension t\u00eb ndihmonte ndaj koronavirusit, mjeku Kraja preket nga koronavirusi","gt_translate_keys":[{"key":"rendered","format":"text"}]},"content":{"rendered":"<p><img loading=\"lazy\" decoding=\"async\" class=\"aligncenter size-full wp-image-364428\" src=\"https:\/\/hashtag.al\/wp-content\/uploads\/2020\/03\/1585387680_mjeku.jpg\" alt=\"\" width=\"780\" height=\"440\" srcset=\"https:\/\/www.hashtag.al\/wp-content\/uploads\/2020\/03\/1585387680_mjeku.jpg 780w, https:\/\/www.hashtag.al\/wp-content\/uploads\/2020\/03\/1585387680_mjeku-300x169.jpg 300w, https:\/\/www.hashtag.al\/wp-content\/uploads\/2020\/03\/1585387680_mjeku-768x433.jpg 768w\" sizes=\"auto, (max-width: 780px) 100vw, 780px\" \/><\/p>\n<p><span style=\"color: #000000;\">Mjeku Dhimit\u00ebr Kraja i cili ishte i dal\u00eb n\u00eb pension por q\u00eb iu p\u00ebrgjigj menj\u00ebher\u00eb thirrjes p\u00ebr t\u00eb ndihmuar n\u00eb luft\u00ebn ndaj koronavirusit rezulton t\u00eb jet\u00eb prekur.<\/span><\/p>\n<p><span style=\"color: #000000;\">Lajmin e ka b\u00ebr\u00eb t\u00eb ditur mjeku tjet\u00ebr i Spitalit infektiv, P\u00ebllumb Pipero.<\/span><\/p>\n<p><span style=\"color: #000000;\">\u201c<em>\u00cbsht\u00eb shtruar profesor Dhimitri (Dhimit\u00ebr Kraja) q\u00eb ka qen\u00eb shef i spitalit. Profesor Dhimitri u rikthye n\u00eb detyr\u00eb pasi kishte dal\u00eb n\u00eb pension. Mesa di \u00ebsht\u00eb shtruar dje dhe ka shenja t\u00eb lehta\u201d-<\/em>tha Pipero.<\/span><\/p>\n<p><img loading=\"lazy\" decoding=\"async\" class=\"aligncenter size-full wp-image-362706\" src=\"https:\/\/hashtag.al\/wp-content\/uploads\/2020\/03\/pipero-1.jpg\" alt=\"\" width=\"1280\" height=\"853\" srcset=\"https:\/\/www.hashtag.al\/wp-content\/uploads\/2020\/03\/pipero-1.jpg 1280w, https:\/\/www.hashtag.al\/wp-content\/uploads\/2020\/03\/pipero-1-300x200.jpg 300w, https:\/\/www.hashtag.al\/wp-content\/uploads\/2020\/03\/pipero-1-768x512.jpg 768w, https:\/\/www.hashtag.al\/wp-content\/uploads\/2020\/03\/pipero-1-1024x682.jpg 1024w\" sizes=\"auto, (max-width: 1280px) 100vw, 1280px\" \/><\/p>\n","protected":false,"gt_translate_keys":[{"key":"rendered","format":"html"}]},"excerpt":{"rendered":"<p>Mjeku Dhimit\u00ebr Kraja i cili ishte i dal\u00eb n\u00eb pension por q\u00eb iu p\u00ebrgjigj menj\u00ebher\u00eb thirrjes p\u00ebr t\u00eb ndihmuar n\u00eb luft\u00ebn ndaj koronavirusit rezulton t\u00eb jet\u00eb prekur. Lajmin e ka b\u00ebr\u00eb t\u00eb ditur mjeku tjet\u00ebr i Spitalit infektiv, P\u00ebllumb Pipero. \u201c\u00cbsht\u00eb shtruar profesor Dhimitri (Dhimit\u00ebr Kraja) q\u00eb ka qen\u00eb shef i spitalit. Profesor Dhimitri u [&hellip;]<\/p>\n","protected":false,"gt_translate_keys":[{"key":"rendered","format":"html"}]},"author":32,"featured_media":364428,"comment_status":"open","ping_status":"open","sticky":false,"template":"","format":"standard","meta":{"footnotes":""},"categories":[65,13],"tags":[],"class_list":["post-364427","post","type-post","status-publish","format-standard","has-post-thumbnail","hentry","category-lajme","category-te-fundit"],"gt_translate_keys":[{"key":"link","format":"url"}],"_links":{"self":[{"href":"https:\/\/www.hashtag.al\/index.php\/wp-json\/wp\/v2\/posts\/364427","targetHints":{"allow":["GET"]}}],"collection":[{"href":"https:\/\/www.hashtag.al\/index.php\/wp-json\/wp\/v2\/posts"}],"about":[{"href":"https:\/\/www.hashtag.al\/index.php\/wp-json\/wp\/v2\/types\/post"}],"author":[{"embeddable":true,"href":"https:\/\/www.hashtag.al\/index.php\/wp-json\/wp\/v2\/users\/32"}],"replies":[{"embeddable":true,"href":"https:\/\/www.hashtag.al\/index.php\/wp-json\/wp\/v2\/comments?post=364427"}],"version-history":[{"count":0,"href":"https:\/\/www.hashtag.al\/index.php\/wp-json\/wp\/v2\/posts\/364427\/revisions"}],"wp:featuredmedia":[{"embeddable":true,"href":"https:\/\/www.hashtag.al\/index.php\/wp-json\/wp\/v2\/media\/364428"}],"wp:attachment":[{"href":"https:\/\/www.hashtag.al\/index.php\/wp-json\/wp\/v2\/media?parent=364427"}],"wp:term":[{"taxonomy":"category","embeddable":true,"href":"https:\/\/www.hashtag.al\/index.php\/wp-json\/wp\/v2\/categories?post=364427"},{"taxonomy":"post_tag","embeddable":true,"href":"https:\/\/www.hashtag.al\/index.php\/wp-json\/wp\/v2\/tags?post=364427"}],"curies":[{"name":"wp","href":"https:\/\/api.w.org\/{rel}","templated":true}]}}