{"id":364422,"date":"2020-03-31T22:15:35","date_gmt":"2020-03-31T20:15:35","guid":{"rendered":"https:\/\/hashtag.al\/?p=364422"},"modified":"2020-03-31T22:20:34","modified_gmt":"2020-03-31T20:20:34","slug":"bamiresia-e-interesit-te-edi-rames","status":"publish","type":"post","link":"https:\/\/www.hashtag.al\/index.php\/2020\/03\/31\/bamiresia-e-interesit-te-edi-rames\/","title":{"rendered":"Bamir\u00ebsia e interesit t\u00eb Edi Ram\u00ebs","gt_translate_keys":[{"key":"rendered","format":"text"}]},"content":{"rendered":"<p><img loading=\"lazy\" decoding=\"async\" class=\"aligncenter size-full wp-image-364423\" src=\"https:\/\/hashtag.al\/wp-content\/uploads\/2020\/03\/Italiani-e-albanesi.jpg\" alt=\"\" width=\"800\" height=\"533\" srcset=\"https:\/\/www.hashtag.al\/wp-content\/uploads\/2020\/03\/Italiani-e-albanesi.jpg 800w, https:\/\/www.hashtag.al\/wp-content\/uploads\/2020\/03\/Italiani-e-albanesi-300x200.jpg 300w, https:\/\/www.hashtag.al\/wp-content\/uploads\/2020\/03\/Italiani-e-albanesi-768x512.jpg 768w\" sizes=\"auto, (max-width: 800px) 100vw, 800px\" \/><\/p>\n<p><span style=\"color: #000000;\"><em><strong>Nga Carloalberto Rossi*<\/strong><\/em><\/span><\/p>\n<p><span style=\"color: #000000;\">I dashur Neritan,<\/span><\/p>\n<p><span style=\"color: #000000;\">E lexova me shum\u00eb interes\u00a0<strong><span style=\"color: #0000ff;\"><a style=\"color: #0000ff;\" href=\"https:\/\/exit.al\/2020\/03\/dy-fjale-pa-cinizem-per-propaganden-dhe-realitetin-e-misionit-shendetesor-ne-itali\/\" target=\"_blank\" rel=\"noopener noreferrer\">komentin t\u00ebnd<\/a>\u00a0<\/span><\/strong>dje mbi misionin e famsh\u00ebm t\u00eb mjek\u00ebve shqiptar\u00eb n\u00eb Itali. M\u00eb lejo t\u00eb t\u00eb shpreh disa mendime t\u00eb miat.<\/span><\/p>\n<p><span style=\"color: #000000;\">Si gjithmon\u00eb dhe shpesh me q\u00ebllim, kur flitet p\u00ebr marr\u00ebdh\u00ebniet italo-shqiptare prodhohen ngat\u00ebrr\u00ebsa mes rrafsheve t\u00eb ndryshme\u2014mes marr\u00ebdh\u00ebnieve nd\u00ebrmjet dy popujve dhe atyre nd\u00ebrmjet dy qeverive; mes thelbit konkret dhe propagand\u00ebs s\u00eb imazhit; mes politikave dhe taktik\u00ebs; mes historis\u00eb s\u00eb v\u00ebrtet\u00eb dhe historis\u00eb s\u00eb manipuluar nga propaganda; mes dashuris\u00eb dhe frik\u00ebs; mes leverdis\u00eb dhe shpres\u00ebs; mes iluzionit dhe miteve\u2014ashtu edhe mes shum\u00eb an\u00ebve plot drit\u00ebhije, q\u00eb ka prodhuar n\u00eb shekuj raporti i gjat\u00eb dhe i nd\u00ebrlikuar historik, i cili deri tani nuk \u00ebsht\u00eb shqyrtuar asnj\u00ebher\u00eb pa lentet e propagand\u00ebs.<\/span><\/p>\n<p><span style=\"color: #000000;\">Q\u00eb shum\u00eb, madje jasht\u00ebzakonisht shum\u00eb shqiptar\u00eb e duam Italin\u00eb, kjo \u00ebsht\u00eb e padiskutueshme; q\u00eb Italia e ka ndihmuar gjithmon\u00eb Shqip\u00ebrin\u00eb, edhe kjo \u00ebsht\u00eb e padiskutueshme, por q\u00eb k\u00ebto t\u00eb dyja kan\u00eb ndikuar pozitivisht n\u00eb marr\u00ebdh\u00ebniet institucionale mes dy vendeve, kjo \u00ebsht\u00eb tez\u00eb q\u00eb nuk mund t\u00eb mbrohet me siguri.<\/span><\/p>\n<p><span style=\"color: #000000;\">Q\u00eb shqiptar\u00ebt shpesh jan\u00eb bujar\u00eb me at\u00eb q\u00eb \u00ebsht\u00eb i dob\u00ebt dhe n\u00eb v\u00ebshtir\u00ebsi, \u00ebsht\u00eb e v\u00ebrtet\u00eb, dhe p\u00ebr k\u00ebt\u00eb un\u00eb ofroj si d\u00ebshmi p\u00ebrvoj\u00ebn time\u2014por q\u00eb shqiptar\u00ebt, si kultura dominuese n\u00eb popullsin\u00eb e Shqip\u00ebris\u00eb (me disa p\u00ebrjashtime), jan\u00eb mir\u00ebnjoh\u00ebs n\u00eb m\u00ebnyr\u00eb racionale, t\u00eb q\u00ebndrueshme dhe konkrete me k\u00ebdo, kjo \u00ebsht\u00eb n\u00eb p\u00ebrgjith\u00ebsi nj\u00eb vler\u00ebsim\u00a0i pamatur, q\u00eb rr\u00ebzohet nga kronika e p\u00ebrditshme dhe historia e vendit dhe q\u00eb d\u00ebshmohet nga tensionet e p\u00ebrditshme nd\u00ebrpersonale t\u00eb jet\u00ebs shqiptare.<\/span><\/p>\n<p><span style=\"color: #000000;\">Q\u00eb veprimi i Ram\u00ebs ka prodhuar nj\u00eb jehon\u00eb t\u00eb jasht\u00ebzakonshme mediatike n\u00eb Itali, \u00ebsht\u00eb sigurisht e v\u00ebrtet\u00eb, dhe q\u00eb kjo jehon\u00eb ka krijuar shum\u00eb emocione pozitive, \u00ebsht\u00eb gjithashtu e v\u00ebrtet\u00eb\u2014por q\u00eb ky reagim italian \u00ebsht\u00eb n\u00eb shp\u00ebrpjes\u00ebtim t\u00eb jasht\u00ebzakonsh\u00ebm me p\u00ebrmasat e v\u00ebrteta t\u00eb ndodhis\u00eb, kjo v\u00ebrtetohet leht\u00ebsisht po t\u2019i hedh\u00ebsh nj\u00eb nj\u00eb sy list\u00ebs s\u00eb gati 10 mij\u00eb mjek\u00ebve dhe 20 mij\u00eb infermier\u00ebve italian\u00eb q\u00eb i jan\u00eb p\u00ebrgjigjur thirrjes s\u00eb qeveris\u00eb p\u00ebr t\u00eb punuar p\u00ebrkoh\u00ebsisht n\u00eb spitale, dhe p\u00ebr nj\u00eb shp\u00ebrblim shum\u00eb her\u00eb m\u00eb t\u00eb vog\u00ebl se sa ai q\u00eb do t\u00eb marrin mjek\u00ebt dhe infermier\u00ebt shqiptar\u00eb nga qeveria e tyre.<\/span><\/p>\n<p><span style=\"color: #000000;\">Fatkeq\u00ebsisht edhe k\u00ebsaj here, Rama dhe qeveria shqiptare zgjodh\u00ebn rrug\u00ebn boshe, n\u00eb aj\u00ebr, at\u00eb t\u00eb propagand\u00ebs, apo si\u00e7 e quajn\u00eb n\u00eb Evrop\u00eb \u201ckomunikimit publik\u201d, n\u00eb vend t\u00eb rrug\u00ebs konkrete dhe m\u00eb t\u00eb v\u00ebshtir\u00eb t\u00eb p\u00ebrmbajtjes.<\/span><\/p>\n<p><span style=\"color: #000000;\">Edhe k\u00ebsaj here, shum\u00eb shqiptar\u00eb t\u00eb Italis\u00eb u g\u00ebnjyen nga emocioni i \u00e7astit dhe jo nga cil\u00ebsia e v\u00ebrtet\u00eb e produktit \u201cShqip\u00ebri\u201d, q\u00eb \u00ebsht\u00eb i vetmi marketing q\u00eb mund t\u00eb p\u00ebrmir\u00ebsoj\u00eb realisht gjendjen e tyre si t\u00eb huaj q\u00eb po integrohen n\u00eb shoq\u00ebrin\u00eb italiane.<\/span><\/p>\n<p><span style=\"color: #000000;\">Ata e lan\u00eb veten t\u00eb mashtrohen edhe nj\u00eb her\u00eb nga i nj\u00ebjti mekaniz\u00ebm q\u00eb i detyroi t\u00eb merrnin rrug\u00ebt dhe t\u00eb emigronin.<\/span><\/p>\n<p><span style=\"color: #000000;\">Ky produkt, q\u00eb me k\u00ebt\u00eb l\u00ebvizje gjeniale marketingu e vesh\u00ebm si p\u00ebr fest\u00eb, \u00ebsht\u00eb nj\u00eb produkt shum\u00eb i dob\u00ebt i nj\u00eb sistemi q\u00eb edhe nj\u00eb her\u00eb nuk arrin t\u00eb merret me f\u00ebmij\u00ebt dhe me qytetar\u00ebt e vet, as n\u00eb atdhe dhe as jasht\u00eb tij, as p\u00ebr t\u2019i ushqyer dhe as p\u00ebr t\u2019i kuruar.<\/span><\/p>\n<p><span style=\"color: #000000;\">Dhe ky sistem mund t\u00eb mbijetoj\u00eb prap\u00eb edhe p\u00ebr ca koh\u00eb fal\u00eb k\u00ebtyre trukimeve mediatike.<\/span><\/p>\n<p><span style=\"color: #000000;\">N\u00eb sistemin kulturor kristian t\u00eb solidaritetit, m\u00ebshira, bamir\u00ebsia b\u00ebhen n\u00eb heshtje, sepse t\u00eb tregosh mburrje \u00ebsht\u00eb nj\u00eb m\u00ebkat i madh, sepse bamir\u00ebsia b\u00ebhet ngaq\u00eb \u00ebsht\u00eb e drejt\u00eb dhe sepse \u00ebsht\u00eb nj\u00eb dhunti nga Zoti.<\/span><\/p>\n<p><span style=\"color: #000000;\">M\u00eb pas erdh\u00ebn spekullant\u00ebt e OJQ-ve dhe dhurues t\u00eb tjer\u00eb interesaxhinj privat\u00eb, t\u00eb cil\u00ebt kan\u00eb nd\u00ebrtuar nj\u00eb model biznesi dhe nj\u00eb instrument sundimi.<\/span><\/p>\n<p><span style=\"color: #000000;\">N\u00eb ndihmat ushqimore t\u00eb Italis\u00eb n\u00eb vitin 1991 shkruhej vet\u00ebn \u201cDhurat\u00eb nga qeveria italiane\u201d dhe askush nuk e mban mend q\u00eb kryeministri i at\u00ebhersh\u00ebm ishte Xhulio Andreoti, nd\u00ebrsa n\u00eb Shqip\u00ebri filluan t\u00eb vepronin dhjetra vullnetar\u00eb pa fytyr\u00eb dhe pa em\u00ebr t\u00eb Caritas-it dhe t\u00eb shum\u00eb organizatave t\u00eb tjera v\u00ebrtet\u00eb jo-fitimprur\u00ebse.<\/span><\/p>\n<p><span style=\"color: #000000;\">Pra, n\u00ebse qeveria shqiptare do t\u00eb kishte shoq\u00ebruar 30 vullnetar\u00eb t\u00eb v\u00ebrtet\u00eb dhe pa daulle, at\u00ebher\u00eb do t\u00eb kishim par\u00eb nj\u00eb gjest t\u00eb madh t\u00eb solidaritetit t\u00eb popullit shqiptar.<\/span><\/p>\n<p><span style=\"color: #000000;\">Do t\u00eb kishte qen\u00eb nj\u00eb vep\u00ebr e v\u00ebrtet\u00eb bamir\u00ebsie, n\u00ebse nuk do t\u00eb kishin nd\u00ebrhyr\u00eb deklarimet retorike t\u00eb nj\u00eb kryeministri q\u00eb prej gati 7 vitesh vazhdon t\u00eb tallet me Italin\u00eb, duke i lejuar vetes t\u00eb p\u00ebrhapin vazhdimisht numra dhe histori false, por funksionale p\u00ebr q\u00ebllimet e strategjive t\u00eb komunikimit. Do t\u00eb kishte qen\u00eb akoma m\u00eb shum\u00eb bamir\u00ebsi e ndershme n\u00ebse nuk do t\u00eb pasohej nga intervista t\u00eb vazhdueshme t\u00eb Ram\u00ebs, miti shum\u00eb i kuruar i t\u00eb cilit koh\u00ebt e fundit \u00ebsht\u00eb zvenitur dhe ka nevoj\u00eb p\u00ebr shk\u00eblqim.<\/span><\/p>\n<p><span style=\"color: #000000;\">Ajo q\u00eb pam\u00eb dje ishte n\u00eb fakt nj\u00eb skenografi groteske, nj\u00eb mund\u00ebsi e krijuar q\u00ebllimisht p\u00ebr t\u00eb b\u00ebr\u00eb foto me 30 \u201cvullnetar\u00ebt\u201d shqiptar\u00eb q\u00eb zbresin nga avioni t\u00eb veshur me rroba t\u00eb bardha mbrojt\u00ebse, t\u00eb pritur n\u00eb shkall\u00ebt e avionit nga nj\u00eb spekullant po kaq i madh, i cili kam kam frik\u00eb ka qen\u00eb edhe regjizor, p\u00ebrve\u00e7se p\u00ebrfitues i spektaklit\u2014ministri italian, i cili pa asnj\u00eb dyshim \u00ebsht\u00eb\u00a0idhtar i s\u00eb nj\u00ebjt\u00ebs shkoll\u00eb si e kryeministrit shqiptar, sipas s\u00eb cil\u00ebs \u00ebsht\u00eb m\u00eb e r\u00ebnd\u00ebsishme t\u00eb propagandosh sesa t\u00eb b\u00ebsh.<\/span><\/p>\n<p><span style=\"color: #000000;\">Dhe k\u00ebtu, fatkeq\u00ebsisht, i dashur Neritan, t\u00eb shpreh nj\u00eb dyshim timin, fatkeq\u00ebsisht t\u00eb dhimbsh\u00ebm p\u00ebr mua, se tashm\u00eb ndihem patriot i t\u00eb dy kombeve.<\/span><\/p>\n<p><span style=\"color: #000000;\">Ende nuk e kam kuptuar n\u00ebse ky teat\u00ebr lindi nga nj\u00eb ide e Ram\u00ebs apo nga nj\u00eb ide e Italis\u00eb, sepse reagimi n\u00eb kor i mediave t\u00eb lidhura me qeverin\u00eb n\u00eb Itali t\u00eb b\u00ebn t\u00eb mendosh shum\u00eb, me mbip\u00ebrpjekjen e tyre t\u00eb madhe mediatike dhe nj\u00eb lum\u00eb editorialesh t\u00eb emb\u00eblsuara, tonet dhe retorik\u00ebn n\u00eb shp\u00ebrpjestim me gjestin.<\/span><\/p>\n<p><span style=\"color: #000000;\">Mediat e regjimit n\u00eb Itali prej disa dit\u00ebsh jan\u00eb angazhuar n\u00eb propagand\u00ebn me tem\u00ebn e solidaritetit kinez, rus, kuban, dhe tani shqiptar, p\u00ebr ta v\u00ebn\u00eb n\u00eb kontrast me solidaritetin e munguar t\u00eb Evrop\u00ebs.<\/span><\/p>\n<p><span style=\"color: #000000;\">Trupat mjek\u00ebsore t\u00eb diktaturave m\u00eb t\u00eb fundit bot\u00ebrore vijn\u00eb n\u00eb Itali dhe tregohen si suksese t\u00eb politik\u00ebs son\u00eb t\u00eb jashtme, e cila, fatkeq\u00ebsisht, pas shum\u00eb p\u00ebrbetimeve n\u00eb mb\u00ebshtetje t\u00eb parimeve demokratike, tani \u00ebsht\u00eb zvog\u00ebluar n\u00eb nivelin e mburrjes s\u00eb rolit (t\u00eb par\u00ebnd\u00ebsish\u00ebm) n\u00eb kriz\u00ebn sh\u00ebndet\u00ebsore t\u00eb ekipeve t\u00eb diktator\u00ebve, n\u00eb vend q\u00eb t\u00eb ballafaqohet me vendet e duhura p\u00ebr t\u00eb marr\u00eb at\u00eb q\u00eb na takon si komb.<\/span><\/p>\n<p><span style=\"color: #000000;\">Nj\u00eb qeveri e dob\u00ebt dhe politikisht me paterica (ajo italiane), e paaft\u00eb p\u00ebr nj\u00eb p\u00ebrgjigje t\u00eb organizuar efikase dhe t\u00eb menj\u00ebhershme (si\u00e7 tregonte, nd\u00ebr t\u00eb tjera, historia e 9 mij\u00eb mjek\u00ebve dhe 20 mij\u00eb infermier\u00ebve t\u00eb gatsh\u00ebm, por ende t\u00eb pavendosur n\u00eb frontin e pun\u00ebs), q\u00eb fshihet pas operacioneve propagandistike besuar qeverive diktatoriale t\u00eb dala nga historit\u00eb m\u00eb t\u00eb k\u00ebqija komuniste, secila me motivimet e veta t\u00eb \u201cekspansionit\u201d.<\/span><\/p>\n<p><span style=\"color: #000000;\">Dhe ndoshta, t\u00eb pakt\u00ebn nga ana e Italis\u00eb, edhe p\u00ebr t\u00eb rigjetur konsensusin e s\u00eb majt\u00ebs historike, e cila sot gjendet gjithnj\u00eb e m\u00eb shum\u00eb e p\u00ebrz\u00ebn\u00eb dhe e neveritur nga eksesi i shk\u00ebputjes s\u00eb pseudo-elit\u00ebs nga populli, duke joshur me aludimin e nj\u00eb t\u00eb shkuare q\u00eb asnj\u00ebher\u00eb nuk ishte e v\u00ebrtet\u00eb dhe p\u00ebr ta shp\u00ebrq\u00ebndruar nga nj\u00eb e tashme edhe m\u00eb shum\u00eb false.<\/span><\/p>\n<p><span style=\"color: #000000;\">N\u00eb k\u00ebt\u00eb kontekst, duket qart\u00eb sa delirante \u00ebsht\u00eb zgjedhja e Ram\u00ebs p\u00ebr t\u2019u akredituar\u00a0si pjes\u00eb e nj\u00eb grupimi t\u00eb mbetjeve t\u00eb diktaturave t\u00eb ish-komunist\u00ebve.<\/span><\/p>\n<p><span style=\"color: #000000;\">Kjo ndoshta mund t\u2019i lejoj\u00eb t\u00eb k\u00ebnaq\u00eb mendjemadh\u00ebsin\u00eb e vet prej lideri global, t\u00eb rreshtohet n\u00eb krah t\u00eb Rusis\u00eb dhe Kin\u00ebs, por n\u00eb fund, kur t\u00eb kaloj\u00eb emocioni, kjo histori do t\u00eb kujtohet si shfaqja e nj\u00eb idioti t\u00eb dobish\u00ebm n\u00eb nj\u00eb histori me diktatura t\u00eb rrezikshme dhe dinozaur\u00eb t\u00eb vjet\u00ebr.<\/span><\/p>\n<p><span style=\"color: #000000;\">Si shqiptar dhe italian dua q\u00eb dy qeverit\u00eb tona t\u00eb merren me \u00e7\u00ebshtje t\u00eb v\u00ebrteta dhe jo me propagand\u00eb. Dua q\u00eb qeveria italiane t\u00eb mos k\u00ebrkoj\u00eb l\u00ebmosh\u00eb ndaj mikpritjes shqiptare p\u00ebr klandestin\u00ebt e anijes Diccioti, ose t\u00eb mjek\u00ebve (p\u00ebr m\u00eb shum\u00eb n\u00eb pjes\u00eb t\u00eb madhe t\u00eb formuar nga sistemi yn\u00eb universitar) p\u00ebr t\u2019u pun\u00ebsuar p\u00ebrkoh\u00ebsisht n\u00eb Lombardi.<\/span><\/p>\n<p><span style=\"color: #000000;\">P\u00ebrkundrazi, do t\u00eb doja q\u00eb qeveria italiane t\u2019i k\u00ebrkonte qeveris\u00eb shqiptare t\u00eb nd\u00ebrmerrte nj\u00eb aksion efikas dhe t\u00eb sinqert\u00eb kund\u00ebr narkotrafikut, dhe vet\u00eb t\u00eb p\u00ebrzinte shum\u00eb trafikant\u00eb tremujor\u00eb tashm\u00eb t\u00eb bllokuar n\u00eb Itali pa viz\u00eb. Do t\u00eb doja q\u00eb qeveria italiane t\u00eb k\u00ebrkonte q\u00eb qeveria shqiptare ta tregonte solidaritetin e saj duke u ofruar ligjshm\u00ebri, mbrojtje dhe kushte t\u00eb nj\u00ebjta sip\u00ebrmarrjeve italiane n\u00eb Shqip\u00ebri, t\u00eb cilat u sigurojn\u00eb shum\u00eb shqiptar\u00ebve buk\u00ebn e p\u00ebrditshme me dinjitet, t\u00eb cilin atyre nuk ua\u00a0japin as qeveria dhe as oligark\u00ebt shqiptar\u00eb.<\/span><\/p>\n<p><span style=\"color: #000000;\">Dhe do t\u00eb doja q\u00eb n\u00eb vend q\u00eb t\u00eb shp\u00ebrdoronim fondet e bashk\u00ebpunimit, t\u00eb zotoheshin sinqerisht p\u00ebr t\u2019i investuar ato n\u00eb projekte t\u00eb v\u00ebrteta, dhe jo p\u00ebr propagand\u00ebn e zakonshme q\u00eb prodhon vet\u00ebm letra dhe koktejle. Do t\u00eb doja q\u00eb n\u00eb vend q\u00eb t\u00eb b\u00ebheshim bashk\u00ebpun\u00ebtor\u00eb n\u00eb vjedhjen e fondeve t\u00eb PPP p\u00ebr sterilizimin, t\u2019i investonin parat\u00eb italiane n\u00eb gj\u00ebra q\u00eb me t\u00eb v\u00ebrtet\u00eb duhen.<\/span><\/p>\n<p><span style=\"color: #000000;\">At\u00ebher\u00eb nuk do t\u00eb kishim m\u00eb nevoj\u00eb p\u00ebr t\u00eb marr\u00eb n\u00eb moment nevoje 10 mjek\u00eb dhe 20 infermier\u00eb nga Shqip\u00ebria, pasi as ata nuk do t\u00eb kishin nevoj\u00eb p\u00ebr t\u00eb mashtruar me k\u00ebto artifica t\u00eb kota, as n\u00eb Itali dhe as n\u00eb Shqip\u00ebri.<\/span><\/p>\n<p><span style=\"color: #000000;\">At\u00ebher\u00eb, shum\u00eb prej miqve tan\u00eb shqiptar\u00eb n\u00eb Itali dhe italian\u00eb n\u00eb Shqip\u00ebri do t\u00eb gjenin\u00a0respektin e duhur p\u00ebr t\u00eb krijuar nj\u00eb pun\u00eb dinjitoze, qoft\u00eb k\u00ebtu n\u00eb Itali qoft\u00eb aty n\u00eb Shqip\u00ebri.<\/span><\/p>\n<p><span style=\"color: #000000;\">Parma, 30 Mars 2020<\/span><\/p>\n<p><span style=\"color: #ff0000;\">*<span style=\"color: #000000;\"><em>Carloalberto Rossi \u00ebsht\u00eb bashk\u00ebthemelues dhe nj\u00eb nga redaktor\u00ebt e Exit News. Pas m\u00eb shum\u00eb se 25 vitesh n\u00eb Shqip\u00ebri, ai jeton tani n\u00eb Parma.<\/em><\/span><\/span><\/p>\n<p><strong><span style=\"color: #ff0000;\">VINI RE:<\/span><\/strong> Ky material \u00ebsht\u00eb pron\u00ebsi intelektuale e<strong><span style=\"color: #0000ff;\"> <a style=\"color: #0000ff;\" href=\"https:\/\/exit.al\/2020\/03\/bamiresi-interesi\/\">Exit News.al<\/a><\/span><\/strong><\/p>\n","protected":false,"gt_translate_keys":[{"key":"rendered","format":"html"}]},"excerpt":{"rendered":"<p>Nga Carloalberto Rossi* I dashur Neritan, E lexova me shum\u00eb interes\u00a0komentin t\u00ebnd\u00a0dje mbi misionin e famsh\u00ebm t\u00eb mjek\u00ebve shqiptar\u00eb n\u00eb Itali. M\u00eb lejo t\u00eb t\u00eb shpreh disa mendime t\u00eb miat. Si gjithmon\u00eb dhe shpesh me q\u00ebllim, kur flitet p\u00ebr marr\u00ebdh\u00ebniet italo-shqiptare prodhohen ngat\u00ebrr\u00ebsa mes rrafsheve t\u00eb ndryshme\u2014mes marr\u00ebdh\u00ebnieve nd\u00ebrmjet dy popujve dhe atyre nd\u00ebrmjet dy [&hellip;]<\/p>\n","protected":false,"gt_translate_keys":[{"key":"rendered","format":"html"}]},"author":32,"featured_media":364423,"comment_status":"open","ping_status":"open","sticky":false,"template":"","format":"standard","meta":{"footnotes":""},"categories":[65,13],"tags":[],"class_list":["post-364422","post","type-post","status-publish","format-standard","has-post-thumbnail","hentry","category-lajme","category-te-fundit"],"gt_translate_keys":[{"key":"link","format":"url"}],"_links":{"self":[{"href":"https:\/\/www.hashtag.al\/index.php\/wp-json\/wp\/v2\/posts\/364422","targetHints":{"allow":["GET"]}}],"collection":[{"href":"https:\/\/www.hashtag.al\/index.php\/wp-json\/wp\/v2\/posts"}],"about":[{"href":"https:\/\/www.hashtag.al\/index.php\/wp-json\/wp\/v2\/types\/post"}],"author":[{"embeddable":true,"href":"https:\/\/www.hashtag.al\/index.php\/wp-json\/wp\/v2\/users\/32"}],"replies":[{"embeddable":true,"href":"https:\/\/www.hashtag.al\/index.php\/wp-json\/wp\/v2\/comments?post=364422"}],"version-history":[{"count":0,"href":"https:\/\/www.hashtag.al\/index.php\/wp-json\/wp\/v2\/posts\/364422\/revisions"}],"wp:featuredmedia":[{"embeddable":true,"href":"https:\/\/www.hashtag.al\/index.php\/wp-json\/wp\/v2\/media\/364423"}],"wp:attachment":[{"href":"https:\/\/www.hashtag.al\/index.php\/wp-json\/wp\/v2\/media?parent=364422"}],"wp:term":[{"taxonomy":"category","embeddable":true,"href":"https:\/\/www.hashtag.al\/index.php\/wp-json\/wp\/v2\/categories?post=364422"},{"taxonomy":"post_tag","embeddable":true,"href":"https:\/\/www.hashtag.al\/index.php\/wp-json\/wp\/v2\/tags?post=364422"}],"curies":[{"name":"wp","href":"https:\/\/api.w.org\/{rel}","templated":true}]}}