{"id":364369,"date":"2020-03-31T18:18:03","date_gmt":"2020-03-31T16:18:03","guid":{"rendered":"https:\/\/hashtag.al\/?p=364369"},"modified":"2020-03-31T18:18:03","modified_gmt":"2020-03-31T16:18:03","slug":"ka-mbaruar-shkollen-vajza-e-infermierit-ismaili-qe-u-nis-ne-itali-publikon-dokumentet","status":"publish","type":"post","link":"https:\/\/www.hashtag.al\/index.php\/2020\/03\/31\/ka-mbaruar-shkollen-vajza-e-infermierit-ismaili-qe-u-nis-ne-itali-publikon-dokumentet\/","title":{"rendered":"&#8220;Ka mbaruar shkoll\u00ebn&#8221; &#8211; Vajza e infermierit Ismaili q\u00eb u nis n\u00eb Itali publikon dokumentet","gt_translate_keys":[{"key":"rendered","format":"text"}]},"content":{"rendered":"<p><img loading=\"lazy\" decoding=\"async\" class=\"aligncenter size-full wp-image-364373\" src=\"https:\/\/hashtag.al\/wp-content\/uploads\/2020\/03\/qazim-ismaili.jpg4_.png\" alt=\"\" width=\"908\" height=\"452\" srcset=\"https:\/\/www.hashtag.al\/wp-content\/uploads\/2020\/03\/qazim-ismaili.jpg4_.png 908w, https:\/\/www.hashtag.al\/wp-content\/uploads\/2020\/03\/qazim-ismaili.jpg4_-300x149.png 300w, https:\/\/www.hashtag.al\/wp-content\/uploads\/2020\/03\/qazim-ismaili.jpg4_-768x382.png 768w\" sizes=\"auto, (max-width: 908px) 100vw, 908px\" \/><\/p>\n<p><span style=\"color: #000000;\">Vajza e Qazim Ismailit, nj\u00ebrit nga 20 infermier\u00ebt shqiptar\u00eb q\u00eb jan\u00eb nisur drejt Italis\u00eb n\u00eb ndihm\u00eb t\u00eb koleg\u00ebve t\u00eb tyre ka reaguar pas lajmeve t\u00eb dit\u00ebs s\u00eb sotme, se ai ishte pompist karburanti. <\/span><\/p>\n<p><span style=\"color: #000000;\">Ajo ka publikuar disa dokumente zyrtare q\u00eb tregojn\u00eb profesionin e babait t\u00eb saj. Dokumentet jan\u00eb botuar ekskluzivisht nga faqja JOQ Albania. <\/span><\/p>\n<p><span style=\"color: #000000;\">N\u00eb mesazhin e saj ajo thot\u00eb se i ati ka kryer shkoll\u00ebn e duhur dhe se ka b\u00ebr\u00eb edhe pun\u00eb t\u00eb tjera t\u00eb ndershme p\u00ebr t\u00eb mbajtur familjen nd\u00ebrsa shton edhe dokumentet p\u00ebr t\u00eb cilat thot\u00eb se jan\u00eb prova p\u00ebr gazetar\u00ebt. <\/span><\/p>\n<p><span style=\"color: #000000;\">Tre nga dokumentet jan\u00eb Urdhri i Lart\u00eb i Infermierit dhe nga Shkolla e Lart\u00eb e Infermieris\u00eb. Sipas tyre, Ismaili leje p\u00ebr ushtrimin e profesionit deri n\u00eb vitin 2021 si dhe \u00ebsht\u00eb an\u00ebtar i Urdhrit t\u00eb Infermierit.<\/span><\/p>\n<p><img loading=\"lazy\" decoding=\"async\" class=\"aligncenter size-full wp-image-364370\" src=\"https:\/\/hashtag.al\/wp-content\/uploads\/2020\/03\/fiqiriismailijoq.PNG3_.jpg\" alt=\"\" width=\"1242\" height=\"932\" srcset=\"https:\/\/www.hashtag.al\/wp-content\/uploads\/2020\/03\/fiqiriismailijoq.PNG3_.jpg 1242w, https:\/\/www.hashtag.al\/wp-content\/uploads\/2020\/03\/fiqiriismailijoq.PNG3_-300x225.jpg 300w, https:\/\/www.hashtag.al\/wp-content\/uploads\/2020\/03\/fiqiriismailijoq.PNG3_-768x576.jpg 768w, https:\/\/www.hashtag.al\/wp-content\/uploads\/2020\/03\/fiqiriismailijoq.PNG3_-1024x768.jpg 1024w\" sizes=\"auto, (max-width: 1242px) 100vw, 1242px\" \/> <img loading=\"lazy\" decoding=\"async\" class=\"aligncenter size-full wp-image-364371\" src=\"https:\/\/hashtag.al\/wp-content\/uploads\/2020\/03\/fiqiriismailijoq.PNG2_.jpg\" alt=\"\" width=\"1143\" height=\"1524\" srcset=\"https:\/\/www.hashtag.al\/wp-content\/uploads\/2020\/03\/fiqiriismailijoq.PNG2_.jpg 1143w, https:\/\/www.hashtag.al\/wp-content\/uploads\/2020\/03\/fiqiriismailijoq.PNG2_-225x300.jpg 225w, https:\/\/www.hashtag.al\/wp-content\/uploads\/2020\/03\/fiqiriismailijoq.PNG2_-768x1024.jpg 768w\" sizes=\"auto, (max-width: 1143px) 100vw, 1143px\" \/> <img loading=\"lazy\" decoding=\"async\" class=\"aligncenter size-full wp-image-364372\" src=\"https:\/\/hashtag.al\/wp-content\/uploads\/2020\/03\/fiqiriismailijoq.png\" alt=\"\" width=\"660\" height=\"489\" srcset=\"https:\/\/www.hashtag.al\/wp-content\/uploads\/2020\/03\/fiqiriismailijoq.png 660w, https:\/\/www.hashtag.al\/wp-content\/uploads\/2020\/03\/fiqiriismailijoq-300x222.png 300w\" sizes=\"auto, (max-width: 660px) 100vw, 660px\" \/><\/p>\n","protected":false,"gt_translate_keys":[{"key":"rendered","format":"html"}]},"excerpt":{"rendered":"<p>Vajza e Qazim Ismailit, nj\u00ebrit nga 20 infermier\u00ebt shqiptar\u00eb q\u00eb jan\u00eb nisur drejt Italis\u00eb n\u00eb ndihm\u00eb t\u00eb koleg\u00ebve t\u00eb tyre ka reaguar pas lajmeve t\u00eb dit\u00ebs s\u00eb sotme, se ai ishte pompist karburanti. Ajo ka publikuar disa dokumente zyrtare q\u00eb tregojn\u00eb profesionin e babait t\u00eb saj. Dokumentet jan\u00eb botuar ekskluzivisht nga faqja JOQ Albania. N\u00eb [&hellip;]<\/p>\n","protected":false,"gt_translate_keys":[{"key":"rendered","format":"html"}]},"author":51,"featured_media":364373,"comment_status":"open","ping_status":"open","sticky":false,"template":"","format":"standard","meta":{"footnotes":""},"categories":[65,13],"tags":[],"class_list":["post-364369","post","type-post","status-publish","format-standard","has-post-thumbnail","hentry","category-lajme","category-te-fundit"],"gt_translate_keys":[{"key":"link","format":"url"}],"_links":{"self":[{"href":"https:\/\/www.hashtag.al\/index.php\/wp-json\/wp\/v2\/posts\/364369","targetHints":{"allow":["GET"]}}],"collection":[{"href":"https:\/\/www.hashtag.al\/index.php\/wp-json\/wp\/v2\/posts"}],"about":[{"href":"https:\/\/www.hashtag.al\/index.php\/wp-json\/wp\/v2\/types\/post"}],"author":[{"embeddable":true,"href":"https:\/\/www.hashtag.al\/index.php\/wp-json\/wp\/v2\/users\/51"}],"replies":[{"embeddable":true,"href":"https:\/\/www.hashtag.al\/index.php\/wp-json\/wp\/v2\/comments?post=364369"}],"version-history":[{"count":0,"href":"https:\/\/www.hashtag.al\/index.php\/wp-json\/wp\/v2\/posts\/364369\/revisions"}],"wp:featuredmedia":[{"embeddable":true,"href":"https:\/\/www.hashtag.al\/index.php\/wp-json\/wp\/v2\/media\/364373"}],"wp:attachment":[{"href":"https:\/\/www.hashtag.al\/index.php\/wp-json\/wp\/v2\/media?parent=364369"}],"wp:term":[{"taxonomy":"category","embeddable":true,"href":"https:\/\/www.hashtag.al\/index.php\/wp-json\/wp\/v2\/categories?post=364369"},{"taxonomy":"post_tag","embeddable":true,"href":"https:\/\/www.hashtag.al\/index.php\/wp-json\/wp\/v2\/tags?post=364369"}],"curies":[{"name":"wp","href":"https:\/\/api.w.org\/{rel}","templated":true}]}}