{"id":364001,"date":"2020-03-29T22:53:57","date_gmt":"2020-03-29T20:53:57","guid":{"rendered":"https:\/\/hashtag.al\/?p=364001"},"modified":"2020-03-29T22:53:57","modified_gmt":"2020-03-29T20:53:57","slug":"karantina-fillon-te-jape-efekt-ne-spanje-bie-numri-i-te-prekurve-nga-koronavirusi-i-ri","status":"publish","type":"post","link":"https:\/\/www.hashtag.al\/index.php\/2020\/03\/29\/karantina-fillon-te-jape-efekt-ne-spanje-bie-numri-i-te-prekurve-nga-koronavirusi-i-ri\/","title":{"rendered":"Karantina fillon t\u00eb jap\u00eb efekt n\u00eb Spanj\u00eb, bie numri i t\u00eb prekurve nga koronavirusi i ri","gt_translate_keys":[{"key":"rendered","format":"text"}]},"content":{"rendered":"<p><img loading=\"lazy\" decoding=\"async\" class=\"aligncenter size-full wp-image-364002\" src=\"https:\/\/hashtag.al\/wp-content\/uploads\/2020\/03\/spanjeviktima.jpg\" alt=\"\" width=\"980\" height=\"551\" srcset=\"https:\/\/www.hashtag.al\/wp-content\/uploads\/2020\/03\/spanjeviktima.jpg 980w, https:\/\/www.hashtag.al\/wp-content\/uploads\/2020\/03\/spanjeviktima-300x169.jpg 300w, https:\/\/www.hashtag.al\/wp-content\/uploads\/2020\/03\/spanjeviktima-768x432.jpg 768w\" sizes=\"auto, (max-width: 980px) 100vw, 980px\" \/><\/p>\n<p><span style=\"color: #000000;\">Spanja regjistroi nj\u00eb dit\u00eb tjet\u00ebr rekord vdekjesh lidhur me Covid-19 t\u00eb diel\u00ebn teksa 838 persona vdiq\u00ebn. <\/span><\/p>\n<p><span style=\"color: #000000;\">Sidoqoft\u00eb, shkalla e rasteve t\u00eb reja ra n\u00eb m\u00ebnyr\u00eb t\u00eb konsiderueshme pas masave t\u00eb marra nga qeveria duke kufizuar l\u00ebvizjet e duke v\u00ebn\u00eb qytetar\u00ebt n\u00eb karantin\u00eb.<\/span><\/p>\n<p><span style=\"color: #000000;\"> Zyrtar\u00ebt sh\u00ebndet\u00ebsor\u00eb njoftuan t\u00eb diel\u00ebn se 6,528 njer\u00ebz kan\u00eb vdekur deri tani lidhur me koronavirusin me gjithsej 78,797 njer\u00ebz t\u00eb infektuar.<\/span><\/p>\n<p><span style=\"color: #000000;\">Megjithat\u00eb numri i t\u00eb prekurve \u00ebsht\u00eb ulur ndjesh\u00ebm dhe kjo sugjeron se masat e marra nga autoritetet spanjolle m\u00eb 14 mars po e frenojn\u00eb p\u00ebrhapjen e virusit.<\/span><\/p>\n","protected":false,"gt_translate_keys":[{"key":"rendered","format":"html"}]},"excerpt":{"rendered":"<p>Spanja regjistroi nj\u00eb dit\u00eb tjet\u00ebr rekord vdekjesh lidhur me Covid-19 t\u00eb diel\u00ebn teksa 838 persona vdiq\u00ebn. Sidoqoft\u00eb, shkalla e rasteve t\u00eb reja ra n\u00eb m\u00ebnyr\u00eb t\u00eb konsiderueshme pas masave t\u00eb marra nga qeveria duke kufizuar l\u00ebvizjet e duke v\u00ebn\u00eb qytetar\u00ebt n\u00eb karantin\u00eb. Zyrtar\u00ebt sh\u00ebndet\u00ebsor\u00eb njoftuan t\u00eb diel\u00ebn se 6,528 njer\u00ebz kan\u00eb vdekur deri tani lidhur [&hellip;]<\/p>\n","protected":false,"gt_translate_keys":[{"key":"rendered","format":"html"}]},"author":51,"featured_media":364002,"comment_status":"open","ping_status":"open","sticky":false,"template":"","format":"standard","meta":{"footnotes":""},"categories":[6],"tags":[],"class_list":["post-364001","post","type-post","status-publish","format-standard","has-post-thumbnail","hentry","category-nderkombetare"],"gt_translate_keys":[{"key":"link","format":"url"}],"_links":{"self":[{"href":"https:\/\/www.hashtag.al\/index.php\/wp-json\/wp\/v2\/posts\/364001","targetHints":{"allow":["GET"]}}],"collection":[{"href":"https:\/\/www.hashtag.al\/index.php\/wp-json\/wp\/v2\/posts"}],"about":[{"href":"https:\/\/www.hashtag.al\/index.php\/wp-json\/wp\/v2\/types\/post"}],"author":[{"embeddable":true,"href":"https:\/\/www.hashtag.al\/index.php\/wp-json\/wp\/v2\/users\/51"}],"replies":[{"embeddable":true,"href":"https:\/\/www.hashtag.al\/index.php\/wp-json\/wp\/v2\/comments?post=364001"}],"version-history":[{"count":0,"href":"https:\/\/www.hashtag.al\/index.php\/wp-json\/wp\/v2\/posts\/364001\/revisions"}],"wp:featuredmedia":[{"embeddable":true,"href":"https:\/\/www.hashtag.al\/index.php\/wp-json\/wp\/v2\/media\/364002"}],"wp:attachment":[{"href":"https:\/\/www.hashtag.al\/index.php\/wp-json\/wp\/v2\/media?parent=364001"}],"wp:term":[{"taxonomy":"category","embeddable":true,"href":"https:\/\/www.hashtag.al\/index.php\/wp-json\/wp\/v2\/categories?post=364001"},{"taxonomy":"post_tag","embeddable":true,"href":"https:\/\/www.hashtag.al\/index.php\/wp-json\/wp\/v2\/tags?post=364001"}],"curies":[{"name":"wp","href":"https:\/\/api.w.org\/{rel}","templated":true}]}}