{"id":363994,"date":"2020-03-29T22:02:17","date_gmt":"2020-03-29T20:02:17","guid":{"rendered":"https:\/\/hashtag.al\/?p=363994"},"modified":"2020-03-29T22:02:17","modified_gmt":"2020-03-29T20:02:17","slug":"meta-per-median-italiane-se-harrojme-ndihmen-e-italise-pandemia-sfide-e-perbashket","status":"publish","type":"post","link":"https:\/\/www.hashtag.al\/index.php\/2020\/03\/29\/meta-per-median-italiane-se-harrojme-ndihmen-e-italise-pandemia-sfide-e-perbashket\/","title":{"rendered":"Meta p\u00ebr median italiane: S&#8217;e harrojm\u00eb ndihm\u00ebn e Italis\u00eb, pandemia sfid\u00eb e p\u00ebrbashk\u00ebt","gt_translate_keys":[{"key":"rendered","format":"text"}]},"content":{"rendered":"<p><img loading=\"lazy\" decoding=\"async\" class=\"aligncenter size-full wp-image-363995\" src=\"https:\/\/hashtag.al\/wp-content\/uploads\/2020\/03\/metainterviste-e1585511984862.jpg\" alt=\"\" width=\"512\" height=\"341\" srcset=\"https:\/\/www.hashtag.al\/wp-content\/uploads\/2020\/03\/metainterviste-e1585511984862.jpg 512w, https:\/\/www.hashtag.al\/wp-content\/uploads\/2020\/03\/metainterviste-e1585511984862-300x200.jpg 300w\" sizes=\"auto, (max-width: 512px) 100vw, 512px\" \/><\/p>\n<p><span style=\"color: #000000;\">Presidenti Meta ka dh\u00ebn\u00eb nj\u00eb intervist\u00eb p\u00ebr median italian\u00eb ADN Kronos. <\/span><\/p>\n<p><span style=\"color: #000000;\">Kreu i shtetit ka theksuar se Europa po p\u00ebrballet me v\u00ebshtir\u00ebsi t\u00eb m\u00ebdha por ajo ka kaluar m\u00eb par\u00eb periudha shum\u00eb m\u00eb t\u00eb v\u00ebshtira duke kujtuar luft\u00ebrat bot\u00ebrore<\/span><\/p>\n<p><span style=\"color: #000000;\"><em>\u201cPor, m\u00eb lejoni t\u2019ju them, se Europa ka kaluar periudha shum\u00eb m\u00eb t\u00eb v\u00ebshtira, p\u00ebrfshir\u00eb dy Luft\u00ebra Bot\u00ebrore n\u00eb shekullin e kaluar. \u00cbsht\u00eb e domosdoshme q\u00eb n\u00eb projektin europian t\u00eb kishte hap\u00ebsir\u00eb, si p\u00ebr t\u00eb mirat q\u00eb sjell integrimi dhe tregu i p\u00ebrbashk\u00ebt, por gjithashtu do t\u00eb ishte e nevojshme t\u00eb ruhen traditat dhe kultura, t\u00eb gjitha n\u00eb em\u00ebr t\u00eb liris\u00eb dhe demokracis\u00eb.\u201d <\/em>&#8211; \u00a0tha Meta.<\/span><\/p>\n<p><span style=\"color: #000000;\">PANDEMIA<\/span><\/p>\n<p><span style=\"color: #000000;\"><em>\u201cPandemia e shkaktuar nga coronavirusi \u00ebsht\u00eb nj\u00eb rrezik i p\u00ebrbashk\u00ebt q\u00eb k\u00ebrc\u00ebnon vendet dhe qytetar\u00ebt tan\u00eb\u201d<\/em>. <\/span><\/p>\n<p><span style=\"color: #000000;\">Kjo u n\u00ebnvizua nga Presidenti i Republik\u00ebs s\u00eb Shqip\u00ebris\u00eb, Ilir Meta, n\u00eb nj\u00eb intervist\u00eb p\u00ebr ADNKronos, pasi vendi i tij d\u00ebrgoi 30 mjek\u00eb dhe infermier\u00eb n\u00eb Itali, p\u00ebr t\u00eb ndihmuar n\u00eb p\u00ebrballimin e pasojave t\u00eb infeksionit.<\/span><\/p>\n<p><span style=\"color: #000000;\">\u201cFatkeq\u00ebsisht Italia \u2013 vazhdon Meta \u2013 po paguan nj\u00eb \u00e7mim shum\u00eb t\u00eb lart\u00eb\u201d. Prandaj, p\u00ebr Shqip\u00ebrin\u00eb \u201ct\u00eb qenit n\u00eb ndihm\u00eb t\u00eb popullit italian sot nuk \u00ebsht\u00eb vet\u00ebm nj\u00eb gjest ndihme dhe solidariteti, por edhe nj\u00eb mund\u00ebsi p\u00ebr t\u00eb shk\u00ebmbyer p\u00ebrvoj\u00eb p\u00ebr mjek\u00ebt tan\u00eb t\u00eb rinj dhe stafin sh\u00ebndet\u00ebsore, p\u00ebr t\u00eb ndihmuar zonat m\u00eb t\u00eb prekura\u201d.<\/span><\/p>\n<p><span style=\"color: #000000;\">\u201cHistoria e ndihm\u00ebs reciproke nd\u00ebrmjet popujve tan\u00eb, \u2013 vazhdon Meta \u2013 daton shekuj m\u00eb par\u00eb, kur shqiptar\u00ebt u b\u00ebn\u00eb diga q\u00eb ndaloi pushtimin otoman, s\u00eb pari t\u00eb Italis\u00eb dhe m\u00eb pas t\u00eb Europ\u00ebs, periudh\u00eb q\u00eb zgjati p\u00ebr shum\u00eb vite e shum\u00eb shekuj. K\u00ebt\u00eb lidhje t\u00eb fort\u00eb e d\u00ebshmojn\u00eb gjithashtu Komuniteti i vjet\u00ebr arb\u00ebresh n\u00eb Itali q\u00eb jetojn\u00eb n\u00eb Si\u00e7ili, Kalabri, Basilicata, Puglia, Campania, Molise, Lazio dhe Abruzzo\u201d. Por, gjithashtu edhe komuniteti i ri i shqiptar\u00ebve q\u00eb mb\u00ebrriti n\u00eb Itali pas vitit 1990, nj\u00eb pjes\u00eb sot qytetar\u00eb italian\u00eb, dhe rezident\u00eb pik\u00ebrisht n\u00eb zonat m\u00eb t\u00eb prekura nga pandemia.<\/span><\/p>\n<p><span style=\"color: #000000;\">\u201cSi mund ta harrojm\u00eb, \u2013 shton Meta \u2013 Italin\u00eb dhe ndihm\u00ebn e saj n\u00eb t\u00eb gjitha krizat shqiptare nga viti 1991 deri n\u00eb 1997, gjat\u00eb luft\u00ebs s\u00eb Kosov\u00ebs s\u00eb vitit 1999 dhe t\u00ebrmeti i fundit i 2019. Ne jemi dy vende fqinje dhe dy popuj fqinj. Un\u00eb e them shpesh, gjith\u00e7ka mund t\u00eb ndryshoj\u00eb, por gjeografia nuk mundet\u201d.<\/span><\/p>\n<p><span style=\"color: #000000;\">P\u00ebr Met\u00ebn, vendet tona jan\u00eb n\u00eb t\u00eb nj\u00ebjt\u00ebn vark\u00eb: \u201cNj\u00eb sukses p\u00ebr Italin\u00eb kund\u00ebr coronavirusit do t\u00eb ishte gjithashtu nj\u00eb avantazh i madh p\u00ebr Shqip\u00ebrin\u00eb n\u00eb luft\u00ebn e saj kund\u00ebr virusit\u201d. Gjithashtu Presidenti i Republik\u00ebs shqiptare shpreh \u201cngush\u00ebllimet e tij p\u00ebr t\u00eb gjith\u00eb familjar\u00ebt e viktimave t\u00eb Covid-19 dhe autoritetet italiane\u201d.<\/span><\/p>\n<p><span style=\"color: #000000;\">INTEGRIMI<\/span><\/p>\n<p><span style=\"color: #000000;\">\u201cShqip\u00ebria ka nisur para nj\u00eb kohe t\u00eb gjat\u00eb procesin e integrimit europian. Un\u00eb jam optimist se do t\u00eb jemi n\u00eb gjendje t\u00eb vazhdojm\u00eb n\u00eb rrug\u00ebn q\u00eb kemi nisur, pavar\u00ebsisht t\u00eb gjitha v\u00ebshtir\u00ebsive q\u00eb kemi hasur\u201d, \u2013 shprehet p\u00ebr ADNKronos Presidenti i Republik\u00ebs s\u00eb Shqip\u00ebris\u00eb, Ilir Meta.<\/span><\/p>\n<p><span style=\"color: #000000;\">S\u00eb fundmi K\u00ebshilli Europian i ka hapur rrug\u00ebn fillimit t\u00eb negociatave p\u00ebr pranimin e Shqip\u00ebris\u00eb n\u00eb BE, s\u00eb bashku me Maqedonin\u00eb e Veriut. \u201cKur them integrimin europian, \u2013 shton Presidenti \u2013 konsideroj bashk\u00ebpunimin e ngusht\u00eb, para s\u00eb gjithash me vendeve fqinje, dhe p\u00ebr rrjedhoj\u00eb edhe me komunitetin e vjet\u00ebr dhe t\u00eb ri shqiptar n\u00eb Itali, q\u00eb nuk \u00ebsht\u00eb nj\u00eb mur, por nj\u00eb ur\u00eb shum\u00eb e fort\u00eb p\u00ebr integrimin\u201d, \u2013 p\u00ebrfundon Meta.<\/span><\/p>\n","protected":false,"gt_translate_keys":[{"key":"rendered","format":"html"}]},"excerpt":{"rendered":"<p>Presidenti Meta ka dh\u00ebn\u00eb nj\u00eb intervist\u00eb p\u00ebr median italian\u00eb ADN Kronos. Kreu i shtetit ka theksuar se Europa po p\u00ebrballet me v\u00ebshtir\u00ebsi t\u00eb m\u00ebdha por ajo ka kaluar m\u00eb par\u00eb periudha shum\u00eb m\u00eb t\u00eb v\u00ebshtira duke kujtuar luft\u00ebrat bot\u00ebrore \u201cPor, m\u00eb lejoni t\u2019ju them, se Europa ka kaluar periudha shum\u00eb m\u00eb t\u00eb v\u00ebshtira, p\u00ebrfshir\u00eb dy [&hellip;]<\/p>\n","protected":false,"gt_translate_keys":[{"key":"rendered","format":"html"}]},"author":51,"featured_media":363995,"comment_status":"open","ping_status":"open","sticky":false,"template":"","format":"standard","meta":{"footnotes":""},"categories":[65,13],"tags":[],"class_list":["post-363994","post","type-post","status-publish","format-standard","has-post-thumbnail","hentry","category-lajme","category-te-fundit"],"gt_translate_keys":[{"key":"link","format":"url"}],"_links":{"self":[{"href":"https:\/\/www.hashtag.al\/index.php\/wp-json\/wp\/v2\/posts\/363994","targetHints":{"allow":["GET"]}}],"collection":[{"href":"https:\/\/www.hashtag.al\/index.php\/wp-json\/wp\/v2\/posts"}],"about":[{"href":"https:\/\/www.hashtag.al\/index.php\/wp-json\/wp\/v2\/types\/post"}],"author":[{"embeddable":true,"href":"https:\/\/www.hashtag.al\/index.php\/wp-json\/wp\/v2\/users\/51"}],"replies":[{"embeddable":true,"href":"https:\/\/www.hashtag.al\/index.php\/wp-json\/wp\/v2\/comments?post=363994"}],"version-history":[{"count":0,"href":"https:\/\/www.hashtag.al\/index.php\/wp-json\/wp\/v2\/posts\/363994\/revisions"}],"wp:featuredmedia":[{"embeddable":true,"href":"https:\/\/www.hashtag.al\/index.php\/wp-json\/wp\/v2\/media\/363995"}],"wp:attachment":[{"href":"https:\/\/www.hashtag.al\/index.php\/wp-json\/wp\/v2\/media?parent=363994"}],"wp:term":[{"taxonomy":"category","embeddable":true,"href":"https:\/\/www.hashtag.al\/index.php\/wp-json\/wp\/v2\/categories?post=363994"},{"taxonomy":"post_tag","embeddable":true,"href":"https:\/\/www.hashtag.al\/index.php\/wp-json\/wp\/v2\/tags?post=363994"}],"curies":[{"name":"wp","href":"https:\/\/api.w.org\/{rel}","templated":true}]}}