{"id":363926,"date":"2020-03-29T14:42:36","date_gmt":"2020-03-29T12:42:36","guid":{"rendered":"https:\/\/hashtag.al\/?p=363926"},"modified":"2020-03-29T14:42:36","modified_gmt":"2020-03-29T12:42:36","slug":"hapet-spitali-covid-2-shtrohet-pacienti-i-pare-ne-shefqet-ndroqi","status":"publish","type":"post","link":"https:\/\/www.hashtag.al\/index.php\/2020\/03\/29\/hapet-spitali-covid-2-shtrohet-pacienti-i-pare-ne-shefqet-ndroqi\/","title":{"rendered":"Hapet spitali COVID-2, shtrohet pacienti i par\u00eb n\u00eb \u201cShefqet Ndroqi\u201d","gt_translate_keys":[{"key":"rendered","format":"text"}]},"content":{"rendered":"<p><img loading=\"lazy\" decoding=\"async\" class=\"aligncenter size-full wp-image-361898\" src=\"https:\/\/hashtag.al\/wp-content\/uploads\/2020\/03\/manastirliu-9.jpg\" alt=\"\" width=\"1024\" height=\"582\" srcset=\"https:\/\/www.hashtag.al\/wp-content\/uploads\/2020\/03\/manastirliu-9.jpg 1024w, https:\/\/www.hashtag.al\/wp-content\/uploads\/2020\/03\/manastirliu-9-300x171.jpg 300w, https:\/\/www.hashtag.al\/wp-content\/uploads\/2020\/03\/manastirliu-9-768x437.jpg 768w\" sizes=\"auto, (max-width: 1024px) 100vw, 1024px\" \/><\/p>\n<p><span style=\"color: #000000;\">Spitali Infektiv n\u00eb QSUT duket se i ka mbushur kapacitetet me pacient\u00eb t\u00eb shtruar t\u00eb infektuar me koronavirus.<\/span><\/p>\n<p><span style=\"color: #000000;\">Ministrja e Sh\u00ebndet\u00ebsis\u00eb, ka b\u00ebr\u00eb me dije se n\u00eb spitalin COVID-2 \u00ebsht\u00eb shtruar pacienti i par\u00eb.<\/span><\/p>\n<p><span style=\"color: #000000;\">Nd\u00ebrsa pacient\u00ebt e shtruar m\u00eb par\u00eb te Shefqet Ndroqi, jan\u00eb transferuar n\u00eb spitalin e Elbasanit.<\/span><\/p>\n<p><span style=\"color: #000000;\">Me rritjen e numrit t\u00eb t\u00eb infektuarve jan\u00eb shtuar edhe numri i pacent\u00ebve q\u00eb k\u00ebrkojn\u00eb ndihm\u00eb n\u00eb spital, duke b\u00ebr\u00eb q\u00eb t\u00eb plot\u00ebsohen shtret\u00ebrit te spitali infektiv.<\/span><\/p>\n<p><span style=\"color: #000000;\">Dit\u00ebn e sotme numri shkoi n\u00eb 212 persona nd\u00ebrsa raste t\u00eb reja u regjistruan 15. Deri m\u00eb tani nga COVID-19 kan\u00eb humbur jet\u00ebn 10 persona, nd\u00ebrsa t\u00eb sh\u00ebruar jan\u00eb 40 persona ku 8 mes tyre jan\u00eb personel sh\u00ebndet\u00ebsor.<\/span><\/p>\n","protected":false,"gt_translate_keys":[{"key":"rendered","format":"html"}]},"excerpt":{"rendered":"<p>Spitali Infektiv n\u00eb QSUT duket se i ka mbushur kapacitetet me pacient\u00eb t\u00eb shtruar t\u00eb infektuar me koronavirus. Ministrja e Sh\u00ebndet\u00ebsis\u00eb, ka b\u00ebr\u00eb me dije se n\u00eb spitalin COVID-2 \u00ebsht\u00eb shtruar pacienti i par\u00eb. Nd\u00ebrsa pacient\u00ebt e shtruar m\u00eb par\u00eb te Shefqet Ndroqi, jan\u00eb transferuar n\u00eb spitalin e Elbasanit. Me rritjen e numrit t\u00eb t\u00eb [&hellip;]<\/p>\n","protected":false,"gt_translate_keys":[{"key":"rendered","format":"html"}]},"author":32,"featured_media":361898,"comment_status":"open","ping_status":"open","sticky":false,"template":"","format":"standard","meta":{"footnotes":""},"categories":[65,13],"tags":[],"class_list":["post-363926","post","type-post","status-publish","format-standard","has-post-thumbnail","hentry","category-lajme","category-te-fundit"],"gt_translate_keys":[{"key":"link","format":"url"}],"_links":{"self":[{"href":"https:\/\/www.hashtag.al\/index.php\/wp-json\/wp\/v2\/posts\/363926","targetHints":{"allow":["GET"]}}],"collection":[{"href":"https:\/\/www.hashtag.al\/index.php\/wp-json\/wp\/v2\/posts"}],"about":[{"href":"https:\/\/www.hashtag.al\/index.php\/wp-json\/wp\/v2\/types\/post"}],"author":[{"embeddable":true,"href":"https:\/\/www.hashtag.al\/index.php\/wp-json\/wp\/v2\/users\/32"}],"replies":[{"embeddable":true,"href":"https:\/\/www.hashtag.al\/index.php\/wp-json\/wp\/v2\/comments?post=363926"}],"version-history":[{"count":0,"href":"https:\/\/www.hashtag.al\/index.php\/wp-json\/wp\/v2\/posts\/363926\/revisions"}],"wp:featuredmedia":[{"embeddable":true,"href":"https:\/\/www.hashtag.al\/index.php\/wp-json\/wp\/v2\/media\/361898"}],"wp:attachment":[{"href":"https:\/\/www.hashtag.al\/index.php\/wp-json\/wp\/v2\/media?parent=363926"}],"wp:term":[{"taxonomy":"category","embeddable":true,"href":"https:\/\/www.hashtag.al\/index.php\/wp-json\/wp\/v2\/categories?post=363926"},{"taxonomy":"post_tag","embeddable":true,"href":"https:\/\/www.hashtag.al\/index.php\/wp-json\/wp\/v2\/tags?post=363926"}],"curies":[{"name":"wp","href":"https:\/\/api.w.org\/{rel}","templated":true}]}}