{"id":363922,"date":"2020-03-29T14:25:04","date_gmt":"2020-03-29T12:25:04","guid":{"rendered":"https:\/\/hashtag.al\/?p=363922"},"modified":"2020-03-29T15:59:38","modified_gmt":"2020-03-29T13:59:38","slug":"vokshi-propaganda-nuk-mbron-stafin-mjekesor-infektohet-edhe-nje-tjeter-ne-mirdite","status":"publish","type":"post","link":"https:\/\/www.hashtag.al\/index.php\/2020\/03\/29\/vokshi-propaganda-nuk-mbron-stafin-mjekesor-infektohet-edhe-nje-tjeter-ne-mirdite\/","title":{"rendered":"Vokshi: Propaganda nuk mbron stafin mjek\u00ebsor, infektohet edhe nj\u00eb tjet\u00ebr n\u00eb Mirdit\u00eb","gt_translate_keys":[{"key":"rendered","format":"text"}]},"content":{"rendered":"<p><img loading=\"lazy\" decoding=\"async\" class=\"aligncenter size-full wp-image-348939\" src=\"https:\/\/hashtag.al\/wp-content\/uploads\/2020\/01\/VOKSHI.jpg\" alt=\"\" width=\"1280\" height=\"853\" srcset=\"https:\/\/www.hashtag.al\/wp-content\/uploads\/2020\/01\/VOKSHI.jpg 1280w, https:\/\/www.hashtag.al\/wp-content\/uploads\/2020\/01\/VOKSHI-300x200.jpg 300w, https:\/\/www.hashtag.al\/wp-content\/uploads\/2020\/01\/VOKSHI-768x512.jpg 768w, https:\/\/www.hashtag.al\/wp-content\/uploads\/2020\/01\/VOKSHI-1024x682.jpg 1024w\" sizes=\"auto, (max-width: 1280px) 100vw, 1280px\" \/><\/p>\n<p><span style=\"color: #000000;\">Ish-deputetja e Partis\u00eb Demokratike, Albana Vokshi ka ngritur akuza ndaj qeveris\u00eb pas konfirmimit t\u00eb nj\u00eb rasti n\u00eb Mirdit\u00eb pjes\u00eb e stafit t\u00eb spitalit t\u00eb Mirdit\u00ebs.<\/span><\/p>\n<p><span style=\"color: #000000;\">Vokshi k\u00ebrkon shp\u00ebrndarjen e pajisjeve mbrojt\u00ebse pasi deri m\u00eb tani nuk \u00ebsht\u00eb marr\u00eb asnj\u00eb mas\u00eb p\u00ebr ta.<\/span><\/p>\n<p><span style=\"color: #000000;\">Propaganda nuk i mbron stafet mjek\u00ebsore por duhet q\u00eb t\u00eb shp\u00ebrndahen maskat dhe dorezat q\u00eb u blen\u00eb nga Turqia.<\/span><\/p>\n<p><span style=\"color: #000000;\"><strong>Postimi i plot\u00eb:<\/strong><\/span><\/p>\n<p><span style=\"color: #000000;\">Nj\u00eb tjet\u00ebr person n\u00eb stafin e spitalit t\u00eb Mirdit\u00ebs \u00ebsht\u00eb prekur nga COVID -9. Arsyeja? Asnj\u00eb mas\u00eb mbrojt\u00ebse p\u00ebr ta.<\/span><\/p>\n<p><span style=\"color: #000000;\">Pse nuk shp\u00ebrndahen veshjet, maskat, dorezat q\u00eb erdh\u00ebn nga Turqia e u propaganduan me t\u00eb madhe nga Ministrja? Ato nuk duhen vet\u00ebm p\u00ebr shown e Kryeministrit e t\u00eb Ministreve n\u00eb Rinas.<\/span><\/p>\n<p><span style=\"color: #000000;\">Propaganda nuk i mbron mjek\u00ebt, infermier\u00ebt, stafin mb\u00ebshtet\u00ebs.<\/span><\/p>\n<p><span style=\"color: #000000;\">M\u00eb e keqja \u00ebsht\u00eb se deri m\u00eb tani asnj\u00eb test nuk \u00ebsht\u00eb b\u00ebr\u00eb p\u00ebr familjar\u00ebt apo kontaktet q\u00eb ka pasur personi i prekur, nd\u00ebrkoh\u00eb q\u00eb jav\u00ebn e fundit ka pasur probleme sh\u00ebndeti e ka b\u00ebr\u00eb vizita me mjek\u00eb t\u00eb tjer\u00eb n\u00eb spital.<\/span><\/p>\n<p><span style=\"color: #000000;\">Nd\u00ebrkoh\u00eb q\u00eb qytetar\u00ebve po ju hiqen ve\u00e7 me urdh\u00ebr t\u00eb \u201cliderit t\u00eb drejta themelore e po binden t\u00eb izoluar n\u00eb sht\u00ebpit\u00eb e tyre, Qeveria duket se nuk po b\u00ebn detyrat e saj:<\/span><\/p>\n<p><span style=\"color: #000000;\">&#8211; P\u00ebr t\u00eb mbrojtur stafin mjek\u00ebsor, duke shp\u00ebrndar\u00eb n\u00eb m\u00ebnyr\u00eb urgjente mjetet mbrojt\u00ebse p\u00ebr t\u00eb gjith\u00eb personelin e spitaleve dhe qendrave sh\u00ebndet\u00ebsore (mjek\u00ebsor dhe mb\u00ebshtet\u00ebs);<\/span><br \/>\n<span style=\"color: #000000;\">&#8211; P\u00ebr t\u00eb kryer testet e nevojshme \u00e7do familjari, kontakti t\u00eb t\u00eb prekurve, t\u00eb ndjek\u00eb rastin n\u00eb m\u00ebnyr\u00eb qe ta izoloj\u00eb e ta trajtoj\u00eb.<\/span><\/p>\n<p><span style=\"color: #000000;\">Ministria e Sh\u00ebndet\u00ebsis\u00eb t\u00eb l\u00ebr\u00eb propagand\u00ebn, e t\u2019i p\u00ebrvishet pun\u00ebs me seriozitet.<\/span><\/p>\n<p><span style=\"color: #000000;\">Koha nuk pret sa t\u00eb mbarojn\u00eb shfaqjet n\u00eb ERTV. Sh\u00ebndeti dhe jeta e \u00e7do mjeku dhe \u00e7do qytetari \u00ebsht\u00eb e shtrenjt\u00eb!<\/span><\/p>\n","protected":false,"gt_translate_keys":[{"key":"rendered","format":"html"}]},"excerpt":{"rendered":"<p>Ish-deputetja e Partis\u00eb Demokratike, Albana Vokshi ka ngritur akuza ndaj qeveris\u00eb pas konfirmimit t\u00eb nj\u00eb rasti n\u00eb Mirdit\u00eb pjes\u00eb e stafit t\u00eb spitalit t\u00eb Mirdit\u00ebs. Vokshi k\u00ebrkon shp\u00ebrndarjen e pajisjeve mbrojt\u00ebse pasi deri m\u00eb tani nuk \u00ebsht\u00eb marr\u00eb asnj\u00eb mas\u00eb p\u00ebr ta. Propaganda nuk i mbron stafet mjek\u00ebsore por duhet q\u00eb t\u00eb shp\u00ebrndahen maskat dhe [&hellip;]<\/p>\n","protected":false,"gt_translate_keys":[{"key":"rendered","format":"html"}]},"author":32,"featured_media":348939,"comment_status":"open","ping_status":"open","sticky":false,"template":"","format":"standard","meta":{"footnotes":""},"categories":[65,13],"tags":[],"class_list":["post-363922","post","type-post","status-publish","format-standard","has-post-thumbnail","hentry","category-lajme","category-te-fundit"],"gt_translate_keys":[{"key":"link","format":"url"}],"_links":{"self":[{"href":"https:\/\/www.hashtag.al\/index.php\/wp-json\/wp\/v2\/posts\/363922","targetHints":{"allow":["GET"]}}],"collection":[{"href":"https:\/\/www.hashtag.al\/index.php\/wp-json\/wp\/v2\/posts"}],"about":[{"href":"https:\/\/www.hashtag.al\/index.php\/wp-json\/wp\/v2\/types\/post"}],"author":[{"embeddable":true,"href":"https:\/\/www.hashtag.al\/index.php\/wp-json\/wp\/v2\/users\/32"}],"replies":[{"embeddable":true,"href":"https:\/\/www.hashtag.al\/index.php\/wp-json\/wp\/v2\/comments?post=363922"}],"version-history":[{"count":0,"href":"https:\/\/www.hashtag.al\/index.php\/wp-json\/wp\/v2\/posts\/363922\/revisions"}],"wp:featuredmedia":[{"embeddable":true,"href":"https:\/\/www.hashtag.al\/index.php\/wp-json\/wp\/v2\/media\/348939"}],"wp:attachment":[{"href":"https:\/\/www.hashtag.al\/index.php\/wp-json\/wp\/v2\/media?parent=363922"}],"wp:term":[{"taxonomy":"category","embeddable":true,"href":"https:\/\/www.hashtag.al\/index.php\/wp-json\/wp\/v2\/categories?post=363922"},{"taxonomy":"post_tag","embeddable":true,"href":"https:\/\/www.hashtag.al\/index.php\/wp-json\/wp\/v2\/tags?post=363922"}],"curies":[{"name":"wp","href":"https:\/\/api.w.org\/{rel}","templated":true}]}}